{"id":427932,"date":"2025-09-30T06:22:10","date_gmt":"2025-09-30T06:22:10","guid":{"rendered":"https:\/\/www.europesays.com\/fr\/427932\/"},"modified":"2025-09-30T06:22:10","modified_gmt":"2025-09-30T06:22:10","slug":"ciblee-par-un-rapport-accablant-cette-prison-en-travaux","status":"publish","type":"post","link":"https:\/\/www.europesays.com\/fr\/427932\/","title":{"rendered":"cibl\u00e9e par un rapport accablant, cette prison en travaux"},"content":{"rendered":"<p>            Par<br \/>\n        <strong><br \/>\n            <a href=\"https:\/\/actu.fr\/auteur\/redaction-marseille\" title=\"Consulter tous les articles de R\u00e9daction Marseille\" target=\"_blank\" rel=\"noopener\">R\u00e9daction Marseille<\/a><br \/>\n        <\/strong><\/p>\n<p>        Publi\u00e9 le<\/p>\n<p>            30 sept. 2025 \u00e0 6h44        <\/p>\n<p>\u00ab\u2009De graves atteintes\u2009\u00bb avaient \u00e9t\u00e9 point\u00e9es du doigt. Un mois apr\u00e8s <a href=\"https:\/\/actu.fr\/provence-alpes-cote-d-azur\/marseille_13055\/cette-autorite-souhaite-fermer-la-prison-pour-mineurs-de-marseille-de-graves-atteintes_63092203.html\" target=\"_blank\" rel=\"noopener\">un rapport accablant<\/a> pr\u00e9conisant sa \u00ab\u2009fermeture\u2009\u00bb, la prison pour mineurs de <a href=\"https:\/\/actu.fr\/marseille\/\" target=\"_blank\" rel=\"noopener\">Marseille<\/a>, d\u00e9nonc\u00e9e pour ses conditions indignes d\u2019incarc\u00e9ration, vient d\u2019achever de premiers <a href=\"https:\/\/actu.fr\/tag\/travaux\" target=\"_blank\" rel=\"noopener\">travaux<\/a>, avant le lancement en octobre d\u2019un <strong>programme global de r\u00e9novation.<\/strong><\/p>\n<p>Un chantier alors qu\u2019il y a moins de d\u00e9tenus<\/p>\n<p class=\" wall-content\">Peinture immacul\u00e9e, mobilier restaur\u00e9, sol et sanitaires refaits \u00e0 neuf, l\u2019unit\u00e9 n\u00b06 est, avec ses quatre cellules encore inoccup\u00e9es, la plus petite des sept unit\u00e9s de d\u00e9tention de l\u2019\u00c9tablissement p\u00e9nitentiaire pour mineurs (EPM) de La Valentine. D\u2019ici \u00e0 l\u2019<strong>\u00e9t\u00e9 2026,<\/strong> l\u2019ensemble des unit\u00e9s devraient \u00eatre r\u00e9habilit\u00e9es.<\/p>\n<p class=\" wall-content\">\u00ab\u2009Cet \u00e9t\u00e9, nous avions 57 d\u00e9tenus [pour 59 places], nous sommes maintenant \u00e0 38, ce qui nous permet de planifier les travaux\u2009\u00bb, expose le directeur-adjoint de l\u2019EPM \u00e0 <strong>la s\u00e9natrice \u00e9cologiste de Paris, Anne Souyris,<\/strong> en visite inopin\u00e9e de l\u2019\u00e9tablissement samedi, accompagn\u00e9e de journalistes.<\/p>\n<p class=\" wall-content\">Selon un responsable qui n\u2019a pas souhait\u00e9 \u00eatre identifi\u00e9, \u00ab\u2009il n\u2019y a pas eu d\u2019instruction pour ne pas \u00e9crouer\u2009\u00bb, mais <strong>\u00ab\u2009certains magistrats \u00e9vitent d\u2019incarc\u00e9rer sur l\u2019EPM\u2009\u00bb<\/strong> depuis la publication fin ao\u00fbt du rapport de la contr\u00f4leure g\u00e9n\u00e9rale des lieux de privation de libert\u00e9 (CGLPL).<\/p>\n<p class=\" wall-content\">\n<p>\u00ab\u2009Tr\u00e8s mal v\u00e9cu par les personnels\u2009\u00bb<\/p>\n<p class=\" wall-content\">Un rapport \u00ab\u2009tr\u00e8s tr\u00e8s mal v\u00e9cu par les personnels\u2009\u00bb, confie-t-il, sans nier le manque d\u2019effectifs et de moyens, et <strong>\u00ab\u2009l\u2019\u00e9tat tr\u00e8s d\u00e9grad\u00e9 de certaines cellules\u2009\u00bb,<\/strong> imput\u00e9 aux d\u00e9tenus.<\/p>\n<p class=\" wall-content\">Sur les murs des unit\u00e9s de d\u00e9tention, de longs lambeaux de draps d\u00e9chir\u00e9s pendent aux fen\u00eatres, des \u00ab\u2009yoyos\u2009\u00bb qui permettent aux d\u00e9tenus d\u2019envoyer des objets d\u2019une cellule \u00e0 l\u2019autre. D., 17\u00a0ans, a lest\u00e9 le sien avec un morceau de mousse pr\u00e9lev\u00e9 sur son matelas et s\u2019en sert pour \u00ab\u2009passer des trucs, comme des CD\u2026\u2009\u00bb<\/p>\n<p class=\" wall-content\">Incarc\u00e9r\u00e9 depuis un an dans l\u2019unit\u00e9 n\u00b03, D. est arriv\u00e9 \u00e0 Marseille en 2022 depuis la Tunisie. D\u00e9j\u00e0 arr\u00eat\u00e9 cinq fois pour<strong> \u00ab\u2009du deal de coke\u2009\u00bb,<\/strong> il purge sa deuxi\u00e8me peine \u00e0 La Valentine.<br \/>D. n\u2019a \u00ab\u2009rien \u00e0 dire\u2009\u00bb sur ses conditions de d\u00e9tention, rechigne aux cours th\u00e9oriquement obligatoires et reste interloqu\u00e9 quand la s\u00e9natrice \u00e9voque la possibilit\u00e9 de passer un dipl\u00f4me. \u00ab\u2009\u00c7a va, on fait nos petites b\u00eatises\u2026\u2009\u00bb<\/p>\n<p>Votre r\u00e9gion, votre actu !<\/p>\n<p>Recevez chaque jour les infos qui comptent pour vous.<\/p>\n<p>\t<a href=\"https:\/\/actu.fr\/newsletter\" class=\"ac-btn ac-btn--corner ac-btn--medium ac-btn--blue800\" target=\"_blank\" rel=\"noopener\">S&rsquo;incrire<\/a><br \/>\nMatelas \u00ab\u2009trop dur\u2009\u00bb, eau \u00ab\u2009ti\u00e8de\u2009\u00bb<\/p>\n<p class=\" wall-content\">\u00ab\u2009On a actuellement une dizaine de mineurs qu\u2019on voit tr\u00e8s r\u00e9guli\u00e8rement, parfois <strong>jusqu\u2019\u00e0 six ou sept fois avant leur majorit\u00e9<\/strong>\u2009\u00bb, commente le directeur-adjoint.<\/p>\n<p class=\" wall-content\">Y., 17\u00a0ans, originaire de Nice, est \u00e0 l\u2019EPM depuis quatre mois. Lui aussi \u00e9voque les \u00ab\u2009b\u00eatises\u2009\u00bb qui lui ont valu son transfert \u00e0 l\u2019unit\u00e9 n\u00b01, <strong>r\u00e9serv\u00e9e aux cas n\u00e9cessitant une \u00ab\u2009gestion individualis\u00e9e\u2009\u00bb.<\/strong><\/p>\n<p class=\" wall-content\">Les murs sont couverts de graffitis salaces ou injurieux, les sanitaires souill\u00e9s. <strong>\u00ab\u2009On m\u2019a mis ici pour des bagarres\u2009\u00bb,<\/strong> mais il esp\u00e8re retourner d\u2019ici \u00e0 deux semaines dans son unit\u00e9 d\u2019origine, \u00ab\u2009plus propre\u2009\u00bb. \u00ab\u2009Il faut que \u00e7a ferme ici\u2009!\u2009\u00bb \u00c0 la s\u00e9natrice, il se plaint de son matelas \u00ab\u2009trop dur\u2009\u00bb, de l\u2019eau \u00ab\u2009ti\u00e8de\u2009\u00bb de la douche, mais appr\u00e9cie les activit\u00e9s, sport ou ateliers.<\/p>\n<p class=\" wall-content\">Comme 70\u2009% des d\u00e9tenus de l\u2019EPM, Y. est en attente de jugement, \u00ab\u2009depuis quatre mois\u2009\u00bb.<\/p>\n<p>De quelques semaines \u00e0 plusieurs ann\u00e9es<\/p>\n<p class=\" wall-content\">En moyenne, les mineurs, de plus de 16\u00a0ans pour 81\u2009% d\u2019entre eux, restent incarc\u00e9r\u00e9s un mois et 20\u00a0jours \u00e0 l\u2019EPM. Mais certains lourdement condamn\u00e9s peuvent y passer plusieurs ann\u00e9es. <strong>77\u2009% sont emprisonn\u00e9s pour des faits li\u00e9s au trafic de drogue.<\/strong><\/p>\n<p class=\" wall-content\">Ce samedi, le quartier disciplinaire, fra\u00eechement repeint, est vide. Trois locaux exigus, <strong>barreaud\u00e9s du sol au plafond,<\/strong> y servaient jusqu\u2019\u00e0 fin ao\u00fbt \u00e0 isoler certains d\u00e9tenus, \u00ab\u2009le temps qu\u2019ils se calment\u2009\u00bb, explique le chef de la d\u00e9tention. Cette \u00ab\u2009mise en grille\u2009\u00bb, jug\u00e9e \u00ab\u2009inhumaine et d\u00e9gradante\u2009\u00bb par la CGLPL, a depuis \u00e9t\u00e9 proscrite par le ministre de la Justice G\u00e9rald Darmanin.<\/p>\n<p class=\" wall-content\">Autres effets imm\u00e9diats du rapport, tous les matelas ont \u00e9t\u00e9 chang\u00e9s, <strong>les quantit\u00e9s \u00ab\u2009r\u00e9glementaires\u2009\u00bb de nourriture<\/strong> contr\u00f4l\u00e9es, et le pain distribu\u00e9 le matin au lieu du midi pour garantir un petit-d\u00e9jeuner.<\/p>\n<p>Un \u00ab\u2009manque de personnel\u2009\u00bb<\/p>\n<p class=\" wall-content\">\u00ab\u2009Je ne dis pas qu\u2019on fait tout bien, il y a des manquements\u2009\u00bb, admet le chef de la d\u00e9tention, qui met en avant un \u00ab\u2009manque de personnel\u2009\u00bb. \u00ab\u2009Les effectifs th\u00e9oriques ne sont couverts qu\u2019\u00e0 80\u2009%\u2009\u00bb, confirme le directeur-adjoint, invoquant \u00e9galement <strong>\u00ab\u2009un absent\u00e9isme historique \u00e9lev\u00e9\u2009\u00bb.<\/strong><\/p>\n<p class=\" wall-content\">\u00ab\u2009Il faudrait des moyens suppl\u00e9mentaires pour r\u00e9pondre aux besoins notamment en psychiatrie\u2009\u00bb, insiste-t-il, \u00e9voquant <strong>ceux qui \u00ab\u2009entendent des voix\u2009\u00bb<\/strong> ou ont des \u00ab\u2009traits parano\u00efaques ou schizophr\u00e8nes\u2009\u00bb.<\/p>\n<p>\u00ab\u2009Une \u00e9volution positive\u2009\u00bb<\/p>\n<p class=\" wall-content\">Autre probl\u00e8me criant, l\u2019unit\u00e9 sanitaire, g\u00e9r\u00e9e par l\u2019Assistance publique-H\u00f4pitaux de Marseille, ferme vers 16h15. Au-del\u00e0, et le week-end, il faut appeler les pompiers.<br \/>N\u00e9anmoins, reconna\u00eet-il, \u00ab\u2009le rapport de la contr\u00f4leure g\u00e9n\u00e9rale a enclench\u00e9 des actions rapides et l\u2019attribution de moyens suppl\u00e9mentaires\u2009\u00bb.<\/p>\n<p class=\" wall-content\">\u00ab\u2009Il y a une \u00e9volution positive\u2009\u00bb, estime aussi la s\u00e9natrice Anne Souyris, qui rel\u00e8ve \u00ab\u2009des am\u00e9liorations sur la nourriture, les activit\u00e9s et la planification de la r\u00e9fection\u2009\u00bb, tout en r\u00e9clamant <strong>\u00ab\u2009des postes en urgence\u2009\u00bb<\/strong> et une \u00ab\u2009r\u00e9flexion globale sur la pr\u00e9vention de la r\u00e9cidive et la r\u00e9insertion\u2009\u00bb.<\/p>\n<p class=\" wall-content\"><strong>Avec AFP<\/strong><\/p>\n<p class=\" wall-content\">Personnalisez votre actualit\u00e9 en ajoutant vos villes et m\u00e9dias en favori avec <a href=\"https:\/\/moncompte.actu.fr\" title=\"D\u00e9couvez Mon Actu\" rel=\"nofollow noopener\" data-trk=\"{&quot;cta&quot;:{&quot;action&quot;:&quot;https:\\\/\\\/moncompte.actu.fr&quot;,&quot;category&quot;:&quot;mon compte&quot;,&quot;from&quot;:&quot;article footer&quot;,&quot;name&quot;:&quot;Mon actu&quot;,&quot;type&quot;:&quot;cta&quot;}}\" target=\"_blank\">Mon Actu<\/a>.<\/p>\n","protected":false},"excerpt":{"rendered":"Par R\u00e9daction Marseille Publi\u00e9 le 30 sept. 2025 \u00e0 6h44 \u00ab\u2009De graves atteintes\u2009\u00bb avaient \u00e9t\u00e9 point\u00e9es du doigt.&hellip;\n","protected":false},"author":2,"featured_media":427933,"comment_status":"","ping_status":"","sticky":false,"template":"","format":"standard","meta":{"footnotes":""},"categories":[2814],"tags":[1111,11,1719,1777,674,1011,27,303,884,12,899,882,25,104],"class_list":{"0":"post-427932","1":"post","2":"type-post","3":"status-publish","4":"format-standard","5":"has-post-thumbnail","7":"category-marseille","8":"tag-actu","9":"tag-actualites","10":"tag-enfants","11":"tag-eu","12":"tag-europe","13":"tag-fr","14":"tag-france","15":"tag-justice","16":"tag-marseille","17":"tag-news","18":"tag-prisons","19":"tag-provence-alpes-cote-dazur","20":"tag-republique-francaise","21":"tag-societe"},"share_on_mastodon":{"url":"https:\/\/pubeurope.com\/@fr\/115291812230246359","error":""},"_links":{"self":[{"href":"https:\/\/www.europesays.com\/fr\/wp-json\/wp\/v2\/posts\/427932","targetHints":{"allow":["GET"]}}],"collection":[{"href":"https:\/\/www.europesays.com\/fr\/wp-json\/wp\/v2\/posts"}],"about":[{"href":"https:\/\/www.europesays.com\/fr\/wp-json\/wp\/v2\/types\/post"}],"author":[{"embeddable":true,"href":"https:\/\/www.europesays.com\/fr\/wp-json\/wp\/v2\/users\/2"}],"replies":[{"embeddable":true,"href":"https:\/\/www.europesays.com\/fr\/wp-json\/wp\/v2\/comments?post=427932"}],"version-history":[{"count":0,"href":"https:\/\/www.europesays.com\/fr\/wp-json\/wp\/v2\/posts\/427932\/revisions"}],"wp:featuredmedia":[{"embeddable":true,"href":"https:\/\/www.europesays.com\/fr\/wp-json\/wp\/v2\/media\/427933"}],"wp:attachment":[{"href":"https:\/\/www.europesays.com\/fr\/wp-json\/wp\/v2\/media?parent=427932"}],"wp:term":[{"taxonomy":"category","embeddable":true,"href":"https:\/\/www.europesays.com\/fr\/wp-json\/wp\/v2\/categories?post=427932"},{"taxonomy":"post_tag","embeddable":true,"href":"https:\/\/www.europesays.com\/fr\/wp-json\/wp\/v2\/tags?post=427932"}],"curies":[{"name":"wp","href":"https:\/\/api.w.org\/{rel}","templated":true}]}}