{"id":427934,"date":"2025-09-30T06:23:11","date_gmt":"2025-09-30T06:23:11","guid":{"rendered":"https:\/\/www.europesays.com\/fr\/427934\/"},"modified":"2025-09-30T06:23:11","modified_gmt":"2025-09-30T06:23:11","slug":"a-marseille-le-dilemme-des-ecologistes-face-a-la-division-de-la-gauche","status":"publish","type":"post","link":"https:\/\/www.europesays.com\/fr\/427934\/","title":{"rendered":"\u00e0 Marseille, le dilemme des \u00c9cologistes face \u00e0 la division de la gauche"},"content":{"rendered":"<p>S\u2019allier \u00e0 l\u2019Insoumis S\u00e9bastien Delogu, rester avec le maire sortant Beno\u00eet Payan ou faire cavalier seul\u00a0? \u00c0 trois semaines d\u2019un vote d\u00e9cisif qui doit ent\u00e9riner la strat\u00e9gie pour les municipales, Marine Tondelier s\u2019est rendue \u00e0 Marseille vendredi \u00e0 la rencontre des militants.<\/p>\n<p class=\"fig-paragraph\">Officiellement,\u00a0<a href=\"http:\/\/www.lefigaro.fr\/faits-divers\/une-femme-amoureuse-de-marine-tondelier-condamnee-a-10-mois-de-prison-apres-lui-avoir-envoye-plus-de-500-messages-20250926\" data-fig-type=\"NewsFlash\" data-gtm-custom-categorie=\"navigation\" data-gtm-custom-action=\"crossclick\" data-gtm-custom-label=\"Contextuel\" data-gtm-event=\"customEventSPE\" data-fig-domain=\"LEFIGARO\" rel=\"nofollow noopener\" target=\"_blank\">Marine Tondelier\u00a0<\/a>n\u2019est pas venue parler des municipales lors de sa discr\u00e8te visite \u00e0 Marseille. \u00abJe n\u2019en vois pas l\u2019int\u00e9r\u00eat\u00bb, glisse-t-elle, affirmant de mani\u00e8re sibylline que les choses \u00absuivent leur cours\u00bb. Avec quelques \u00e9lus locaux et des cadres nationaux du parti, l\u2019\u00c9cologiste a visit\u00e9 un centre de sant\u00e9 flambant neuf, dans les quartiers nord de Marseille, avec une certaine fiert\u00e9. Devant les \u00e9quipes du centre, elle a pris le soin de mettre en avant le travail de celle qui avait \u00e9t\u00e9 initialement \u00e9lue maire de Marseille en 2020, la premi\u00e8re adjointe de\u00a0<a href=\"http:\/\/www.lefigaro.fr\/marseille\/marseille-benoit-payan-annonce-un-jumelage-avec-la-ville-de-bethleem-20250922\" data-fig-type=\"NewsFlash\" data-gtm-custom-categorie=\"navigation\" data-gtm-custom-action=\"crossclick\" data-gtm-custom-label=\"Contextuel\" data-gtm-event=\"customEventSPE\" data-fig-domain=\"LEFIGARO\" rel=\"nofollow noopener\" target=\"_blank\">Beno\u00eet Payan<\/a>, l\u2019\u00e9cologiste\u00a0<a href=\"http:\/\/www.lefigaro.fr\/flash-actu\/l-ex-maire-de-marseille-michele-rubirola-candidate-aux-departementales-20210423\" data-fig-type=\"NewsFlash\" data-gtm-custom-categorie=\"navigation\" data-gtm-custom-action=\"crossclick\" data-gtm-custom-label=\"Contextuel\" data-gtm-event=\"customEventSPE\" data-fig-domain=\"LEFIGARO\" rel=\"nofollow noopener\" target=\"_blank\">Mich\u00e8le Rubirola<\/a>.<\/p>\n<p class=\"fig-paragraph\">Mais quelques lapsus savoureux pr\u00eatent \u00e0 sourire. \u00c0 l\u2019\u00e9quipe m\u00e9dicale qui l\u2019accueille en ce vendredi apr\u00e8s-midi, Marine Tondelier a fait les pr\u00e9sentations de ses \u00e9quipes. \u00abEt voici\u00a0<a href=\"http:\/\/www.lefigaro.fr\/marseille\/marseille-deux-elus-proches-de-samia-ghali-convoques-devant-le-tribunal-pour-de-fausses-procurations-lors-des-municipales-2020-20240606\" data-fig-type=\"NewsFlash\" data-gtm-custom-categorie=\"navigation\" data-gtm-custom-action=\"crossclick\" data-gtm-custom-label=\"Contextuel\" data-gtm-event=\"customEventSPE\" data-fig-domain=\"LEFIGARO\" rel=\"nofollow noopener\" target=\"_blank\">Samia Ghali\u00bb<\/a>, a lanc\u00e9 la chef de file des \u00c9cologistes. \u00abMoi, c\u2019est Samia Lakehal\u00bb, a rectifi\u00e9 la tr\u00e9sori\u00e8re du parti, bien loin de la maire adjointe et pilier de la majorit\u00e9 de Beno\u00eet Payan. Marine\u2026<\/p>\n<p class=\"fig-premium-paywall__infos\">\n        Cet article est r\u00e9serv\u00e9 aux abonn\u00e9s.        Il vous reste 87% \u00e0 d\u00e9couvrir.\n    <\/p>\n<p>                <img  data- alt=\"Le Figaro\" class=\"fig-img--complete fig-img\"\/><\/p>\n<p class=\"fig-premium-paywall__title\">Vous avez envie de lire la suite ?<\/p>\n<p class=\"fig-premium-paywall__subtitle\">D\u00e9bloquez tous les articles imm\u00e9diatement.<\/p>\n<p class=\"fig-premium-paywall__connect\">\n                D\u00e9j\u00e0 abonn\u00e9\u00a0?                <a class=\"fig-premium-paywall__connect-link\" href=\"https:\/\/connect.lefigaro.fr\/login?client=horizon_web&amp;type=main&amp;redirect_uri=https%3A%2F%2Fwww.lefigaro.fr%2Fmarseille%2Fmunicipales-2026-a-marseille-le-dilemme-des-ecologistes-face-a-la-division-de-la-gauche-20250930\" data-js-gtm=\"{&quot;customCategorie&quot;: &quot;conversion&quot;, &quot;customAction&quot;: &quot;before_Landing_Connexion_paywall_auto&quot;, &quot;customLabel&quot;: &quot;bGVmaWdhcm8uZnJfXzFmMDlhMTkzLTgzNjktNjRkZS04ZmZjLWRiZGIyNDVjYWE0Yl9fTmV3c0ZsYXNo_Municipales\u00a0: \u00e0 Marseille, le dilemme des \u00c9cologistes face \u00e0 la division de la gauche_378&quot;, &quot;customIDSPE&quot;: &quot;bGVmaWdhcm8uZnJfXzFmMDlhMTkzLTgzNjktNjRkZS04ZmZjLWRiZGIyNDVjYWE0Yl9fTmV3c0ZsYXNo&quot;, &quot;event&quot;: &quot;customEventSPE&quot;}\" rel=\"nofollow noopener\" target=\"_blank\"><br \/>\n                    Connectez-vous<br \/>\n                <\/a>\n            <\/p>\n","protected":false},"excerpt":{"rendered":"S\u2019allier \u00e0 l\u2019Insoumis S\u00e9bastien Delogu, rester avec le maire sortant Beno\u00eet Payan ou faire cavalier seul\u00a0? \u00c0 trois&hellip;\n","protected":false},"author":2,"featured_media":427935,"comment_status":"","ping_status":"","sticky":false,"template":"","format":"standard","meta":{"footnotes":""},"categories":[2814],"tags":[1111,11,6469,2286,1777,674,1011,27,4729,884,12,882,25,10338],"class_list":{"0":"post-427934","1":"post","2":"type-post","3":"status-publish","4":"format-standard","5":"has-post-thumbnail","7":"category-marseille","8":"tag-actu","9":"tag-actualites","10":"tag-benoit-payan","11":"tag-eelv","12":"tag-eu","13":"tag-europe","14":"tag-fr","15":"tag-france","16":"tag-marine-tondelier","17":"tag-marseille","18":"tag-news","19":"tag-provence-alpes-cote-dazur","20":"tag-republique-francaise","21":"tag-sebastien-delogu"},"share_on_mastodon":{"url":"https:\/\/pubeurope.com\/@fr\/115291816149889060","error":""},"_links":{"self":[{"href":"https:\/\/www.europesays.com\/fr\/wp-json\/wp\/v2\/posts\/427934","targetHints":{"allow":["GET"]}}],"collection":[{"href":"https:\/\/www.europesays.com\/fr\/wp-json\/wp\/v2\/posts"}],"about":[{"href":"https:\/\/www.europesays.com\/fr\/wp-json\/wp\/v2\/types\/post"}],"author":[{"embeddable":true,"href":"https:\/\/www.europesays.com\/fr\/wp-json\/wp\/v2\/users\/2"}],"replies":[{"embeddable":true,"href":"https:\/\/www.europesays.com\/fr\/wp-json\/wp\/v2\/comments?post=427934"}],"version-history":[{"count":0,"href":"https:\/\/www.europesays.com\/fr\/wp-json\/wp\/v2\/posts\/427934\/revisions"}],"wp:featuredmedia":[{"embeddable":true,"href":"https:\/\/www.europesays.com\/fr\/wp-json\/wp\/v2\/media\/427935"}],"wp:attachment":[{"href":"https:\/\/www.europesays.com\/fr\/wp-json\/wp\/v2\/media?parent=427934"}],"wp:term":[{"taxonomy":"category","embeddable":true,"href":"https:\/\/www.europesays.com\/fr\/wp-json\/wp\/v2\/categories?post=427934"},{"taxonomy":"post_tag","embeddable":true,"href":"https:\/\/www.europesays.com\/fr\/wp-json\/wp\/v2\/tags?post=427934"}],"curies":[{"name":"wp","href":"https:\/\/api.w.org\/{rel}","templated":true}]}}