{"id":427937,"date":"2025-09-30T06:25:21","date_gmt":"2025-09-30T06:25:21","guid":{"rendered":"https:\/\/www.europesays.com\/fr\/427937\/"},"modified":"2025-09-30T06:25:21","modified_gmt":"2025-09-30T06:25:21","slug":"face-a-la-violence-raciste-nous-maires-de-lyon-et-de-marseille-refusons-les-stigmatisations-et-defendons-la-diversite-liberation","status":"publish","type":"post","link":"https:\/\/www.europesays.com\/fr\/427937\/","title":{"rendered":"Face \u00e0 la violence raciste, nous, maires de Lyon et de Marseille, refusons les stigmatisations et d\u00e9fendons la diversit\u00e9 \u2013 Lib\u00e9ration"},"content":{"rendered":"<p class=\"sc-cPiKLX AiZTS text-element\">Nous sommes \u00e0 Lyon, \u00e0 la Duch\u00e8re, un quartier populaire o\u00f9 notre investissement est massif, o\u00f9 la recherche de l\u2019\u00e9galit\u00e9 des droits et des chances se traduit concr\u00e8tement dans nos politiques publiques. C\u2019est la rentr\u00e9e, et nous, maires, allons \u00e0 la rencontre des parents et des enfants. Dans le parfait respect des r\u00e8gles et de la la\u00efcit\u00e9 qui nous est si ch\u00e8re, des mamans, parfois voil\u00e9es, d\u00e9posaient leur enfant au portail de l\u2019\u00e9cole.  <\/p>\n<p class=\"sc-cPiKLX AiZTS text-element\">Nous sommes \u00e0 Marseille, \u00e0 Noailles, un quartier populaire \u00e0 deux pas du Vieux-Port, meurtri par les effondrements de deux immeubles rue d\u2019Aubagne en 2018, en cours de r\u00e9habilitation par la puissance publique apr\u00e8s des d\u00e9cennies d\u2019abandon. C\u2019est la rentr\u00e9e, et nous, maires, allons \u00e0 la rencontre des habitants. <a href=\"https:\/\/www.liberation.fr\/societe\/police-justice\/menace-pour-avoir-mange-un-couscous-benoit-payan-porte-plainte-20250908_NHXE3PI24BHL7PFOJG5E4MAIDU\/?redirected=1\" target=\"_blank\" rel=\"noopener\" title=\"https:\/\/www.liberation.fr\/societe\/police-justice\/menace-pour-avoir-mange-un-couscous-benoit-payan-porte-plainte-20250908_NHXE3PI24BHL7PFOJG5E4MAIDU\/?redirected=1\">Un festival culinaire annuel se d\u00e9roule, autour du couscous<\/a>, l\u2019un des plats pr\u00e9f\u00e9r\u00e9s des Fran\u00e7ais. <\/p>\n<p class=\"sc-cPiKLX AiZTS text-element\">Deux moments de vie, deux moments profond\u00e9ment humains. Et pourtant, ces instants de convivialit\u00e9 et de partage ont d\u00e9clench\u00e9 un torrent de r\u00e9actions naus\u00e9abondes sur les r\u00e9seaux sociaux.<\/p>\n<p class=\"sc-cPiKLX AiZTS text-element\">Menaces de mort envers les \u00e9lus, insultes racistes, amalgames avec le terrorisme : un d\u00e9ferlemen<\/p>\n","protected":false},"excerpt":{"rendered":"Nous sommes \u00e0 Lyon, \u00e0 la Duch\u00e8re, un quartier populaire o\u00f9 notre investissement est massif, o\u00f9 la recherche&hellip;\n","protected":false},"author":2,"featured_media":427938,"comment_status":"","ping_status":"","sticky":false,"template":"","format":"standard","meta":{"footnotes":""},"categories":[1889],"tags":[1111,11,2430,1777,674,1076,1011,27,2428,884,12,10162,25],"class_list":{"0":"post-427937","1":"post","2":"type-post","3":"status-publish","4":"format-standard","5":"has-post-thumbnail","7":"category-lyon","8":"tag-actu","9":"tag-actualites","10":"tag-auvergne-rhone-alpes","11":"tag-eu","12":"tag-europe","13":"tag-extreme-droite","14":"tag-fr","15":"tag-france","16":"tag-lyon","17":"tag-marseille","18":"tag-news","19":"tag-racisme","20":"tag-republique-francaise"},"share_on_mastodon":{"url":"https:\/\/pubeurope.com\/@fr\/115291824000762768","error":""},"_links":{"self":[{"href":"https:\/\/www.europesays.com\/fr\/wp-json\/wp\/v2\/posts\/427937","targetHints":{"allow":["GET"]}}],"collection":[{"href":"https:\/\/www.europesays.com\/fr\/wp-json\/wp\/v2\/posts"}],"about":[{"href":"https:\/\/www.europesays.com\/fr\/wp-json\/wp\/v2\/types\/post"}],"author":[{"embeddable":true,"href":"https:\/\/www.europesays.com\/fr\/wp-json\/wp\/v2\/users\/2"}],"replies":[{"embeddable":true,"href":"https:\/\/www.europesays.com\/fr\/wp-json\/wp\/v2\/comments?post=427937"}],"version-history":[{"count":0,"href":"https:\/\/www.europesays.com\/fr\/wp-json\/wp\/v2\/posts\/427937\/revisions"}],"wp:featuredmedia":[{"embeddable":true,"href":"https:\/\/www.europesays.com\/fr\/wp-json\/wp\/v2\/media\/427938"}],"wp:attachment":[{"href":"https:\/\/www.europesays.com\/fr\/wp-json\/wp\/v2\/media?parent=427937"}],"wp:term":[{"taxonomy":"category","embeddable":true,"href":"https:\/\/www.europesays.com\/fr\/wp-json\/wp\/v2\/categories?post=427937"},{"taxonomy":"post_tag","embeddable":true,"href":"https:\/\/www.europesays.com\/fr\/wp-json\/wp\/v2\/tags?post=427937"}],"curies":[{"name":"wp","href":"https:\/\/api.w.org\/{rel}","templated":true}]}}