{"id":427939,"date":"2025-09-30T06:27:15","date_gmt":"2025-09-30T06:27:15","guid":{"rendered":"https:\/\/www.europesays.com\/fr\/427939\/"},"modified":"2025-09-30T06:27:15","modified_gmt":"2025-09-30T06:27:15","slug":"les-lycees-en-ile-de-france-disent-adieu-a-microsoft-voici-lalternative-francaise","status":"publish","type":"post","link":"https:\/\/www.europesays.com\/fr\/427939\/","title":{"rendered":"Les lyc\u00e9es en \u00cele-de-France disent adieu \u00e0 Microsoft, voici l&rsquo;alternative fran\u00e7aise"},"content":{"rendered":"<p>La R\u00e9gion \u00cele-de-France ouvre la voie \u00e0 une nouvelle approche du num\u00e9rique scolaire. Une approche o\u00f9 les donn\u00e9es des \u00e9l\u00e8ves restent prot\u00e9g\u00e9es en France. <\/p>\n<p><img alt=\"Image 1 : Les lyc\u00e9es en \u00cele-de-France disent adieu \u00e0 Microsoft, voici l'alternative fran\u00e7aise\" fetchpriority=\"high\" decoding=\"async\" width=\"1200\" height=\"814\" src=\"data:image\/svg+xml,%3Csvg%20xmlns=\" http:=\"\" class=\"wp-image-1455227\" style=\"width:1200px\" data-lazy- data-lazy- data-lazy-src=\"https:\/\/www.europesays.com\/fr\/wp-content\/uploads\/2025\/09\/No-Microsoft-1200x814.jpg\"\/>Cr\u00e9dit : Rawpixel.com \/ Freepik <br \/>MonLyc\u00e9e.net remplace Microsoft dans les lyc\u00e9es franciliens<\/p>\n<p>La R\u00e9gion \u00cele-de-France a d\u00e9cid\u00e9 de tourner la page <a href=\"https:\/\/www.tomsguide.fr\/tag\/microsoft\/\" target=\"_blank\" rel=\"noopener\">Microsoft<\/a> dans ses lyc\u00e9es. <strong>\u00c0 partir de la rentr\u00e9e 2025, plus de 550 000 lyc\u00e9ens et enseignants utiliseront des solutions num\u00e9riques fran\u00e7aises.<\/strong><\/p>\n<p>Cette d\u00e9cision n\u2019est pas seulement technique, elle est aussi politique. L\u2019objectif est de prot\u00e9ger les informations personnelles des \u00e9l\u00e8ves et de <strong>garantir une souverainet\u00e9 num\u00e9rique face au droit am\u00e9ricain<\/strong>. En effet, le Cloud Act autorise les autorit\u00e9s des \u00c9tats-Unis \u00e0 exiger l\u2019acc\u00e8s aux donn\u00e9es stock\u00e9es par des entreprises am\u00e9ricaines, m\u00eame si ces donn\u00e9es sont h\u00e9berg\u00e9es \u00e0 l\u2019\u00e9tranger. Pour la R\u00e9gion, il est inacceptable que des informations comme les notes, les emplois du temps et les \u00e9changes entre professeurs et familles puissent \u00eatre concern\u00e9es par cette loi.<\/p>\n<p>Les alternatives fran\u00e7aises aux services Microsoft<\/p>\n<p>Concr\u00e8tement, <strong>la R\u00e9gion va mettre en place une nouvelle plateforme qui r\u00e9unira plusieurs solutions fran\u00e7aises. <\/strong>La premi\u00e8re \u00e9tape est d\u00e9j\u00e0 en cours. <strong><a href=\"https:\/\/www.tomsguide.fr\/microsoft-365-basic-la-nouvelle-offre-avec-tout-office-100-go-de-cloud-et-outlook-pour-2-e-par-mois\/\" target=\"_blank\" rel=\"noopener\">Les comptes Microsoft 365<\/a> migrent vers Leviia<\/strong>, un service cloud dont les serveurs sont install\u00e9s en France. Pour la gestion de la vie scolaire, c\u2019est Docaposte, filiale num\u00e9rique de La Poste, qui est pressentie. L\u2019entreprise a r\u00e9cemment rachet\u00e9 <strong>Index \u00c9ducation, \u00e9diteur du logiciel PRONOTE,<\/strong> d\u00e9j\u00e0 bien connu dans les \u00e9tablissements. <strong>\u00c0 terme, l\u2019ensemble de ces outils sera int\u00e9gr\u00e9 dans MonLyc\u00e9e.net, <\/strong>la plateforme r\u00e9gionale d\u00e9di\u00e9e aux \u00e9l\u00e8ves et aux enseignants.<\/p>\n<p>La transition sera progressive et ne concernera pas imm\u00e9diatement tous les services informatiques. Mais le signal envoy\u00e9 est fort. L\u2019\u00cele-de-France veut reprendre le contr\u00f4le de ses donn\u00e9es.<\/p>\n<p>Cette initiative s\u2019inscrit dans un mouvement plus large<\/p>\n<p>D\u2019autres collectivit\u00e9s commencent elles aussi \u00e0 chercher des alternatives aux solutions am\u00e9ricaines. <strong>Lyon, par exemple, s\u2019oriente vers des logiciels libres comme OnlyOffice, Linux et PostgreSQL<\/strong> pour remplacer les outils de Microsoft.<\/p>\n<p>Source : <a href=\"https:\/\/www.lesnumeriques.com\/societe-numerique\/l-ile-de-france-claque-aussi-la-porte-a-microsoft-place-aux-solutions-100-francaises-pour-ses-550-000-eleves-n243063.html\" target=\"_blank\" rel=\"noopener\">Les Num\u00e9riques<\/a><\/p>\n<p>La r\u00e9daction vous conseille aussi&#8230;<\/p>\n","protected":false},"excerpt":{"rendered":"La R\u00e9gion \u00cele-de-France ouvre la voie \u00e0 une nouvelle approche du num\u00e9rique scolaire. Une approche o\u00f9 les donn\u00e9es&hellip;\n","protected":false},"author":2,"featured_media":427940,"comment_status":"","ping_status":"","sticky":false,"template":"","format":"standard","meta":{"footnotes":""},"categories":[1592],"tags":[1111,11,1777,674,1011,27,662,5533,12,626,25],"class_list":{"0":"post-427939","1":"post","2":"type-post","3":"status-publish","4":"format-standard","5":"has-post-thumbnail","7":"category-ile-de-france","8":"tag-actu","9":"tag-actualites","10":"tag-eu","11":"tag-europe","12":"tag-fr","13":"tag-france","14":"tag-ile-de-france","15":"tag-microsoft","16":"tag-news","17":"tag-paris","18":"tag-republique-francaise"},"share_on_mastodon":{"url":"https:\/\/pubeurope.com\/@fr\/115291831905896038","error":""},"_links":{"self":[{"href":"https:\/\/www.europesays.com\/fr\/wp-json\/wp\/v2\/posts\/427939","targetHints":{"allow":["GET"]}}],"collection":[{"href":"https:\/\/www.europesays.com\/fr\/wp-json\/wp\/v2\/posts"}],"about":[{"href":"https:\/\/www.europesays.com\/fr\/wp-json\/wp\/v2\/types\/post"}],"author":[{"embeddable":true,"href":"https:\/\/www.europesays.com\/fr\/wp-json\/wp\/v2\/users\/2"}],"replies":[{"embeddable":true,"href":"https:\/\/www.europesays.com\/fr\/wp-json\/wp\/v2\/comments?post=427939"}],"version-history":[{"count":0,"href":"https:\/\/www.europesays.com\/fr\/wp-json\/wp\/v2\/posts\/427939\/revisions"}],"wp:featuredmedia":[{"embeddable":true,"href":"https:\/\/www.europesays.com\/fr\/wp-json\/wp\/v2\/media\/427940"}],"wp:attachment":[{"href":"https:\/\/www.europesays.com\/fr\/wp-json\/wp\/v2\/media?parent=427939"}],"wp:term":[{"taxonomy":"category","embeddable":true,"href":"https:\/\/www.europesays.com\/fr\/wp-json\/wp\/v2\/categories?post=427939"},{"taxonomy":"post_tag","embeddable":true,"href":"https:\/\/www.europesays.com\/fr\/wp-json\/wp\/v2\/tags?post=427939"}],"curies":[{"name":"wp","href":"https:\/\/api.w.org\/{rel}","templated":true}]}}