{"id":427941,"date":"2025-09-30T06:28:09","date_gmt":"2025-09-30T06:28:09","guid":{"rendered":"https:\/\/www.europesays.com\/fr\/427941\/"},"modified":"2025-09-30T06:28:09","modified_gmt":"2025-09-30T06:28:09","slug":"les-tickets-en-carton-disparaissent-des-bus-a-paris-et-sont-deja-difficiles-a-acheter","status":"publish","type":"post","link":"https:\/\/www.europesays.com\/fr\/427941\/","title":{"rendered":"les tickets en carton disparaissent des bus \u00e0 Paris et sont d\u00e9j\u00e0 difficiles \u00e0 acheter"},"content":{"rendered":"<p>            Par<br \/>\n        <strong><br \/>\n            <a href=\"https:\/\/actu.fr\/auteur\/dorinegoth\" title=\"Consulter tous les articles de Dorine Goth\" rel=\"nofollow noopener\" target=\"_blank\">Dorine Goth<\/a><br \/>\n        <\/strong><\/p>\n<p>        Publi\u00e9 le<\/p>\n<p>            30 sept. 2025 \u00e0 8h18        <\/p>\n<p>Certaines lignes ont d\u00e9j\u00e0 pris les devants. \u00ab\u2009J\u2019ai voulu en acheter \u00e0 bord d\u2019un bus ce week-end et ils en vendaient plus. Alors j\u2019ai fraud\u00e9\u2009\u00bb, partage cette sexag\u00e9naire lundi 29\u00a0septembre 2025, en visite \u00e0 Paris. Si elle avait bien charg\u00e9 son pass Navigo Easy pour emprunter le m\u00e9tro, elle pensait encore avoir un peu de temps pour les bus et pouvoir acheter les bons vieux tickets en carton \u00e0 bord.<\/p>\n<p class=\" wall-content\">En th\u00e9orie, oui. Selon le calendrier partag\u00e9 par \u00cele-de-France Mobilit\u00e9s, la<a href=\"https:\/\/actu.fr\/societe\/la-fin-du-ticket-carton-se-precise-dans-les-transports-d-ile-de-france-jusqu-a-quand-les-utiliser_62649576.html\" rel=\"nofollow noopener\" target=\"_blank\"><strong> fin de la vente<\/strong><\/a> sur l\u2019ensemble des automates du<strong> r\u00e9seau de bus et de tramway<\/strong>\u00a0sera effective <strong>mercredi 1er\u00a0octobre<\/strong>. Quant \u00e0 la vente \u00e0 bord des bus, celle-ci est en th\u00e9orie possible jusqu\u2019au 1er\u00a0novembre 2025. \u00ab\u2009Ainsi, en novembre, les tickets en carton tirent d\u00e9finitivement leur r\u00e9v\u00e9rence et ne seront plus du tout disponibles \u00e0 la vente sur tout le r\u00e9seau\u2009\u00bb, pr\u00e9vient \u00cele-de-France Mobilit\u00e9s.<\/p>\n<p>Navigo Easy, Libert\u00e9 +, tickets SMS\u2026<\/p>\n<p class=\" wall-content\">Pour la suite, plusieurs alternatives -autres que la fraude- existent. Pour les voyageurs occasionnels qui habitent ou travaillent en \u00cele-de-France, il est recommand\u00e9 de souscrire au<strong> <a href=\"https:\/\/actu.fr\/ile-de-france\/paris_75056\/transports-en-ile-de-france-le-pass-navigo-liberte-disponible-dans-quelques-semaines-sur-smartphone_62718610.html\" rel=\"nofollow noopener\" target=\"_blank\">pass Navigo Libert\u00e9 +<\/a><\/strong>. Celui-ci permet de circuler sur l\u2019ensemble du r\u00e9seau de transports en commun et seuls les trajets effectu\u00e9s sont factur\u00e9s.<\/p>\n<p class=\" wall-content\">Pour les touristes, le<strong> Pass Navigo Easy<\/strong> permet de charger des tickets de voyage \u00e0 l\u2019unit\u00e9, celui-ci peut \u00eatre enti\u00e8rement d\u00e9mat\u00e9rialis\u00e9 sur <a href=\"https:\/\/actu.fr\/societe\/passe-navigo-tickets-metro-sur-telephone-comment-marche_27499934.html\" rel=\"nofollow noopener\" target=\"_blank\">le t\u00e9l\u00e9phone<\/a>. Quant aux bus, il est possible d\u2019acheter directement \u00e0 bord un ticket via les SMS. \u00ab\u2009Ce ticket de d\u00e9pannage est disponible sur tout mod\u00e8le de t\u00e9l\u00e9phone avec un abonnement t\u00e9l\u00e9phonique Free, SFR, Orange ou Bouygues Telecom et sans avoir besoin de t\u00e9l\u00e9charger une application. Pas besoin de carte bancaire ni de monnaie, le montant du ticket sera directement pr\u00e9lev\u00e9 sur votre facture t\u00e9l\u00e9phonique\u2009\u00bb, explique \u00cele-de-France Mobilit\u00e9s. Les tickets carton devraient ensuite d\u00e9finitivement dispara\u00eetre, courant novembre\u00a02025, avec la fin de leur vente sur le r\u00e9seau m\u00e9tro et RER.<\/p>\n<p class=\" wall-content\">Personnalisez votre actualit\u00e9 en ajoutant vos villes et m\u00e9dias en favori avec <a href=\"https:\/\/moncompte.actu.fr\" title=\"D\u00e9couvez Mon Actu\" rel=\"nofollow noopener\" data-trk=\"{&quot;cta&quot;:{&quot;action&quot;:&quot;https:\\\/\\\/moncompte.actu.fr&quot;,&quot;category&quot;:&quot;mon compte&quot;,&quot;from&quot;:&quot;article footer&quot;,&quot;name&quot;:&quot;Mon actu&quot;,&quot;type&quot;:&quot;cta&quot;}}\" target=\"_blank\">Mon Actu<\/a>.<\/p>\n","protected":false},"excerpt":{"rendered":"Par Dorine Goth Publi\u00e9 le 30 sept. 2025 \u00e0 8h18 Certaines lignes ont d\u00e9j\u00e0 pris les devants. \u00ab\u2009J\u2019ai&hellip;\n","protected":false},"author":2,"featured_media":427942,"comment_status":"","ping_status":"","sticky":false,"template":"","format":"standard","meta":{"footnotes":""},"categories":[1888],"tags":[1111,1928,11,1927,1777,674,1011,27,10883,12,1926,626,1925,625,25,104,2803],"class_list":{"0":"post-427941","1":"post","2":"type-post","3":"status-publish","4":"format-standard","5":"has-post-thumbnail","7":"category-paris","8":"tag-actu","9":"tag-actu-paris","10":"tag-actualites","11":"tag-actualites-paris","12":"tag-eu","13":"tag-europe","14":"tag-fr","15":"tag-france","16":"tag-ile-de-france-mobilites","17":"tag-news","18":"tag-news-paris","19":"tag-paris","20":"tag-paris-news","21":"tag-ratp","22":"tag-republique-francaise","23":"tag-societe","24":"tag-transport"},"share_on_mastodon":{"url":"https:\/\/pubeurope.com\/@fr\/115291835871616695","error":""},"_links":{"self":[{"href":"https:\/\/www.europesays.com\/fr\/wp-json\/wp\/v2\/posts\/427941","targetHints":{"allow":["GET"]}}],"collection":[{"href":"https:\/\/www.europesays.com\/fr\/wp-json\/wp\/v2\/posts"}],"about":[{"href":"https:\/\/www.europesays.com\/fr\/wp-json\/wp\/v2\/types\/post"}],"author":[{"embeddable":true,"href":"https:\/\/www.europesays.com\/fr\/wp-json\/wp\/v2\/users\/2"}],"replies":[{"embeddable":true,"href":"https:\/\/www.europesays.com\/fr\/wp-json\/wp\/v2\/comments?post=427941"}],"version-history":[{"count":0,"href":"https:\/\/www.europesays.com\/fr\/wp-json\/wp\/v2\/posts\/427941\/revisions"}],"wp:featuredmedia":[{"embeddable":true,"href":"https:\/\/www.europesays.com\/fr\/wp-json\/wp\/v2\/media\/427942"}],"wp:attachment":[{"href":"https:\/\/www.europesays.com\/fr\/wp-json\/wp\/v2\/media?parent=427941"}],"wp:term":[{"taxonomy":"category","embeddable":true,"href":"https:\/\/www.europesays.com\/fr\/wp-json\/wp\/v2\/categories?post=427941"},{"taxonomy":"post_tag","embeddable":true,"href":"https:\/\/www.europesays.com\/fr\/wp-json\/wp\/v2\/tags?post=427941"}],"curies":[{"name":"wp","href":"https:\/\/api.w.org\/{rel}","templated":true}]}}