{"id":427943,"date":"2025-09-30T06:29:13","date_gmt":"2025-09-30T06:29:13","guid":{"rendered":"https:\/\/www.europesays.com\/fr\/427943\/"},"modified":"2025-09-30T06:29:13","modified_gmt":"2025-09-30T06:29:13","slug":"a-paris-le-collectif-des-elus-du-littoral-obtient-des-engagements-fermes-pour-faire-face-a-la-crise-migratoire","status":"publish","type":"post","link":"https:\/\/www.europesays.com\/fr\/427943\/","title":{"rendered":"\u00c0 Paris, le collectif des \u00e9lus du littoral obtient \u00ab des engagements fermes \u00bb pour faire face \u00e0 la crise migratoire."},"content":{"rendered":"<p>\t\t\t\t\t\t\t<img decoding=\"async\" src=\"https:\/\/www.europesays.com\/fr\/wp-content\/uploads\/2025\/09\/74117.jpg\" alt=\"\u00c0 Paris, le collectif des \u00e9lus du littoral obtient \u00ab des engagements fermes \u00bb pour faire face \u00e0 la crise migratoire.\"\/><\/p>\n<p>\n\t\t\t\t\t\t\t\tLe collectif des maires du littoral a \u00e9t\u00e9 re\u00e7u et entendu au minist\u00e8re de l&rsquo;int\u00e9rieur lundi apr\u00e8s-midi \u00e0 Paris. \t\t\t\t\t\t &#8211; cr\u00e9dit : Natacha Bouchart\t\t\t\t\t\t\t\t<\/p>\n<p>\n\t\t\t\t\t\t\t\t S\u00e9bastien Foissel<br \/>\n\t\t\t\t\t\t\t\t 07:24 &#8211; 30 septembre 2025\n\t\t\t\t\t\t\t<\/p>\n<p><strong>Les maires de la C\u00f4te d\u2019Opale, emmen\u00e9s par la maire de Calais, Natacha Bouchart, ont \u00e9t\u00e9 re\u00e7us pendant pr\u00e8s de deux heures, lundi apr\u00e8s-midi, par le ministre de l\u2019Int\u00e9rieur d\u00e9missionnaire, Bruno Retailleau. \u00c0 la sortie, Natacha Bouchart s\u2019est dite satisfaite. <\/strong><\/p>\n<p style=\"text-align: justify;\">Des engagements fermes ont \u00e9t\u00e9 obtenus sur la s\u00e9curit\u00e9 dans les transports et l&rsquo;achat d&rsquo;un terrain pour le futur cantonnement des CRS et H\u00f4tel de Police.<\/p>\n<p style=\"text-align: justify;\">Les premiers engagements fermes concernent le renfort dans la s\u00e9curisation des transports publics.<\/p>\n<p style=\"text-align: justify;\">Natacha Bouchart, la maire de Calais :\u00a0<\/p>\n<p style=\"text-align: justify;\">L\u2019achat par l\u2019\u00c9tat d\u2019un terrain pour construire un cantonnement des CRS et le futur H\u00f4tel de Police de Calais a \u00e9galement \u00e9t\u00e9 act\u00e9, selon la maire, en plus d\u2019un engagement sur la cr\u00e9ation d\u2019un m\u00e9canisme national destin\u00e9 \u00e0 compenser les d\u00e9penses li\u00e9es \u00e0 la crise migratoire.<\/p>\n<p style=\"text-align: justify;\">Natacha Bouchart :\u00a0<\/p>\n<p style=\"text-align: justify;\">Le collectif des maires a aussi r\u00e9clam\u00e9 le r\u00e9tablissement du d\u00e9lit de s\u00e9jour irr\u00e9gulier afin de permettre l\u2019\u00e9loignement des migrants de la bande littorale.<\/p>\n<p style=\"text-align: justify;\"><strong>De leur c\u00f4t\u00e9, les \u00e9lus du Dunkerquois<\/strong> \u2014 les d\u00e9put\u00e9s Julien Gokel et Paul Christophe, ainsi que le maire Patrice Vergriete \u2014 <strong>demandent le d\u00e9ploiement de 50 policiers sp\u00e9cifiquement affect\u00e9s \u00e0 la lutte migratoire<\/strong> sur le littoral. Selon eux, les forces de l\u2019ordre comme les services municipaux sont aujourd\u2019hui d\u00e9bord\u00e9s. Ils estiment que seuls des effectifs permanents et sp\u00e9cialis\u00e9s permettront d\u2019assurer la s\u00e9curit\u00e9 des habitants et de lutter efficacement contre les r\u00e9seaux de passeurs.<\/p>\n<p style=\"text-align: justify;\">Enfin, le pr\u00e9sident du S\u00e9nat, G\u00e9rard Larcher, doit prochainement rencontrer \u00e0 Paris un collectif de maires, \u00e0 la suite d\u2019une visite sur le terrain de la pr\u00e9sidente de la Commission des lois. L\u2019information provient d\u2019un courrier adress\u00e9 \u00e0 la s\u00e9natrice du Pas-de-Calais, Cathy Apourceau-Poly.<\/p>\n<\/p>\n<p>\t\t\t\t\t\tGALERIE PHOTOS : <\/p>\n<p>\t\t\t\t\t\t\t\t\t\t\t<a class=\"fancybox\" data-fancybox-group=\"gallery\" href=\"https:\/\/www.radio6.fr\/photos\/galeries\/74117\/20250930_062715_22668-tab.jpg\" rel=\"nofollow noopener\" target=\"_blank\"><br \/>\n\t\t\t\t\t\t\t\t\t\t\t\t<img decoding=\"async\" src=\"https:\/\/www.europesays.com\/fr\/wp-content\/uploads\/2025\/09\/min-20250930_062715_22668.jpg\" style=\"height:150px;\"\/><br \/>\n\t\t\t\t\t\t\t\t\t\t\t<\/a><\/p>\n","protected":false},"excerpt":{"rendered":"Le collectif des maires du littoral a \u00e9t\u00e9 re\u00e7u et entendu au minist\u00e8re de l&rsquo;int\u00e9rieur lundi apr\u00e8s-midi \u00e0&hellip;\n","protected":false},"author":2,"featured_media":427944,"comment_status":"","ping_status":"","sticky":false,"template":"","format":"standard","meta":{"footnotes":""},"categories":[1888],"tags":[1111,1928,11,1927,1777,674,1011,27,12,1926,626,1925,25],"class_list":{"0":"post-427943","1":"post","2":"type-post","3":"status-publish","4":"format-standard","5":"has-post-thumbnail","7":"category-paris","8":"tag-actu","9":"tag-actu-paris","10":"tag-actualites","11":"tag-actualites-paris","12":"tag-eu","13":"tag-europe","14":"tag-fr","15":"tag-france","16":"tag-news","17":"tag-news-paris","18":"tag-paris","19":"tag-paris-news","20":"tag-republique-francaise"},"share_on_mastodon":{"url":"https:\/\/pubeurope.com\/@fr\/115291840253755984","error":""},"_links":{"self":[{"href":"https:\/\/www.europesays.com\/fr\/wp-json\/wp\/v2\/posts\/427943","targetHints":{"allow":["GET"]}}],"collection":[{"href":"https:\/\/www.europesays.com\/fr\/wp-json\/wp\/v2\/posts"}],"about":[{"href":"https:\/\/www.europesays.com\/fr\/wp-json\/wp\/v2\/types\/post"}],"author":[{"embeddable":true,"href":"https:\/\/www.europesays.com\/fr\/wp-json\/wp\/v2\/users\/2"}],"replies":[{"embeddable":true,"href":"https:\/\/www.europesays.com\/fr\/wp-json\/wp\/v2\/comments?post=427943"}],"version-history":[{"count":0,"href":"https:\/\/www.europesays.com\/fr\/wp-json\/wp\/v2\/posts\/427943\/revisions"}],"wp:featuredmedia":[{"embeddable":true,"href":"https:\/\/www.europesays.com\/fr\/wp-json\/wp\/v2\/media\/427944"}],"wp:attachment":[{"href":"https:\/\/www.europesays.com\/fr\/wp-json\/wp\/v2\/media?parent=427943"}],"wp:term":[{"taxonomy":"category","embeddable":true,"href":"https:\/\/www.europesays.com\/fr\/wp-json\/wp\/v2\/categories?post=427943"},{"taxonomy":"post_tag","embeddable":true,"href":"https:\/\/www.europesays.com\/fr\/wp-json\/wp\/v2\/tags?post=427943"}],"curies":[{"name":"wp","href":"https:\/\/api.w.org\/{rel}","templated":true}]}}