{"id":427945,"date":"2025-09-30T06:30:12","date_gmt":"2025-09-30T06:30:12","guid":{"rendered":"https:\/\/www.europesays.com\/fr\/427945\/"},"modified":"2025-09-30T06:30:12","modified_gmt":"2025-09-30T06:30:12","slug":"cela-nous-gache-la-vie-a-neuilly-les-cafards-infestent-une-residence-autonomie-geree-par-la-ville-de-paris","status":"publish","type":"post","link":"https:\/\/www.europesays.com\/fr\/427945\/","title":{"rendered":"\u00ab\u00a0Cela nous g\u00e2che la vie\u00a0\u00bb\u00a0: \u00e0 Neuilly, les cafards infestent une r\u00e9sidence autonomie g\u00e9r\u00e9e par la Ville de Paris"},"content":{"rendered":"<p class=\"paragraph text_align_left lp-f-body-02\">Un bocal rempli de cafards vaut mille courriers. Las des mises en demeure rest\u00e9es lettres mortes et de l\u2019inaction du Centre d\u2019action sociale de la Ville de Paris (CASVP) qui g\u00e8re leur r\u00e9sidence autonomie situ\u00e9e rue Pauline-Borgh\u00e8se, en plein c\u0153ur de Neuilly-sur-Seine, les habitants ont alert\u00e9 d\u2019une mani\u00e8re originale le maire de leur ville le 13 septembre \u00e0 l\u2019occasion d\u2019une traditionnelle rencontre de terrain.<\/p>\n<p class=\"paragraph text_align_left lp-f-body-02\">Ce jour-l\u00e0, une dizaine de r\u00e9sidentes \u00e9taient munies d\u2019un contenant plein d\u2019insectes ramass\u00e9s chez elles pour donner \u00e0 <a href=\"https:\/\/www.leparisien.fr\/hauts-de-seine-92\/un-tiers-de-son-budget-de-fonctionnement-le-coup-de-gueule-du-maire-de-neuilly-contre-les-prelevements-de-letat-09-06-2025-4EE5ZSTRIVGPLGEK2GWVPZQY6U.php\" target=\"_blank\" rel=\"noreferrer noopener\">Jean-Christophe Fromantin<\/a> (DVD) une id\u00e9e de leurs conditions de vie. L\u2019\u00e9lu n\u2019a pas attendu ce coup d\u2019\u00e9clat pour r\u00e9agir puisqu\u2019il avait d\u00e9j\u00e0 \u00e9crit deux courriers \u00e0 son homologue Anne Hidalgo (PS).<\/p>\n","protected":false},"excerpt":{"rendered":"Un bocal rempli de cafards vaut mille courriers. Las des mises en demeure rest\u00e9es lettres mortes et de&hellip;\n","protected":false},"author":2,"featured_media":427946,"comment_status":"","ping_status":"","sticky":false,"template":"","format":"standard","meta":{"footnotes":""},"categories":[1888],"tags":[11,1777,674,1011,27,3314,1944,12,626,25],"class_list":{"0":"post-427945","1":"post","2":"type-post","3":"status-publish","4":"format-standard","5":"has-post-thumbnail","7":"category-paris","8":"tag-actualites","9":"tag-eu","10":"tag-europe","11":"tag-fr","12":"tag-france","13":"tag-hauts-de-seine","14":"tag-ma-ville","15":"tag-news","16":"tag-paris","17":"tag-republique-francaise"},"share_on_mastodon":{"url":"https:\/\/pubeurope.com\/@fr\/115291843695787474","error":""},"_links":{"self":[{"href":"https:\/\/www.europesays.com\/fr\/wp-json\/wp\/v2\/posts\/427945","targetHints":{"allow":["GET"]}}],"collection":[{"href":"https:\/\/www.europesays.com\/fr\/wp-json\/wp\/v2\/posts"}],"about":[{"href":"https:\/\/www.europesays.com\/fr\/wp-json\/wp\/v2\/types\/post"}],"author":[{"embeddable":true,"href":"https:\/\/www.europesays.com\/fr\/wp-json\/wp\/v2\/users\/2"}],"replies":[{"embeddable":true,"href":"https:\/\/www.europesays.com\/fr\/wp-json\/wp\/v2\/comments?post=427945"}],"version-history":[{"count":0,"href":"https:\/\/www.europesays.com\/fr\/wp-json\/wp\/v2\/posts\/427945\/revisions"}],"wp:featuredmedia":[{"embeddable":true,"href":"https:\/\/www.europesays.com\/fr\/wp-json\/wp\/v2\/media\/427946"}],"wp:attachment":[{"href":"https:\/\/www.europesays.com\/fr\/wp-json\/wp\/v2\/media?parent=427945"}],"wp:term":[{"taxonomy":"category","embeddable":true,"href":"https:\/\/www.europesays.com\/fr\/wp-json\/wp\/v2\/categories?post=427945"},{"taxonomy":"post_tag","embeddable":true,"href":"https:\/\/www.europesays.com\/fr\/wp-json\/wp\/v2\/tags?post=427945"}],"curies":[{"name":"wp","href":"https:\/\/api.w.org\/{rel}","templated":true}]}}