{"id":427951,"date":"2025-09-30T06:33:11","date_gmt":"2025-09-30T06:33:11","guid":{"rendered":"https:\/\/www.europesays.com\/fr\/427951\/"},"modified":"2025-09-30T06:33:11","modified_gmt":"2025-09-30T06:33:11","slug":"la-multiplication-des-incursions-de-drones-met-a-lepreuve-les-defenses-et-lunite-de-lue","status":"publish","type":"post","link":"https:\/\/www.europesays.com\/fr\/427951\/","title":{"rendered":"La multiplication des incursions de drones met \u00e0 l&rsquo;\u00e9preuve les d\u00e9fenses et l&rsquo;unit\u00e9 de l&rsquo;UE"},"content":{"rendered":"<p>          <img decoding=\"async\" class=\"c-ad__placeholder__logo\" src=\"https:\/\/static.euronews.com\/website\/images\/logos\/logo-euronews-stacked-outlined-72x72-grey-9.svg\" width=\"72\" height=\"72\" alt=\"\" loading=\"lazy\"\/><br \/>\n          PUBLICIT\u00c9<\/p>\n<p>Une \u00ab\u00a0guerre des drones\u00a0\u00bb, c&rsquo;est ainsi que certains observateurs d\u00e9crivent le conflit en Ukraine. Pourtant, les drones ne sont plus cantonn\u00e9s au territoire ukrainien. Ces derni\u00e8res semaines, les incidents impliquant des incursions de drones se sont multipli\u00e9s \u00e0 l&rsquo;int\u00e9rieur des fronti\u00e8res de l&rsquo;Union europ\u00e9enne, alimentant l&rsquo;inqui\u00e9tude et la sp\u00e9culation sur leur origine et sur ce que cela pourrait signifier pour l&rsquo;avenir du conflit aux portes de l&rsquo;Union.<\/p>\n<p><strong>Plusieurs incidents en Europe<\/strong><\/p>\n<p>Le mois de septembre a \u00e9t\u00e9 marqu\u00e9 par une s\u00e9rie d&rsquo;incursions et de violations de l&rsquo;espace a\u00e9rien europ\u00e9en par des objets volants non identifi\u00e9s.<\/p>\n<p>Le 9 septembre, 19 drones russes auraient p\u00e9n\u00e9tr\u00e9 sur le territoire polonais, dont quatre ont \u00e9t\u00e9 intercept\u00e9s. Quatre jours plus tard, des appareils similaires ont \u00e9t\u00e9 observ\u00e9s en Roumanie, tandis que la semaine derni\u00e8re, des vols ont \u00e9t\u00e9 interrompus dans les a\u00e9roports de Copenhague et d&rsquo;Oslo apr\u00e8s que des drones ont \u00e9t\u00e9 rep\u00e9r\u00e9s \u00e0 proximit\u00e9.<\/p>\n<p>Selon Robert Garbett, fondateur et directeur g\u00e9n\u00e9ral du Drone Major Group, il s&rsquo;agirait de drones \u00e0 faible distance : \u00ab\u00a0Il est probable que les drones utilis\u00e9s \u00e9taient des syst\u00e8mes hybrides \u00e0 voilure tournante en raison de la longueur de l&rsquo;incursion. Les syst\u00e8mes \u00e0 voilure tournante ne peuvent g\u00e9n\u00e9ralement pas fonctionner plus d&rsquo;une heure, \u00e0 moins d&rsquo;\u00eatre aliment\u00e9s par de l&rsquo;hydrog\u00e8ne ou du p\u00e9trole\u00a0\u00bb, ce qui signifie que les drones \u00e9taient pilot\u00e9s \u00e0 proximit\u00e9 de la zone d&rsquo;incursion.<\/p>\n<p>M\u00eame si aucune attaque n&rsquo;a eu lieu, Robert Garbett souligne que ces incursions de drones repr\u00e9sentent toujours un risque : \u00ab\u00a0Ils pourraient transporter des engins explosifs destin\u00e9s \u00e0 \u00eatre largu\u00e9s ou \u00e0 exploser lors d&rsquo;une action kamikaze. Ces incursions pourraient perturber et endommager nos \u00e9conomies, recueillir des donn\u00e9es sur nos infrastructures nationales critiques et semer la peur et la division parmi les populations occidentales\u00a0\u00bb.<\/p>\n<p>En France, dans la nuit du 21 au 22 septembre, des drones ont survol\u00e9 une base militaire. Pour l&rsquo;instant, on ne sait pas si les op\u00e9rateurs \u00e9taient des acteurs hostiles ou des spectateurs amateurs.<\/p>\n<p><strong>Une origine difficile \u00e0 prouver<\/strong><\/p>\n<p>Cette ambigu\u00eft\u00e9 est pr\u00e9cis\u00e9ment ce qui rend ces incidents si complexes.<\/p>\n<p>Christophe Gomart, eurod\u00e9put\u00e9 fran\u00e7ais et ancien directeur national du renseignement militaire, avance trois explications possibles : \u00ab\u00a0Des interf\u00e9rences qui font perdre le contr\u00f4le des drones, des provocations d\u00e9lib\u00e9r\u00e9es destin\u00e9es \u00e0 tester les r\u00e9actions, ou des tentatives d&rsquo;\u00e9valuation des capacit\u00e9s d\u00e9fensives de la Pologne, de la Roumanie, et par extension de l&rsquo;UE et de l&rsquo;OTAN\u00a0\u00bb.<\/p>\n<p>Pour Michel Li\u00e9geois, professeur de relations internationales \u00e0 l&rsquo;universit\u00e9 de Louvain, entretenir le doute sur l&rsquo;origine des drones rel\u00e8ve de la strat\u00e9gie russe.<\/p>\n<p>\u00ab\u00a0La guerre hybride vise \u00e0 d\u00e9stabiliser les pays europ\u00e9ens et \u00e0 perturber les infrastructures cl\u00e9s, comme les transports publics. Le ralentissement du trafic a\u00e9rien entra\u00eene des pertes \u00e9conomiques et alimente la frustration du public\u00a0\u00bb, dit-il.<\/p>\n<p>Il met toutefois en garde contre les conclusions h\u00e2tives, estimant que tous les incidents ne peuvent pas \u00eatre automatiquement li\u00e9s \u00e0 Moscou, m\u00eame si leur fr\u00e9quence sugg\u00e8re une d\u00e9stabilisation d\u00e9lib\u00e9r\u00e9e.<\/p>\n<p>S&rsquo;il a \u00e9t\u00e9 confirm\u00e9 que les drones identifi\u00e9s en Pologne \u00e9taient russes, ceux observ\u00e9s au Danemark et en Norv\u00e8ge font toujours l&rsquo;objet d&rsquo;enqu\u00eates.<\/p>\n<p>\u00ab\u00a0Les violations de l&rsquo;espace a\u00e9rien polonais et les perturbations dans les a\u00e9roports danois \u00e9taient des actions d\u00e9lib\u00e9r\u00e9es et coordonn\u00e9es\u00a0\u00bb, affirme l&rsquo;eurod\u00e9put\u00e9 estonien Riho Terras, vice-pr\u00e9sident de la commission de la s\u00e9curit\u00e9 et de la d\u00e9fense du Parlement europ\u00e9en.<\/p>\n<p>Il reconnait toutefois qu&rsquo;il est difficile d&rsquo;apporter des preuves. Une situation r\u00e9currente dans la r\u00e9gion de la Baltique, o\u00f9 les soup\u00e7ons de sabotage russe sont difficiles \u00e0 prouver.<\/p>\n<p>Christophe Gomart note que le soutien fort du Danemark \u00e0 l&rsquo;Ukraine pourrait en faire une cible probable, tout en avertissant que la curiosit\u00e9 ou le comportement d&rsquo;individus cherchant \u00e0 attirer l&rsquo;attention n&rsquo;est pas \u00e0 exclure, \u00e9voquant des \u00ab\u00a0idiots\u00a0\u00bb qui pourraient lancer leurs propres drones.<\/p>\n<p>Pour Michel Li\u00e9geois, l&rsquo;incertitude m\u00eame fait partie de la strat\u00e9gie : \u00ab\u00a0Le manque de clart\u00e9 sur les motifs et les auteurs des attentats amplifie l&rsquo;anxi\u00e9t\u00e9 de la population.\u00a0\u00bb<\/p>\n<p>La Russie nie toute implication, mais plusieurs experts estiment qu&rsquo;elle a beaucoup \u00e0 gagner.<\/p>\n<p><strong>Des messages politiques plut\u00f4t que des objectifs militaires ?<\/strong><\/p>\n<p>L&rsquo;eurod\u00e9put\u00e9 italien Salvatore De Meo estime que le pr\u00e9sident russe Vladimir Poutine \u00ab\u00a0teste les r\u00e9actions des pays de l&rsquo;UE et de l&rsquo;Occident en g\u00e9n\u00e9ral. Je ne pense pas qu&rsquo;il y ait d&rsquo;objectifs militaires sp\u00e9cifiques, mais plut\u00f4t des messages politiques. Je ne crois pas que Poutine souhaite d\u00e9clencher une Troisi\u00e8me Guerre mondiale\u00a0\u00bb.<\/p>\n<p>Malgr\u00e9 les provocations r\u00e9p\u00e9t\u00e9es, les Europ\u00e9ens sont rest\u00e9s relativement unis, note Michel Li\u00e9geois, qui estime que la Russie a \u00e9t\u00e9 surprise de la coh\u00e9sion et de la rapidit\u00e9 de r\u00e9action de l&rsquo;UE apr\u00e8s le d\u00e9but de l&rsquo;invasion russe de Ukraine.<\/p>\n<p>Farah Duquesne Weber, de l&rsquo;agence bruxelloise Sierra Tango se fait l&rsquo;\u00e9cho de ce point de vue : \u00ab\u00a0Les incursions de drones en Europe montrent que les soci\u00e9t\u00e9s civiles sont d\u00e9sormais des cibles \u00e0 part enti\u00e8re. Le d\u00e9fi n&rsquo;est pas seulement de neutraliser une menace technique, mais aussi de pr\u00e9server la confiance et le sentiment de s\u00e9curit\u00e9 des citoyens\u00a0\u00bb.<\/p>\n<p><strong>L&rsquo;UE est-elle pr\u00eate \u00e0 faire face aux incursions de drones ?<\/strong><\/p>\n<p>L&rsquo;eurod\u00e9put\u00e9 estonien Riho Terras s&rsquo;inqui\u00e8te de l&rsquo;\u00e9tat de pr\u00e9paration de l&rsquo;UE. \u00ab\u00a0Les d\u00e9fenses de l&rsquo;Europe contre les drones en temps de paix sont d&rsquo;une m\u00e9diocrit\u00e9 inqui\u00e9tante\u00a0\u00bb, lance-t-il. Ajoutant : \u00ab\u00a0Les pays du flanc est n&rsquo;\u00e9taient pas pr\u00e9par\u00e9s \u00e0 r\u00e9pondre \u00e0 des provocations peu co\u00fbteuses avec des outils appropri\u00e9s. Nous ne pouvons pas nous permettre de contrer des drones bon march\u00e9 avec des missiles ou des avions co\u00fbteux.\u00a0\u00bb<\/p>\n<p>Certains pays, comme la France, ont d\u00e9montr\u00e9 leur capacit\u00e9 \u00e0 se prot\u00e9ger contre les drones &#8211; notamment avec le syst\u00e8me anti-drones d\u00e9ploy\u00e9 pendant l&rsquo;\u00e9t\u00e9 2024 pour les Jeux olympiques de Paris. Mais ces mesures ne sont pas g\u00e9n\u00e9ralis\u00e9es.<\/p>\n<p>Il existe des disparit\u00e9s entre les \u00c9tats membres : alors que certains disposent de syst\u00e8mes anti-drones avanc\u00e9s, d&rsquo;autres s&rsquo;appuient sur une surveillance limit\u00e9e. La perception de la menace varie \u00e9galement au sein de l&rsquo;Union, les pays de l&rsquo;Est consid\u00e9rant la Russie comme le principal danger, tandis que les \u00c9tats du Sud se concentrent sur des questions telles que l&rsquo;immigration clandestine.<\/p>\n<p>Le g\u00e9n\u00e9ral et l\u00e9gislateur Christophe Gomart souligne que l&rsquo;Europe doit \u00ab\u00a0d&rsquo;abord se muscler avant de se montrer\u00a0\u00bb. \u00c0 l&rsquo;heure actuelle, l&rsquo;Europe n&rsquo;est pas particuli\u00e8rement en forme. Il pointe la n\u00e9cessit\u00e9 d&rsquo;investir dans les nouvelles technologies, comme les armes laser capables de neutraliser les drones sans nuire aux populations civiles.<\/p>\n<p><strong>Le \u00ab\u00a0mur anti-drones\u00a0\u00bb de l&rsquo;UE<\/strong><\/p>\n<p>La semaine derni\u00e8re, la Commission europ\u00e9enne a lanc\u00e9 l&rsquo;id\u00e9e d&rsquo;un \u00ab\u00a0mur anti-drones\u00a0\u00bb, un r\u00e9seau de d\u00e9tection et de r\u00e9action le long du flanc oriental de l&rsquo;UE. Ce syst\u00e8me serait cens\u00e9 d\u00e9tecter et d\u00e9truire les drones suspects entrant dans l&rsquo;UE.<\/p>\n<p>Cette initiative rassemble dix \u00c9tats membres : Bulgarie, Danemark, Estonie, Hongrie, Lettonie, Lituanie, Pologne, Roumanie, Slovaquie et Finlande &#8211; avec la participation de l&rsquo;Ukraine, le pays qui poss\u00e8de les capacit\u00e9s les plus avanc\u00e9es en mati\u00e8re de drones.<\/p>\n<p>L&rsquo;eurod\u00e9put\u00e9 Riho Terras compare le concept au D\u00f4me de fer isra\u00e9lien, qui s&rsquo;est av\u00e9r\u00e9 efficace contre les attaques a\u00e9riennes iraniennes. Mais il appelle les autres membres \u00e0 se joindre \u00e0 l&rsquo;initiative, reconnaissant des diff\u00e9rences de priorit\u00e9s en mati\u00e8re de s\u00e9curit\u00e9.<\/p>\n<p>L&rsquo;initiative a en effet \u00e9t\u00e9 accueillie avec des doutes par les l\u00e9gislateurs des pays occidentaux, a d\u00e9clar\u00e9 l&rsquo;Italien De Meo \u00e0 Euronews. \u00ab\u00a0Cela reste une ligne politique en \u00e9volution et pas encore un syst\u00e8me op\u00e9rationnel enti\u00e8rement d\u00e9ploy\u00e9\u00a0\u00bb. Le g\u00e9n\u00e9ral fran\u00e7ais Christophe Gomart met quant \u00e0 lui en garde contre la m\u00e9taphore du \u00ab\u00a0mur\u00a0\u00bb : \u00ab\u00a0Un mur est toujours susceptible d&rsquo;\u00eatre contourn\u00e9. Il n&rsquo;est jamais \u00e9ternel\u00a0\u00bb. Michel Li\u00e9geois ajoute que les mesures de protection devraient \u00e9galement se concentrer sur les menaces \u00e9mergeant \u00e0 l&rsquo;int\u00e9rieur du territoire de l&rsquo;UE, et pas seulement \u00e0 ses fronti\u00e8res.<\/p>\n<p><strong>L&rsquo;unit\u00e9, ultime d\u00e9fense<\/strong><\/p>\n<p>Pour l&rsquo;avenir, Farah Duquesne Weber, explqiue que le d\u00e9fi est autant soci\u00e9tal que militaire : \u00ab\u00a0Chaque incursion est un test pour la coh\u00e9sion de l&rsquo;Europe. Ces actions cherchent \u00e0 diviser l&rsquo;opinion publique et \u00e0 alimenter l&rsquo;anxi\u00e9t\u00e9. L&rsquo;unit\u00e9 est la d\u00e9fense la plus efficace\u00a0\u00bb.<\/p>\n<p>Une vision reprise par le porte-parole de la Commission europ\u00e9enne, Thomas Regnier. \u00ab\u00a0Construire un mur avec des trous ne fonctionnera pas. Nous avons besoin d&rsquo;un bouclier qui s&rsquo;\u00e9tend du Nord au Sud\u00a0\u00bb, a-t-il d\u00e9clar\u00e9 lors d&rsquo;un point de presse.<\/p>\n<p>Les chefs d&rsquo;\u00c9tat et de gouvernement devraient discuter de la mise en \u0153uvre du \u00ab\u00a0mur anti-drones\u00a0\u00bb lors du sommet informel de mercredi \u00e0 Copenhague. Le fait qu&rsquo;ils seront prot\u00e9g\u00e9s par une interdiction des drones impos\u00e9e au Danemark pour la dur\u00e9e de leur r\u00e9union et par le d\u00e9ploiement de multiples mesures de s\u00e9curit\u00e9 par les arm\u00e9es de plusieurs \u00c9tats membres coop\u00e9rants t\u00e9moigne du ton et de l&rsquo;urgence de la discussion.<\/p>\n","protected":false},"excerpt":{"rendered":"PUBLICIT\u00c9 Une \u00ab\u00a0guerre des drones\u00a0\u00bb, c&rsquo;est ainsi que certains observateurs d\u00e9crivent le conflit en Ukraine. Pourtant, les drones&hellip;\n","protected":false},"author":2,"featured_media":427952,"comment_status":"","ping_status":"","sticky":false,"template":"","format":"standard","meta":{"footnotes":""},"categories":[1590],"tags":[11,2196,2024,1777,674,12,3886,220],"class_list":{"0":"post-427951","1":"post","2":"type-post","3":"status-publish","4":"format-standard","5":"has-post-thumbnail","7":"category-ukraine","8":"tag-actualites","9":"tag-commission-europeenne","10":"tag-drones","11":"tag-eu","12":"tag-europe","13":"tag-news","14":"tag-politique-de-lue","15":"tag-ukraine"},"share_on_mastodon":{"url":"https:\/\/pubeurope.com\/@fr\/115291855613127882","error":""},"_links":{"self":[{"href":"https:\/\/www.europesays.com\/fr\/wp-json\/wp\/v2\/posts\/427951","targetHints":{"allow":["GET"]}}],"collection":[{"href":"https:\/\/www.europesays.com\/fr\/wp-json\/wp\/v2\/posts"}],"about":[{"href":"https:\/\/www.europesays.com\/fr\/wp-json\/wp\/v2\/types\/post"}],"author":[{"embeddable":true,"href":"https:\/\/www.europesays.com\/fr\/wp-json\/wp\/v2\/users\/2"}],"replies":[{"embeddable":true,"href":"https:\/\/www.europesays.com\/fr\/wp-json\/wp\/v2\/comments?post=427951"}],"version-history":[{"count":0,"href":"https:\/\/www.europesays.com\/fr\/wp-json\/wp\/v2\/posts\/427951\/revisions"}],"wp:featuredmedia":[{"embeddable":true,"href":"https:\/\/www.europesays.com\/fr\/wp-json\/wp\/v2\/media\/427952"}],"wp:attachment":[{"href":"https:\/\/www.europesays.com\/fr\/wp-json\/wp\/v2\/media?parent=427951"}],"wp:term":[{"taxonomy":"category","embeddable":true,"href":"https:\/\/www.europesays.com\/fr\/wp-json\/wp\/v2\/categories?post=427951"},{"taxonomy":"post_tag","embeddable":true,"href":"https:\/\/www.europesays.com\/fr\/wp-json\/wp\/v2\/tags?post=427951"}],"curies":[{"name":"wp","href":"https:\/\/api.w.org\/{rel}","templated":true}]}}