{"id":427959,"date":"2025-09-30T06:37:11","date_gmt":"2025-09-30T06:37:11","guid":{"rendered":"https:\/\/www.europesays.com\/fr\/427959\/"},"modified":"2025-09-30T06:37:11","modified_gmt":"2025-09-30T06:37:11","slug":"dans-le-ciel-europeen-moscou-teste-lotan-avec-des-incursions-aeriennes-record","status":"publish","type":"post","link":"https:\/\/www.europesays.com\/fr\/427959\/","title":{"rendered":"Dans le ciel europ\u00e9en, Moscou teste l\u2019OTAN avec des incursions a\u00e9riennes record"},"content":{"rendered":"<p>    R\u00e9sum\u00e9 en 20 secondes<\/p>\n<p>        En savoir plus sur ce type de contenu<\/p>\n<p>Ce r\u00e9sum\u00e9 peut avoir \u00e9t\u00e9 \u00e9crit avec l&rsquo;assistance d\u2019une IA g\u00e9n\u00e9rative. <a href=\"https:\/\/www.letemps.ch\/cyber\/l-usage-de-l-ia-generative-par-les-journalistes-du-temps\" target=\"_blank\" rel=\"noopener\">En savoir plus<\/a><\/p>\n<p class=\"article__abstract-call-to-action\" data-ariato=\"TrackableElement\" data-trackable-element-type=\"article_abstract_cta\" data-trackable-element-location=\"article_header\" data-trackable-element-id=\"507467\">\n        <a data-event=\"click-&gt;clicked\" href=\"https:\/\/www.letemps.ch\/abonnements\" target=\"_blank\" rel=\"noopener\">Abonnez-vous<\/a> pour acc\u00e9der au r\u00e9sum\u00e9 en 20 secondes.\n      <\/p>\n<p>Une vingtaine de drones dans le ciel polonais. Trois avions de combat russes MiG-31 qui survolent le golfe de Finlande pendant douze minutes. Et une multitude d\u2019autres drones d\u2019origine toujours myst\u00e9rieuse, qui paralysent les a\u00e9roports danois et, dans une moindre mesure, norv\u00e9giens. Depuis le d\u00e9but du mois de septembre, le ciel europ\u00e9en est le th\u00e9\u00e2tre de violations r\u00e9p\u00e9t\u00e9es, poussant les Occidentaux \u00e0 multiplier les r\u00e9unions et, dans le cas danois, \u00e0 interdire toute utilisation de drones \u00e0 la veille de plusieurs sommets europ\u00e9ens \u00e0 Copenhague. \u00abLe Danemark fait face \u00e0 des attaques hybrides\u00bb visant \u00e0 \u00absemer la peur et la division\u00bb, a d\u00e9clar\u00e9 la premi\u00e8re ministre danoise, Mette Frederiksen. Car ces incidents qui se multiplient mettent sur une piste: celle de provocations d\u00e9lib\u00e9r\u00e9es plut\u00f4t que d\u2019erreurs regrettables. Et par ce qui para\u00eet \u00eatre une escalade contr\u00f4l\u00e9e, Moscou semble vouloir tester la r\u00e9action de l\u2019OTAN, une alliance plus que jamais sous pression.<\/p>\n<p>A la mi-septembre, l\u2019organisation non gouvernementale <a href=\"https:\/\/acleddata.com\/\" rel=\"nofollow noopener\" target=\"_blank\">The Armed Conflict Location\u00a0&amp; Event Data Project<\/a> (Acled) d\u00e9nombrait plus d\u2019une cinquantaine de cas de violations russes de l\u2019espace a\u00e9rien des pays situ\u00e9s \u00e0 proximit\u00e9 des fronti\u00e8res occidentales de l\u2019Ukraine depuis le d\u00e9but de la guerre. Le reste, ce sont des incursions ukrainiennes (6) ou non identifi\u00e9es (23). Fragments de missiles, drones errants ou survol d\u2019avions, la grande majorit\u00e9 des \u00e9v\u00e9nements du d\u00e9compte d\u2019Acled partag\u00e9 avec Le Temps concernent deux pays: la Roumanie et la Moldavie, premi\u00e8res victimes collat\u00e9rales de l\u2019invasion \u00e0 grande \u00e9chelle de l\u2019Ukraine par la Russie.<\/p>\n","protected":false},"excerpt":{"rendered":"R\u00e9sum\u00e9 en 20 secondes En savoir plus sur ce type de contenu Ce r\u00e9sum\u00e9 peut avoir \u00e9t\u00e9 \u00e9crit&hellip;\n","protected":false},"author":2,"featured_media":427960,"comment_status":"","ping_status":"","sticky":false,"template":"","format":"standard","meta":{"footnotes":""},"categories":[1586],"tags":[11,1777,674,1011,27,12,301,25,132,220,364],"class_list":{"0":"post-427959","1":"post","2":"type-post","3":"status-publish","4":"format-standard","5":"has-post-thumbnail","7":"category-europe","8":"tag-actualites","9":"tag-eu","10":"tag-europe","11":"tag-fr","12":"tag-france","13":"tag-news","14":"tag-premium","15":"tag-republique-francaise","16":"tag-russie","17":"tag-ukraine","18":"tag-union-europeenne"},"share_on_mastodon":{"url":"https:\/\/pubeurope.com\/@fr\/115291871254202432","error":""},"_links":{"self":[{"href":"https:\/\/www.europesays.com\/fr\/wp-json\/wp\/v2\/posts\/427959","targetHints":{"allow":["GET"]}}],"collection":[{"href":"https:\/\/www.europesays.com\/fr\/wp-json\/wp\/v2\/posts"}],"about":[{"href":"https:\/\/www.europesays.com\/fr\/wp-json\/wp\/v2\/types\/post"}],"author":[{"embeddable":true,"href":"https:\/\/www.europesays.com\/fr\/wp-json\/wp\/v2\/users\/2"}],"replies":[{"embeddable":true,"href":"https:\/\/www.europesays.com\/fr\/wp-json\/wp\/v2\/comments?post=427959"}],"version-history":[{"count":0,"href":"https:\/\/www.europesays.com\/fr\/wp-json\/wp\/v2\/posts\/427959\/revisions"}],"wp:featuredmedia":[{"embeddable":true,"href":"https:\/\/www.europesays.com\/fr\/wp-json\/wp\/v2\/media\/427960"}],"wp:attachment":[{"href":"https:\/\/www.europesays.com\/fr\/wp-json\/wp\/v2\/media?parent=427959"}],"wp:term":[{"taxonomy":"category","embeddable":true,"href":"https:\/\/www.europesays.com\/fr\/wp-json\/wp\/v2\/categories?post=427959"},{"taxonomy":"post_tag","embeddable":true,"href":"https:\/\/www.europesays.com\/fr\/wp-json\/wp\/v2\/tags?post=427959"}],"curies":[{"name":"wp","href":"https:\/\/api.w.org\/{rel}","templated":true}]}}