{"id":427963,"date":"2025-09-30T06:39:11","date_gmt":"2025-09-30T06:39:11","guid":{"rendered":"https:\/\/www.europesays.com\/fr\/427963\/"},"modified":"2025-09-30T06:39:11","modified_gmt":"2025-09-30T06:39:11","slug":"2-millions-de-personnes-agees-vivent-isolees-liberation","status":"publish","type":"post","link":"https:\/\/www.europesays.com\/fr\/427963\/","title":{"rendered":"2\u00a0millions de personnes \u00e2g\u00e9es vivent isol\u00e9es \u2013 Lib\u00e9ration"},"content":{"rendered":"<p class=\"sc-cPiKLX AiZTS text-element\">Des seniors de plus en plus seuls et isol\u00e9s. A la veille de la journ\u00e9e internationale des personnes \u00e2g\u00e9es, les Petits Fr\u00e8res des pauvres publient ce mardi 30 septembre <a href=\"https:\/\/1eroctobre.petitsfreresdespauvres.fr\/\" target=\"_blank\" rel=\"nofollow noopener\" title=\"https:\/\/1eroctobre.petitsfreresdespauvres.fr\/\">leur \u00abBarom\u00e8tre 2025 solitude et isolement, quand on a plus de 60 ans en France\u00bb.<\/a> Le constat est sombre, alarmant. Quelque 2 millions de personnes \u00e2g\u00e9es sont isol\u00e9es et 750 000 vivent en situation de mort sociale, soit 4% des plus de 60 ans. Ce qui signifie que ces seniors sont coup\u00e9s des quatre cercles de sociabilit\u00e9 : familial, amical, de voisinage et des r\u00e9seaux associatifs. \u00abPourtant, face \u00e0 cette explosion de l\u2019isolement social des a\u00een\u00e9s, alors que nous ne sommes qu\u2019au d\u00e9but d\u2019une forte transition d\u00e9mographique, les pouvoirs publics voient sans regarder et se contentent de menus bricolages : une plateforme num\u00e9rique par-ci, une strat\u00e9gie \u201cBien vieillir\u201d qui se r\u00e9sume \u00e0 un catalogue de mesures dont une partie existait d\u00e9j\u00e0, quelques heures de lien social qui risquent de ne concerner qu\u2019une infime minorit\u00e9 des personnes isol\u00e9es\u00bb, pointe Yann Lasnier, le d\u00e9l\u00e9gu\u00e9 g\u00e9n\u00e9ral des <a href=\"https:\/\/www.petitsfreresdespauvres.fr\/\" target=\"_blank\" rel=\"nofollow noopener\" title=\"https:\/\/www.petitsfreresdespauvres.fr\/\">Petits Fr\u00e8res des pauvres.<\/a> <\/p>\n<p class=\"sc-cPiKLX AiZTS text-element\">L\u2019\u00e9tude, men\u00e9e tous les quatre ans, touche cette fois 1 860 individus \u00e2g\u00e9s de 60 ans et plus, vivant en France m\u00e9tropolitaine ainsi qu\u2019 <\/p>\n","protected":false},"excerpt":{"rendered":"Des seniors de plus en plus seuls et isol\u00e9s. A la veille de la journ\u00e9e internationale des personnes&hellip;\n","protected":false},"author":2,"featured_media":427964,"comment_status":"","ping_status":"","sticky":false,"template":"","format":"standard","meta":{"footnotes":""},"categories":[2],"tags":[11,1011,27,12,10181,25],"class_list":{"0":"post-427963","1":"post","2":"type-post","3":"status-publish","4":"format-standard","5":"has-post-thumbnail","7":"category-actualites","8":"tag-actualites","9":"tag-fr","10":"tag-france","11":"tag-news","12":"tag-precarite","13":"tag-republique-francaise"},"share_on_mastodon":{"url":"https:\/\/pubeurope.com\/@fr\/115291879138936907","error":""},"_links":{"self":[{"href":"https:\/\/www.europesays.com\/fr\/wp-json\/wp\/v2\/posts\/427963","targetHints":{"allow":["GET"]}}],"collection":[{"href":"https:\/\/www.europesays.com\/fr\/wp-json\/wp\/v2\/posts"}],"about":[{"href":"https:\/\/www.europesays.com\/fr\/wp-json\/wp\/v2\/types\/post"}],"author":[{"embeddable":true,"href":"https:\/\/www.europesays.com\/fr\/wp-json\/wp\/v2\/users\/2"}],"replies":[{"embeddable":true,"href":"https:\/\/www.europesays.com\/fr\/wp-json\/wp\/v2\/comments?post=427963"}],"version-history":[{"count":0,"href":"https:\/\/www.europesays.com\/fr\/wp-json\/wp\/v2\/posts\/427963\/revisions"}],"wp:featuredmedia":[{"embeddable":true,"href":"https:\/\/www.europesays.com\/fr\/wp-json\/wp\/v2\/media\/427964"}],"wp:attachment":[{"href":"https:\/\/www.europesays.com\/fr\/wp-json\/wp\/v2\/media?parent=427963"}],"wp:term":[{"taxonomy":"category","embeddable":true,"href":"https:\/\/www.europesays.com\/fr\/wp-json\/wp\/v2\/categories?post=427963"},{"taxonomy":"post_tag","embeddable":true,"href":"https:\/\/www.europesays.com\/fr\/wp-json\/wp\/v2\/tags?post=427963"}],"curies":[{"name":"wp","href":"https:\/\/api.w.org\/{rel}","templated":true}]}}