{"id":427977,"date":"2025-09-30T06:47:11","date_gmt":"2025-09-30T06:47:11","guid":{"rendered":"https:\/\/www.europesays.com\/fr\/427977\/"},"modified":"2025-09-30T06:47:11","modified_gmt":"2025-09-30T06:47:11","slug":"motogp-apres-le-drapeau-a-damier-de-motegi-le-nouveau-classement-promeut-honda","status":"publish","type":"post","link":"https:\/\/www.europesays.com\/fr\/427977\/","title":{"rendered":"MotoGP Apr\u00e8s le drapeau \u00e0 damier de Motegi, le nouveau classement promeut Honda !"},"content":{"rendered":"<p>Le Grand-Prix du Japon de MotoGP 2025 aura eu des cons\u00e9quences sur le classement g\u00e9n\u00e9ral, c\u00f4t\u00e9 \u00e9quipes. En effet, dimanche dernier, Joan Mir obtenait un premier podium pour le Team Honda HRC. De gros points qui, conjugu\u00e9s \u00e0 la moisson inf\u00e9rieure de l\u2019\u00e9curie satellite Trackhouse (Aprilia), permettait au constructeur nippon de grimper d\u2019une place dans cette hi\u00e9rarchie.<\/p>\n<blockquote class=\"twitter-tweet\">\n<p dir=\"ltr\" lang=\"en\">\ud83e\udd49First podium with Honda, at Honda\u2019s home \ud83c\uddef\ud83c\uddf5<br \/>A very special moment after years of effort and sacrifice.<\/p>\n<p>This result is all about patience, constant work and trust. Thanks to my family and the team for always believing.<a href=\"https:\/\/twitter.com\/hashtag\/mir36?src=hash&amp;ref_src=twsrc%5Etfw\" target=\"_blank\" rel=\"noopener nofollow\">#mir36<\/a> <a href=\"https:\/\/t.co\/zJqkp3OH4u\" rel=\"nofollow\">pic.twitter.com\/zJqkp3OH4u<\/a><\/p>\n<p>\u2014 JoanMir36 (@JoanMirOfficial) <a href=\"https:\/\/twitter.com\/JoanMirOfficial\/status\/1972240909820658105?ref_src=twsrc%5Etfw\" target=\"_blank\" rel=\"noopener nofollow\">September 28, 2025<\/a><\/p>\n<\/blockquote>\n<p>MotoGP : le podium final se dessine !<\/p>\n<p>A Motegi c\u2019est \u00e0 dire, \u00e0 domicile, le Team HRC a non seulement enfonc\u00e9 le clou face \u00e0 sa formation satellite, LCR, mais aussi, gagn\u00e9 une place au championnat. Avec d\u00e9sormais quatre points d\u2019avance sur Trackhouse, Honda pointe maintenant \u00e0 la huiti\u00e8me place du classement. A seulement huit unit\u00e9s de la septi\u00e8me place, d\u00e9tenue par un Team Tech3 en claire perte de vitesse. Et compte tenu des r\u00e9sultats exceptionnels du HRC depuis plusieurs courses, la sixi\u00e8me place de Yamaha (Factory) est peut-\u00eatre m\u00eame, elle aussi, accessible.<\/p>\n<p>Nicolas Goyon, le Team Manager de KTM Tech3 commentait, apr\u00e8s un autre week-end difficile : \u00ab L\u2019\u00e9quipe Red Bull KTM Tech3 quitte le Japon sur une note beaucoup plus positive apr\u00e8s un week-end difficile. Une 11e place pour Enea Bastianini n\u2019est \u00e9videmment pas notre objectif, mais nous pouvons la consid\u00e9rer comme une belle r\u00e9compense au vu du week-end global. Son feeling s\u2019est am\u00e9lior\u00e9 aujourd\u2019hui, sa performance avec les pneus neufs en d\u00e9but de course n\u2019\u00e9tait probablement pas optimale, mais il a mieux g\u00e9r\u00e9 la seconde moiti\u00e9 de la course pour terminer \u00e0 une solide 11e place. Je tiens donc \u00e0 le remercier pour son attitude in\u00e9branlable, car nous esp\u00e9rons que la situation s\u2019am\u00e9liorera la semaine prochaine \u00e0 Mandalika. Du c\u00f4t\u00e9 de Maverick Vi\u00f1ales, le week-end a \u00e9t\u00e9 compliqu\u00e9. Son \u00e9paule est encore un peu faible et il n\u2019a pas pu piloter la moto comme il le souhaitait de tout le week-end. Une 16e place n\u2019est pas notre objectif, mais il a termin\u00e9 la course dans de meilleures conditions, ce qui repr\u00e9sente un pas de plus vers une gu\u00e9rison compl\u00e8te. Il est temps de revenir et de rejoindre Lombok pour la prochaine manche, le Grand Prix d\u2019Indon\u00e9sie, la semaine prochaine ! \u00bb<\/p>\n<p>Puisque 35 points s\u00e9parent les deux Team et qu\u2019il reste cinq Grand-Prix \u00e0 courir, dans cette saison 2025 de MotoGP. Concernant le podium final, derri\u00e8re Ducati et son impressionnant score comptable, Gresini Racing parait tr\u00e8s proche de d\u00e9crocher la deuxi\u00e8me place, devant le VR46. Bien que ce dernier ait marqu\u00e9 davantage de points, au Grand-Prix du Japon 2025. Mais derri\u00e8re, KTM et Aprilia n\u2019ont que peu d\u2019espoirs de monter sur ce podium final. En revanche, ces deux \u00e9quipes ne se sont toujours pas d\u00e9partag\u00e9es, avec 16 unit\u00e9s \u00e0 la faveur du constructeur autrichien.<\/p>\n<p>\u201cJe pense que nous pouvons \u00eatre satisfaits du week-end de Franco et de son travail en course. Sa cinqui\u00e8me place aujourd\u2019hui est vraiment solide ; ce n\u2019\u00e9tait pas facile du tout. Concernant Diggia, la journ\u00e9e de vendredi a \u00e9t\u00e9 tr\u00e8s positive, mais nous devons comprendre ce qui s\u2019est pass\u00e9 samedi et dimanche. L\u2019objectif sera de retrouver le feeling qu\u2019il avait avant le Grand Prix du Japon afin d\u2019\u00eatre pr\u00eats pour la course du week-end prochain en Indon\u00e9sie, qui est presque devenue une course \u00e0 domicile pour nous\u201c, r\u00e9sumait pour sa part Pablo Nieto, Team Manager du VR46.<\/p>\n<p>Et, c\u2019est une certitude, la nouvelle blessure de Jorge Martin ne va pas aider Aprilia \u00e0 r\u00e9cup\u00e9rer cette quatri\u00e8me place. Voici le classement complet, apr\u00e8s Motegi et \u00e0 quelques jours de l\u2019\u00e9preuve de Mandalika.<\/p>\n<tr class=\"standings-table__body-row\">\n<td class=\"standings-table__body-cell standings-table__body-cell--pos u-hide-tablet\">1<\/td>\n<td class=\"standings-table__body-cell standings-table__body-cell--team \">Ducati Lenovo Team<\/td>\n<td class=\"standings-table__body-cell standings-table__body-cell--points\">815 points<\/td>\n<\/tr>\n<tr class=\"standings-table__body-row\">\n<td class=\"standings-table__body-cell standings-table__body-cell--pos u-hide-tablet\">2<\/td>\n<td class=\"standings-table__body-cell standings-table__body-cell--team \">BK8 Gresini Racing MotoGP<\/td>\n<td class=\"standings-table__body-cell standings-table__body-cell--points\">487 points<\/td>\n<\/tr>\n<tr class=\"standings-table__body-row\">\n<td class=\"standings-table__body-cell standings-table__body-cell--pos u-hide-tablet\">3<\/td>\n<td class=\"standings-table__body-cell standings-table__body-cell--team \">Pertamina Enduro VR46 Racing Team<\/td>\n<td class=\"standings-table__body-cell standings-table__body-cell--points\">378 points<\/td>\n<\/tr>\n<tr class=\"standings-table__body-row\">\n<td class=\"standings-table__body-cell standings-table__body-cell--pos u-hide-tablet\">4<\/td>\n<td class=\"standings-table__body-cell standings-table__body-cell--team \">Red Bull KTM Factory Racing<\/td>\n<td class=\"standings-table__body-cell standings-table__body-cell--points\">300 points<\/td>\n<\/tr>\n<tr class=\"standings-table__body-row\">\n<td class=\"standings-table__body-cell standings-table__body-cell--pos u-hide-tablet\">5<\/td>\n<td class=\"standings-table__body-cell standings-table__body-cell--team \">Aprilia Racing<\/td>\n<td class=\"standings-table__body-cell standings-table__body-cell--points\">284 points<\/td>\n<\/tr>\n<tr class=\"standings-table__body-row\">\n<td class=\"standings-table__body-cell standings-table__body-cell--pos u-hide-tablet\">6<\/td>\n<td class=\"standings-table__body-cell standings-table__body-cell--team \">Monster Energy Yamaha MotoGP Team<\/td>\n<td class=\"standings-table__body-cell standings-table__body-cell--points\">194 points<\/td>\n<\/tr>\n<tr class=\"standings-table__body-row\">\n<td class=\"standings-table__body-cell standings-table__body-cell--pos u-hide-tablet\">7<\/td>\n<td class=\"standings-table__body-cell standings-table__body-cell--team \">Red Bull KTM Tech3<\/td>\n<td class=\"standings-table__body-cell standings-table__body-cell--points\">177 points<\/td>\n<\/tr>\n<tr class=\"standings-table__body-row\">\n<td class=\"standings-table__body-cell standings-table__body-cell--pos u-hide-tablet\">8<\/td>\n<td class=\"standings-table__body-cell standings-table__body-cell--team \">Honda HRC Castrol<\/td>\n<td class=\"standings-table__body-cell standings-table__body-cell--points\">169 points<\/td>\n<\/tr>\n<tr class=\"standings-table__body-row\">\n<td class=\"standings-table__body-cell standings-table__body-cell--pos u-hide-tablet\">9<\/td>\n<td class=\"standings-table__body-cell standings-table__body-cell--team \">Trackhouse MotoGP Team<\/td>\n<td class=\"standings-table__body-cell standings-table__body-cell--points\">165 points<\/td>\n<\/tr>\n<tr class=\"standings-table__body-row\">\n<td class=\"standings-table__body-cell standings-table__body-cell--pos u-hide-tablet\">10<\/td>\n<td class=\"standings-table__body-cell standings-table__body-cell--team \">LCR Honda<\/td>\n<td class=\"standings-table__body-cell standings-table__body-cell--points\">127 points<\/td>\n<\/tr>\n<tr class=\"standings-table__body-row\">\n<td class=\"standings-table__body-cell standings-table__body-cell--pos u-hide-tablet\">11<\/td>\n<td class=\"standings-table__body-cell standings-table__body-cell--team \">Prima Pramac Yamaha MotoGP<\/td>\n<td class=\"standings-table__body-cell standings-table__body-cell--points\">87 points<\/td>\n<\/tr>\n<p>Article publi\u00e9 le 30\/09\/2025 \u00e0 5h55<\/p>\n<p>                                                            <script async src=\"https:\/\/platform.twitter.com\/widgets.js\" charset=\"utf-8\"><\/script><\/p>\n","protected":false},"excerpt":{"rendered":"Le Grand-Prix du Japon de MotoGP 2025 aura eu des cons\u00e9quences sur le classement g\u00e9n\u00e9ral, c\u00f4t\u00e9 \u00e9quipes. En&hellip;\n","protected":false},"author":2,"featured_media":427978,"comment_status":"","ping_status":"","sticky":false,"template":"","format":"standard","meta":{"footnotes":""},"categories":[1413],"tags":[1981,1011,27,1457,1456,1458,60],"class_list":{"0":"post-427977","1":"post","2":"type-post","3":"status-publish","4":"format-standard","5":"has-post-thumbnail","7":"category-moto","8":"tag-classement","9":"tag-fr","10":"tag-france","11":"tag-moto","12":"tag-motocycle","13":"tag-motogp","14":"tag-sports"},"share_on_mastodon":{"url":"https:\/\/pubeurope.com\/@fr\/115291910522014970","error":""},"_links":{"self":[{"href":"https:\/\/www.europesays.com\/fr\/wp-json\/wp\/v2\/posts\/427977","targetHints":{"allow":["GET"]}}],"collection":[{"href":"https:\/\/www.europesays.com\/fr\/wp-json\/wp\/v2\/posts"}],"about":[{"href":"https:\/\/www.europesays.com\/fr\/wp-json\/wp\/v2\/types\/post"}],"author":[{"embeddable":true,"href":"https:\/\/www.europesays.com\/fr\/wp-json\/wp\/v2\/users\/2"}],"replies":[{"embeddable":true,"href":"https:\/\/www.europesays.com\/fr\/wp-json\/wp\/v2\/comments?post=427977"}],"version-history":[{"count":0,"href":"https:\/\/www.europesays.com\/fr\/wp-json\/wp\/v2\/posts\/427977\/revisions"}],"wp:featuredmedia":[{"embeddable":true,"href":"https:\/\/www.europesays.com\/fr\/wp-json\/wp\/v2\/media\/427978"}],"wp:attachment":[{"href":"https:\/\/www.europesays.com\/fr\/wp-json\/wp\/v2\/media?parent=427977"}],"wp:term":[{"taxonomy":"category","embeddable":true,"href":"https:\/\/www.europesays.com\/fr\/wp-json\/wp\/v2\/categories?post=427977"},{"taxonomy":"post_tag","embeddable":true,"href":"https:\/\/www.europesays.com\/fr\/wp-json\/wp\/v2\/tags?post=427977"}],"curies":[{"name":"wp","href":"https:\/\/api.w.org\/{rel}","templated":true}]}}