{"id":427981,"date":"2025-09-30T06:49:09","date_gmt":"2025-09-30T06:49:09","guid":{"rendered":"https:\/\/www.europesays.com\/fr\/427981\/"},"modified":"2025-09-30T06:49:09","modified_gmt":"2025-09-30T06:49:09","slug":"cinq-cousins-du-cotentin-en-selle-pour-1-200-km-jusqua-argeles-pour-la-bonne-cause","status":"publish","type":"post","link":"https:\/\/www.europesays.com\/fr\/427981\/","title":{"rendered":"Cinq cousins du Cotentin en selle pour 1 200 km jusqu&rsquo;\u00e0 Argel\u00e8s pour la bonne cause"},"content":{"rendered":"<p>            Par<br \/>\n        <strong><br \/>\n            <a href=\"https:\/\/actu.fr\/auteur\/redaction-pressemanche\" title=\"Consulter tous les articles de R\u00e9daction La Presse de la Manche\" rel=\"nofollow noopener\" target=\"_blank\">R\u00e9daction La Presse de la Manche<\/a><br \/>\n        <\/strong><\/p>\n<p>        Publi\u00e9 le<\/p>\n<p>            30 sept. 2025 \u00e0 6h30        <\/p>\n<p data-end=\"626\">Mercredi 24 septembre 2025, <b>cinq cousins <\/b>de <a href=\"https:\/\/actu.fr\/normandie\/tonneville_50600\" rel=\"nofollow noopener\" target=\"_blank\">Tonneville<\/a> (<a href=\"https:\/\/actu.fr\/normandie\/manche_50\" rel=\"nofollow noopener\" target=\"_blank\">Manche<\/a>) se sont lanc\u00e9s dans une belle aventure sportive : parcourir <b>1 200 kilom\u00e8tres, avec 8 000 m\u00e8tres de d\u00e9nivel\u00e9 positif, <\/b>en douze \u00e9tapes pour relier la Manche \u00e0 la M\u00e9diterran\u00e9e. Leur arriv\u00e9e est pr\u00e9vue sur la plage d\u2019Argel\u00e8s-sur-Mer, o\u00f9 l\u2019\u00e9pouse de l\u2019un d\u2019eux g\u00e8re un parc de mobil-homes.<\/p>\n<p data-end=\"626\" class=\" wall-content\"><b>\u00c2g\u00e9s de 62 \u00e0 76\u00a0ans, <\/b>Christian Jeanne, St\u00e9phane Lechevalier, Christian Varin, Patrick Vilain et G\u00e9rard Mabire ont soigneusement pr\u00e9par\u00e9 leur itin\u00e9raire, en privil\u00e9giant <b>les routes secondaires et les pentes les plus douces.<\/b> Chaque \u00e9tape est jalonn\u00e9e d\u2019arr\u00eats en g\u00eete, d\u00e9j\u00e0 r\u00e9serv\u00e9s. Et l\u2019avant-derni\u00e8re \u00e9tape les conduira \u00e0 Narbonne<b>, chez l\u2019ancien rugbyman Gilles Belzon<\/b>, propri\u00e9taire d\u2019une brasserie dans les halles et qui a offert les tenues \u00e0 nos cinq cyclistes.<\/p>\n<p>Un d\u00e9fi apr\u00e8s le cancer<\/p>\n<p data-end=\"1370\" class=\" wall-content\">En gestation depuis six ans, ce projet avait \u00e9t\u00e9<b> retard\u00e9 par la maladie. Trois des cousins <\/b>ont en effet d\u00fb affronter successivement un cancer, avant de reprendre ensemble la route. \u00ab Une fois soign\u00e9s, ils ont repris leurs v\u00e9los pour relever ce d\u00e9fi et prouver qu\u2019il \u00e9tait possible de renouer avec leur passion \u00bb, souligne Christian Varin.<\/p>\n<p data-end=\"1674\" class=\" wall-content\">Intitul\u00e9e<b> l\u2019Entre-deux mers, <\/b>cette \u00e9preuve cycliste est organis\u00e9e sous l\u2019\u00e9gide de l\u2019Association fran\u00e7aise d\u2019urologie, parrain\u00e9e par Bernard Hinault, et a pour mot d\u2019ordre :<b> la pr\u00e9vention.<\/b><\/p>\n<p data-end=\"1674\" class=\" wall-content\">Le message de nos cinq \u00ab aventuriers \u00bb est d\u2019ailleurs le suivant : \u00ab Messieurs, faites une prise de sang pour le d\u00e9pistage du cancer de la prostate : <b>cela peut vous sauver<\/b> \u00bb.<\/p>\n<p data-end=\"1674\" class=\" wall-content\"><b>De notre correspondant Philippe QU\u00c9VASTRE<\/b><\/p>\n<p class=\" wall-content\">Personnalisez votre actualit\u00e9 en ajoutant vos villes et m\u00e9dias en favori avec <a href=\"https:\/\/moncompte.actu.fr\" title=\"D\u00e9couvez Mon Actu\" rel=\"nofollow noopener\" data-trk=\"{&quot;cta&quot;:{&quot;action&quot;:&quot;https:\\\/\\\/moncompte.actu.fr&quot;,&quot;category&quot;:&quot;mon compte&quot;,&quot;from&quot;:&quot;article footer&quot;,&quot;name&quot;:&quot;Mon actu&quot;,&quot;type&quot;:&quot;cta&quot;}}\" target=\"_blank\">Mon Actu<\/a>.<\/p>\n","protected":false},"excerpt":{"rendered":"Par R\u00e9daction La Presse de la Manche Publi\u00e9 le 30 sept. 2025 \u00e0 6h30 Mercredi 24 septembre 2025,&hellip;\n","protected":false},"author":2,"featured_media":427982,"comment_status":"","ping_status":"","sticky":false,"template":"","format":"standard","meta":{"footnotes":""},"categories":[1411],"tags":[3168,1154,207,1011,27,104,3400,60,208],"class_list":{"0":"post-427981","1":"post","2":"type-post","3":"status-publish","4":"format-standard","5":"has-post-thumbnail","7":"category-cyclisme","8":"tag-cotentin","9":"tag-cycling","10":"tag-cyclisme","11":"tag-fr","12":"tag-france","13":"tag-societe","14":"tag-solidarite","15":"tag-sports","16":"tag-velo"},"share_on_mastodon":{"url":"https:\/\/pubeurope.com\/@fr\/115291918493207777","error":""},"_links":{"self":[{"href":"https:\/\/www.europesays.com\/fr\/wp-json\/wp\/v2\/posts\/427981","targetHints":{"allow":["GET"]}}],"collection":[{"href":"https:\/\/www.europesays.com\/fr\/wp-json\/wp\/v2\/posts"}],"about":[{"href":"https:\/\/www.europesays.com\/fr\/wp-json\/wp\/v2\/types\/post"}],"author":[{"embeddable":true,"href":"https:\/\/www.europesays.com\/fr\/wp-json\/wp\/v2\/users\/2"}],"replies":[{"embeddable":true,"href":"https:\/\/www.europesays.com\/fr\/wp-json\/wp\/v2\/comments?post=427981"}],"version-history":[{"count":0,"href":"https:\/\/www.europesays.com\/fr\/wp-json\/wp\/v2\/posts\/427981\/revisions"}],"wp:featuredmedia":[{"embeddable":true,"href":"https:\/\/www.europesays.com\/fr\/wp-json\/wp\/v2\/media\/427982"}],"wp:attachment":[{"href":"https:\/\/www.europesays.com\/fr\/wp-json\/wp\/v2\/media?parent=427981"}],"wp:term":[{"taxonomy":"category","embeddable":true,"href":"https:\/\/www.europesays.com\/fr\/wp-json\/wp\/v2\/categories?post=427981"},{"taxonomy":"post_tag","embeddable":true,"href":"https:\/\/www.europesays.com\/fr\/wp-json\/wp\/v2\/tags?post=427981"}],"curies":[{"name":"wp","href":"https:\/\/api.w.org\/{rel}","templated":true}]}}