{"id":427986,"date":"2025-09-30T06:52:13","date_gmt":"2025-09-30T06:52:13","guid":{"rendered":"https:\/\/www.europesays.com\/fr\/427986\/"},"modified":"2025-09-30T06:52:13","modified_gmt":"2025-09-30T06:52:13","slug":"cet-immeuble-bat-un-record-fou-et-vous-passez-devant-sans-le-savoir","status":"publish","type":"post","link":"https:\/\/www.europesays.com\/fr\/427986\/","title":{"rendered":"cet immeuble bat un record fou (et vous passez devant sans le savoir)"},"content":{"rendered":"<p>\u00c0 quelques minutes de Paris, un g\u00e9ant discret s\u2019\u00e9tire sur plus d\u2019un kilom\u00e8tre sans que vous ne le remarquiez. Il s\u2019appelle <strong>le Serpentin<\/strong>. Nich\u00e9 \u00e0 Pantin, au c\u0153ur de la cit\u00e9 des Courtilli\u00e8res, cet immeuble hors norme d\u00e9tient un record \u00e9tonnant : <strong>c\u2019est le plus long de France<\/strong>. Et pourtant, des milliers de personnes passent devant chaque jour sans en conna\u00eetre l\u2019histoire fascinante.<\/p>\n<p>Un ruban architectural aux portes de Paris<\/p>\n<p>Le Serpentin n\u2019est pas un immeuble comme les autres. Contrairement aux blocs rectilignes des ann\u00e9es d\u2019apr\u00e8s-guerre, il adopte une forme sinueuse, presque dansante. Construit dans les ann\u00e9es 1950 par l\u2019architecte <strong>\u00c9mile Aillaud<\/strong>, cet \u00e9difice sort de tous les standards. Il entoure un parc paysager de <strong>4 hectares<\/strong>, cr\u00e9ant un ensemble \u00e0 la fois protecteur et ouvert sur la nature.<\/p>\n<p>Son architecture singuli\u00e8re s\u2019inspire des villes m\u00e9di\u00e9vales italiennes et de la ville de Bath, au Royaume-Uni. Le but ? Offrir une alternative \u00e0 la monotonie des grands ensembles modernes. Aillaud ose une palette color\u00e9e in\u00e9dite pour l\u2019\u00e9poque : <strong>bleu ciel en fa\u00e7ade ext\u00e9rieure, rose \u00e0 l\u2019int\u00e9rieur<\/strong>. Un vrai choc visuel dans un contexte marqu\u00e9 par le b\u00e9ton gris et les lignes droites.<\/p>\n<p>Un d\u00e9fi d\u2019apr\u00e8s-guerre relev\u00e9 avec audace<\/p>\n<p>\u00c0 la fin des ann\u00e9es 1940, la France manque cruellement de logements. Il faut construire vite, et beaucoup. Pantin semble id\u00e9ale pour accueillir un projet colossal. En 1964, le Serpentin est livr\u00e9. Il abrite alors environ <strong>6000 habitants<\/strong>.<\/p>\n<p>La presse s\u2019enthousiasme. Certains surnomment m\u00eame le quartier \u201c<strong>Manhattan \u00e0 Pantin<\/strong>\u201d en d\u00e9couvrant ce colosse si atypique. Mais avec le temps, le r\u00eave s\u2019\u00e9rode\u2026<\/p>\n<p>Des ann\u00e9es sombres \u00e0 la renaissance<\/p>\n<p>D\u00e8s les ann\u00e9es 1980, le Serpentin fait face \u00e0 la d\u00e9t\u00e9rioration. Insalubrit\u00e9, sentiment d\u2019isolement, parties communes d\u00e9grad\u00e9es : comme beaucoup de cit\u00e9s trop vite construites, il vieillit mal.<\/p>\n<p>Une premi\u00e8re tentative de r\u00e9novation \u00e9choue. Il faut attendre le d\u00e9but des ann\u00e9es 2000 pour voir un vrai projet \u00e9merger. En <strong>2016<\/strong>, l\u2019immeuble est class\u00e9 <strong>Monument Historique<\/strong>. Une d\u00e9cision qui change tout.<\/p>\n<p>Une transformation spectaculaire<\/p>\n<p>La r\u00e9habilitation, pilot\u00e9e par l\u2019agence <strong>RVA<\/strong>, est lanc\u00e9e. Elle s\u2019ach\u00e8ve en <strong>2017<\/strong>, apr\u00e8s plus de <strong>15 ans de r\u00e9flexion<\/strong>. Le chantier est colossal :<\/p>\n<ul>\n<li><strong>513 logements r\u00e9nov\u00e9s<\/strong> et modernis\u00e9s<\/li>\n<li>Espaces de vie agrandis et ouverts sur l\u2019ext\u00e9rieur<\/li>\n<li><strong>Mosa\u00efques pixellis\u00e9es<\/strong> sur les fa\u00e7ades, imagin\u00e9es par Pierre di Sciullo, apportant isolation thermique et touche artistique<\/li>\n<li>Am\u00e9lioration de la lumi\u00e8re naturelle dans les appartements<\/li>\n<li><strong>Cr\u00e9ation de jardins partag\u00e9s<\/strong> et d\u2019espaces associatifs pour renforcer le lien social<\/li>\n<\/ul>\n<p>Le Serpentin brille \u00e0 nouveau, non plus comme une simple barre d\u2019immeubles, mais comme un <strong>vrai lieu de vie<\/strong>.<\/p>\n<p>Un choix de soci\u00e9t\u00e9 : restaurer plut\u00f4t que d\u00e9molir<\/p>\n<p>La r\u00e9habilitation du Serpentin a co\u00fbt\u00e9 cher : pr\u00e8s de <strong>38 millions d\u2019euros<\/strong>. Plus que s\u2019il avait \u00e9t\u00e9 ras\u00e9 et reconstruit. Mais ce choix n\u2019est pas qu\u2019\u00e9conomique. Il affirme une volont\u00e9 : <strong>pr\u00e9server le patrimoine existant<\/strong>, souvent per\u00e7u \u00e0 tort comme obsol\u00e8te.<\/p>\n<p>En lui redonnant vie, c\u2019est tout un quartier qui respire mieux. Le parc a retrouv\u00e9 son \u00e9clat, les habitants revivent une qualit\u00e9 de vie oubli\u00e9e, et l\u2019esprit de la cit\u00e9-jardin ressurgit. Le Serpentin devient ainsi un <strong>symbole d\u2019un urbanisme plus humain<\/strong>, fid\u00e8le \u00e0 l\u2019intuition de son architecte visionnaire.<\/p>\n<p>Un tr\u00e9sor cach\u00e9 \u00e0 (re)d\u00e9couvrir<\/p>\n<p>Alors la prochaine fois que vous passez par Pantin, ouvrez l\u2019\u0153il. Le ruban bleut\u00e9 qui ondule derri\u00e8re les arbres, c\u2019est lui. <strong>Un morceau d\u2019histoire, un petit miracle d\u2019architecture<\/strong>, et peut-\u00eatre un mod\u00e8le pour la ville de demain.<\/p>\n","protected":false},"excerpt":{"rendered":"\u00c0 quelques minutes de Paris, un g\u00e9ant discret s\u2019\u00e9tire sur plus d\u2019un kilom\u00e8tre sans que vous ne le&hellip;\n","protected":false},"author":2,"featured_media":427987,"comment_status":"","ping_status":"","sticky":false,"template":"","format":"standard","meta":{"footnotes":""},"categories":[1358],"tags":[1348,1384,1385,1386,58,59,1011,27],"class_list":{"0":"post-427986","1":"post","2":"type-post","3":"status-publish","4":"format-standard","5":"has-post-thumbnail","7":"category-arts-et-design","8":"tag-arts","9":"tag-arts-and-design","10":"tag-arts-et-design","11":"tag-design","12":"tag-divertissement","13":"tag-entertainment","14":"tag-fr","15":"tag-france"},"share_on_mastodon":{"url":"https:\/\/pubeurope.com\/@fr\/115291930201146923","error":""},"_links":{"self":[{"href":"https:\/\/www.europesays.com\/fr\/wp-json\/wp\/v2\/posts\/427986","targetHints":{"allow":["GET"]}}],"collection":[{"href":"https:\/\/www.europesays.com\/fr\/wp-json\/wp\/v2\/posts"}],"about":[{"href":"https:\/\/www.europesays.com\/fr\/wp-json\/wp\/v2\/types\/post"}],"author":[{"embeddable":true,"href":"https:\/\/www.europesays.com\/fr\/wp-json\/wp\/v2\/users\/2"}],"replies":[{"embeddable":true,"href":"https:\/\/www.europesays.com\/fr\/wp-json\/wp\/v2\/comments?post=427986"}],"version-history":[{"count":0,"href":"https:\/\/www.europesays.com\/fr\/wp-json\/wp\/v2\/posts\/427986\/revisions"}],"wp:featuredmedia":[{"embeddable":true,"href":"https:\/\/www.europesays.com\/fr\/wp-json\/wp\/v2\/media\/427987"}],"wp:attachment":[{"href":"https:\/\/www.europesays.com\/fr\/wp-json\/wp\/v2\/media?parent=427986"}],"wp:term":[{"taxonomy":"category","embeddable":true,"href":"https:\/\/www.europesays.com\/fr\/wp-json\/wp\/v2\/categories?post=427986"},{"taxonomy":"post_tag","embeddable":true,"href":"https:\/\/www.europesays.com\/fr\/wp-json\/wp\/v2\/tags?post=427986"}],"curies":[{"name":"wp","href":"https:\/\/api.w.org\/{rel}","templated":true}]}}