{"id":427988,"date":"2025-09-30T06:53:10","date_gmt":"2025-09-30T06:53:10","guid":{"rendered":"https:\/\/www.europesays.com\/fr\/427988\/"},"modified":"2025-09-30T06:53:10","modified_gmt":"2025-09-30T06:53:10","slug":"72-secondes-pour-vous-convaincre-quil-ny-a-rien-de-mieux-quun-bon-vieux-livre-en-papier","status":"publish","type":"post","link":"https:\/\/www.europesays.com\/fr\/427988\/","title":{"rendered":"72 secondes pour vous convaincre qu&rsquo;il n&rsquo;y a rien de mieux qu&rsquo;un bon vieux livre en papier"},"content":{"rendered":"<p class=\"PopSlotParagraph qg-tx2 qg-xtra-lh svelte-1r0pyek\">A l&rsquo;occasion des diff\u00e9rents rendez-vous litt\u00e9raires organis\u00e9es au Mans, Simon Peverelli veut vous convaincre rien ne vaut un bon vieux livre papier et il a 72 secondes pour vous en convaincre.<\/p>\n<p class=\"qg-sr-only\" role=\"heading\" aria-level=\"3\">Pour voir ce contenu, acceptez les cookies.<\/p>\n<p class=\"ConsentNotice-description qg-tx3 svelte-m9wmt1\">Pour afficher ce contenu Dailymotion, vous devez accepter les cookies <b>Mesure d&rsquo;audience<\/b>.<br \/>Ces cookies permettent d\u2019obtenir des statistiques d\u2019audience sur nos offres afin d\u2019optimiser son ergonomie, sa navigation et ses contenus.\u202f<\/p>\n<p>  G\u00e9rer mes choix     J&rsquo;autorise  <\/p>\n","protected":false},"excerpt":{"rendered":"A l&rsquo;occasion des diff\u00e9rents rendez-vous litt\u00e9raires organis\u00e9es au Mans, Simon Peverelli veut vous convaincre rien ne vaut un&hellip;\n","protected":false},"author":2,"featured_media":427989,"comment_status":"","ping_status":"","sticky":false,"template":"","format":"standard","meta":{"footnotes":""},"categories":[1357],"tags":[1379,58,59,1011,27,1380],"class_list":{"0":"post-427988","1":"post","2":"type-post","3":"status-publish","4":"format-standard","5":"has-post-thumbnail","7":"category-livres","8":"tag-books","9":"tag-divertissement","10":"tag-entertainment","11":"tag-fr","12":"tag-france","13":"tag-livres"},"share_on_mastodon":{"url":"https:\/\/pubeurope.com\/@fr\/115291934131982968","error":""},"_links":{"self":[{"href":"https:\/\/www.europesays.com\/fr\/wp-json\/wp\/v2\/posts\/427988","targetHints":{"allow":["GET"]}}],"collection":[{"href":"https:\/\/www.europesays.com\/fr\/wp-json\/wp\/v2\/posts"}],"about":[{"href":"https:\/\/www.europesays.com\/fr\/wp-json\/wp\/v2\/types\/post"}],"author":[{"embeddable":true,"href":"https:\/\/www.europesays.com\/fr\/wp-json\/wp\/v2\/users\/2"}],"replies":[{"embeddable":true,"href":"https:\/\/www.europesays.com\/fr\/wp-json\/wp\/v2\/comments?post=427988"}],"version-history":[{"count":0,"href":"https:\/\/www.europesays.com\/fr\/wp-json\/wp\/v2\/posts\/427988\/revisions"}],"wp:featuredmedia":[{"embeddable":true,"href":"https:\/\/www.europesays.com\/fr\/wp-json\/wp\/v2\/media\/427989"}],"wp:attachment":[{"href":"https:\/\/www.europesays.com\/fr\/wp-json\/wp\/v2\/media?parent=427988"}],"wp:term":[{"taxonomy":"category","embeddable":true,"href":"https:\/\/www.europesays.com\/fr\/wp-json\/wp\/v2\/categories?post=427988"},{"taxonomy":"post_tag","embeddable":true,"href":"https:\/\/www.europesays.com\/fr\/wp-json\/wp\/v2\/tags?post=427988"}],"curies":[{"name":"wp","href":"https:\/\/api.w.org\/{rel}","templated":true}]}}