{"id":427990,"date":"2025-09-30T06:54:10","date_gmt":"2025-09-30T06:54:10","guid":{"rendered":"https:\/\/www.europesays.com\/fr\/427990\/"},"modified":"2025-09-30T06:54:10","modified_gmt":"2025-09-30T06:54:10","slug":"face-a-face-laure-beccuau","status":"publish","type":"post","link":"https:\/\/www.europesays.com\/fr\/427990\/","title":{"rendered":"Face \u00e0 Face : Laure Beccuau"},"content":{"rendered":"<p>Avec : Olivier Faure, premier secr\u00e9taire du Parti socialiste et d\u00e9put\u00e9 PS de Seine-et-Marne. &#8211; Chaque matin, Apolline de Malherbe re\u00e7oit un invit\u00e9 au c\u0153ur de l\u2019actualit\u00e9. Hommes et femmes de la classe politique et \u00e9conomique r\u00e9pondent, pendant une demi-heure, aux questions sans d\u00e9tour de la journaliste. Ce face-\u00e0-face est devenu le premier rendez-vous politique radio\/TV de France, en simultan\u00e9 sur BFMTV.<\/p>\n<p>Avec : S\u00e9bastien Chenu, vice-pr\u00e9sident du Rassemblement National. &#8211; Chaque matin, Apolline de Malherbe re\u00e7oit un invit\u00e9 au c\u0153ur de l\u2019actualit\u00e9. Hommes et femmes de la classe politique et \u00e9conomique r\u00e9pondent, pendant une demi-heure, aux questions sans d\u00e9tour de la journaliste. Ce face-\u00e0-face est devenu le premier rendez-vous politique radio\/TV de France, en simultan\u00e9 sur BFMTV.<\/p>\n<p>INEDIT ! J-4 : Nicolas Canteloup d\u00e9barque sur RMC \u00e0 partir du Lundi 29 Septembre \u00c0 l\u2019approche des municipales et de la pr\u00e9sidentielle et dans un contexte politique en pleine effervescence, Nicolas Canteloup apportera sa voix unique, son regard aff\u00fbt\u00e9, et surtout une dose d\u2019humour bien plac\u00e9e pour r\u00e9veiller les auditeurs.<\/p>\n<p>Avec : Dominique de Villepin, ancien Premier ministre. &#8211; Chaque matin, Apolline de Malherbe re\u00e7oit un invit\u00e9 au c\u0153ur de l\u2019actualit\u00e9. Hommes et femmes de la classe politique et \u00e9conomique r\u00e9pondent, pendant une demi-heure, aux questions sans d\u00e9tour de la journaliste. Ce face-\u00e0-face est devenu le premier rendez-vous politique radio\/TV de France, en simultan\u00e9 sur BFMTV.<\/p>\n<p>INEDIT ! J-5 : Nicolas Canteloup d\u00e9barque sur RMC \u00e0 partir du Lundi 29 Septembre \u00c0 l\u2019approche des municipales et de la pr\u00e9sidentielle et dans un contexte politique en pleine effervescence, Nicolas Canteloup apportera sa voix unique, son regard aff\u00fbt\u00e9, et surtout une dose d\u2019humour bien plac\u00e9e pour r\u00e9veiller les auditeurs.<\/p>\n<p>Avec : Fran\u00e7ois Ruffin, d\u00e9put\u00e9 \u00ab\u00a0Debout !\u00a0\u00bb de la Somme. &#8211; Chaque matin, Apolline de Malherbe re\u00e7oit un invit\u00e9 au c\u0153ur de l\u2019actualit\u00e9. Hommes et femmes de la classe politique et \u00e9conomique r\u00e9pondent, pendant une demi-heure, aux questions sans d\u00e9tour de la journaliste. Ce face-\u00e0-face est devenu le premier rendez-vous politique radio\/TV de France, en simultan\u00e9 sur BFMTV.<\/p>\n<p>INEDIT ! J-6 : Nicolas Canteloup d\u00e9barque sur RMC \u00e0 partir du Lundi 29 Septembre \u00c0 l\u2019approche des municipales et de la pr\u00e9sidentielle et dans un contexte politique en pleine effervescence, Nicolas Canteloup apportera sa voix unique, son regard aff\u00fbt\u00e9, et surtout une dose d\u2019humour bien plac\u00e9e pour r\u00e9veiller les auditeurs.<\/p>\n<p>Avec : Bernard-Henri L\u00e9vy, \u00e9crivain, philosophe. &#8211; Chaque matin, Apolline de Malherbe re\u00e7oit un invit\u00e9 au c\u0153ur de l\u2019actualit\u00e9. Hommes et femmes de la classe politique et \u00e9conomique r\u00e9pondent, pendant une demi-heure, aux questions sans d\u00e9tour de la journaliste. Ce face-\u00e0-face est devenu le premier rendez-vous politique radio\/TV de France, en simultan\u00e9 sur BFMTV.<\/p>\n<p>INEDIT ! J-7 : Nicolas Canteloup d\u00e9barque sur RMC \u00e0 partir du Lundi 29 Septembre \u00c0 l\u2019approche des municipales et de la pr\u00e9sidentielle et dans un contexte politique en pleine effervescence, Nicolas Canteloup apportera sa voix unique, son regard aff\u00fbt\u00e9, et surtout une dose d\u2019humour bien plac\u00e9e pour r\u00e9veiller les auditeurs.<\/p>\n","protected":false},"excerpt":{"rendered":"Avec : Olivier Faure, premier secr\u00e9taire du Parti socialiste et d\u00e9put\u00e9 PS de Seine-et-Marne. &#8211; Chaque matin, Apolline&hellip;\n","protected":false},"author":2,"featured_media":427991,"comment_status":"","ping_status":"","sticky":false,"template":"","format":"standard","meta":{"footnotes":""},"categories":[1356],"tags":[58,59,1011,27,252,1364],"class_list":{"0":"post-427990","1":"post","2":"type-post","3":"status-publish","4":"format-standard","5":"has-post-thumbnail","7":"category-television","8":"tag-divertissement","9":"tag-entertainment","10":"tag-fr","11":"tag-france","12":"tag-television","13":"tag-tv"},"share_on_mastodon":{"url":"https:\/\/pubeurope.com\/@fr\/115291938100864837","error":""},"_links":{"self":[{"href":"https:\/\/www.europesays.com\/fr\/wp-json\/wp\/v2\/posts\/427990","targetHints":{"allow":["GET"]}}],"collection":[{"href":"https:\/\/www.europesays.com\/fr\/wp-json\/wp\/v2\/posts"}],"about":[{"href":"https:\/\/www.europesays.com\/fr\/wp-json\/wp\/v2\/types\/post"}],"author":[{"embeddable":true,"href":"https:\/\/www.europesays.com\/fr\/wp-json\/wp\/v2\/users\/2"}],"replies":[{"embeddable":true,"href":"https:\/\/www.europesays.com\/fr\/wp-json\/wp\/v2\/comments?post=427990"}],"version-history":[{"count":0,"href":"https:\/\/www.europesays.com\/fr\/wp-json\/wp\/v2\/posts\/427990\/revisions"}],"wp:featuredmedia":[{"embeddable":true,"href":"https:\/\/www.europesays.com\/fr\/wp-json\/wp\/v2\/media\/427991"}],"wp:attachment":[{"href":"https:\/\/www.europesays.com\/fr\/wp-json\/wp\/v2\/media?parent=427990"}],"wp:term":[{"taxonomy":"category","embeddable":true,"href":"https:\/\/www.europesays.com\/fr\/wp-json\/wp\/v2\/categories?post=427990"},{"taxonomy":"post_tag","embeddable":true,"href":"https:\/\/www.europesays.com\/fr\/wp-json\/wp\/v2\/tags?post=427990"}],"curies":[{"name":"wp","href":"https:\/\/api.w.org\/{rel}","templated":true}]}}