{"id":428011,"date":"2025-09-30T07:05:44","date_gmt":"2025-09-30T07:05:44","guid":{"rendered":"https:\/\/www.europesays.com\/fr\/428011\/"},"modified":"2025-09-30T07:05:44","modified_gmt":"2025-09-30T07:05:44","slug":"sncf-la-ligne-firminy-le-puy-en-velay-a-larret-a-partir-de-ce-lundi","status":"publish","type":"post","link":"https:\/\/www.europesays.com\/fr\/428011\/","title":{"rendered":"SNCF : la ligne Firminy \/ Le Puy-en-Velay \u00e0 l&rsquo;arr\u00eat \u00e0 partir de ce lundi"},"content":{"rendered":"<p>Un important chantier d\u00e9butera le 29 septembre sur les rails entre Firminy et Le Puy-en-Velay. Ces travaux entra\u00eeneront de fortes perturbations sur la ligne Saint-\u00c9tienne \/ Le Puy-en-Velay.<\/p>\n<p>Avis aux voyageurs de la ligne TER Saint-\u00c9tienne \/ Firminy \/ Le Puy-en-Velay.\u00a0<br \/><b><br \/><\/b><br \/><b>Entre le 29 septembre et le 12 d\u00e9cembre 2025<\/b>, d&rsquo;importants travaux seront r\u00e9alis\u00e9s par la SNCF entre la Loire et la Haute-Loire.<\/p>\n<p>Pas de trains entre Firminy et Le Puy<\/p>\n<p>En cons\u00e9quence, la circulation des trains sera interrompue <a class=\"url\" href=\"https:\/\/ter-fiches-horaires.sncf.fr\/publish\/Cartographie%20travaux%20-%20Firminy%20-%20Le%20Puy%20-%20Du%2029%20sept%20au%2012%20dec.pdf\" target=\"_blank\" rel=\"noopener\">entre Firminy et Le Puy-en-Velay<\/a>.\u00a0<\/p>\n<p>La SNCF mettra en place des autocars entre Firminy et Le Puy-en-Velay et certains TER seront maintenus entre Saint-\u00c9tienne et Firminy.<\/p>\n<p>Les travaux ne perturberont pas, en revanche, la ligne TER entre Lyon-Perrache et Firminy.<\/p>\n<p>\u00c0 noter que les ascenseurs restent indisponibles aux usagers en gare de Firminy, car leur remplacement se poursuit.<\/p>\n<p><img loading=\"lazy\" decoding=\"async\" src=\"https:\/\/www.europesays.com\/fr\/wp-content\/uploads\/2025\/09\/1759215944_578_img\" width=\"350\" height=\"200\" border=\"0\" title=\"La RN88 \u00c3\u00a0 hauteur du viaduc de Pont-Salomon (Haute-Loire)\"\/><\/p>\n<p>\u25baTrafic<\/p>\n<p style=\"font-size: 22px;\"><b>Haute-Loire : trois semaines de travaux \u00e0 pr\u00e9voir sur la RN88<\/b><\/p>\n<p>La circulation sera perturb\u00e9e sur la RN88, dans&#8230;<\/p>\n<p><\/p>\n","protected":false},"excerpt":{"rendered":"Un important chantier d\u00e9butera le 29 septembre sur les rails entre Firminy et Le Puy-en-Velay. Ces travaux entra\u00eeneront&hellip;\n","protected":false},"author":2,"featured_media":384698,"comment_status":"","ping_status":"","sticky":false,"template":"","format":"standard","meta":{"footnotes":""},"categories":[9653],"tags":[1111,11,2430,1777,674,10282,1011,27,4002,10444,3367,12,25,9920,4001,2215,6472,5811],"class_list":{"0":"post-428011","1":"post","2":"type-post","3":"status-publish","4":"format-standard","5":"has-post-thumbnail","7":"category-saint-etienne","8":"tag-actu","9":"tag-actualites","10":"tag-auvergne-rhone-alpes","11":"tag-eu","12":"tag-europe","13":"tag-firminy","14":"tag-fr","15":"tag-france","16":"tag-haute-loire","17":"tag-le-puy-en-velay","18":"tag-loire","19":"tag-news","20":"tag-republique-francaise","21":"tag-saint-tienne","22":"tag-saint-etienne","23":"tag-sncf","24":"tag-ter","25":"tag-trains"},"share_on_mastodon":{"url":"https:\/\/pubeurope.com\/@fr\/115291981512127616","error":""},"_links":{"self":[{"href":"https:\/\/www.europesays.com\/fr\/wp-json\/wp\/v2\/posts\/428011","targetHints":{"allow":["GET"]}}],"collection":[{"href":"https:\/\/www.europesays.com\/fr\/wp-json\/wp\/v2\/posts"}],"about":[{"href":"https:\/\/www.europesays.com\/fr\/wp-json\/wp\/v2\/types\/post"}],"author":[{"embeddable":true,"href":"https:\/\/www.europesays.com\/fr\/wp-json\/wp\/v2\/users\/2"}],"replies":[{"embeddable":true,"href":"https:\/\/www.europesays.com\/fr\/wp-json\/wp\/v2\/comments?post=428011"}],"version-history":[{"count":0,"href":"https:\/\/www.europesays.com\/fr\/wp-json\/wp\/v2\/posts\/428011\/revisions"}],"wp:featuredmedia":[{"embeddable":true,"href":"https:\/\/www.europesays.com\/fr\/wp-json\/wp\/v2\/media\/384698"}],"wp:attachment":[{"href":"https:\/\/www.europesays.com\/fr\/wp-json\/wp\/v2\/media?parent=428011"}],"wp:term":[{"taxonomy":"category","embeddable":true,"href":"https:\/\/www.europesays.com\/fr\/wp-json\/wp\/v2\/categories?post=428011"},{"taxonomy":"post_tag","embeddable":true,"href":"https:\/\/www.europesays.com\/fr\/wp-json\/wp\/v2\/tags?post=428011"}],"curies":[{"name":"wp","href":"https:\/\/api.w.org\/{rel}","templated":true}]}}