{"id":428020,"date":"2025-09-30T07:10:11","date_gmt":"2025-09-30T07:10:11","guid":{"rendered":"https:\/\/www.europesays.com\/fr\/428020\/"},"modified":"2025-09-30T07:10:11","modified_gmt":"2025-09-30T07:10:11","slug":"podcast-tadej-pogacar-est-il-legal-deddy-merckx","status":"publish","type":"post","link":"https:\/\/www.europesays.com\/fr\/428020\/","title":{"rendered":"PODCAST. Tadej Pogacar est-il l\u2019\u00e9gal d\u2019Eddy Merckx\u00a0?"},"content":{"rendered":"<p>Tadej Pogacar est au centre des discussions, ce lundi, pour un nouvel \u00e9pisode de \u00ab\u00a0100\u00a0% V\u00e9lo\u00a0\u00bb. Nos journalistes d\u00e9battent du sacre du coureur slov\u00e8ne, <a href=\"https:\/\/rennes.maville.com\/sport\/detail_--en-solo-comme-l-an-dernier-tadej-pogacar-savoure-son-double-aux-mondiaux-de-cyclisme-_54135-6996922_actu.Htm\" target=\"_self\" rel=\"noopener\">encore tr\u00e8s facile ce dimanche<\/a> 28\u00a0septembre \u00e0 Kigali. Mais le titre surprise de la Canadienne Magdeleine Valli\u00e8res chez les dames a aussi fait r\u00e9agir notre \u00e9quipe. D\u00e9sormais, le cyclisme f\u00e9minin est-il clairement plus passionnant \u00e0 suivre que le cyclisme masculin, o\u00f9 les courses sont plus pr\u00e9visibles\u00a0?<\/p>\n<p><a href=\"https:\/\/www.ouest-france.fr\/podcasts\/100-velo\/\" target=\"_self\" rel=\"noopener\">Retrouvez notre podcast 100 % sur le mur des podcasts de Ouest-France<\/a><\/p>\n<p>La situation \u00e9conomique du cyclisme fran\u00e7ais est \u00e9galement au menu de ce podcast, avec la probable disparition de la formation Ark\u00e9a B &amp; B H\u00f4tels, et l\u2019arr\u00eat dans un an du sponsoring de TotalEnergies avec l\u2019\u00e9quipe de Jean-Ren\u00e9 Bernaudeau. Deux \u00e9quipes tricolores en danger, c\u2019est le signe que quelque chose ne va pas bien dans ce sport et dans son \u00e9cosyst\u00e8me.<\/p>\n<p><strong>LIRE AUSSI.<\/strong>\u00a0<a href=\"https:\/\/rennes.maville.com\/sport\/detail_-cyclisme.-cedric-vasseur-demis-de-ses-fonctions-de-manager-general-chez-cofidis-_54135-6998584_actu.Htm\" target=\"_self\" rel=\"noopener\">C\u00e9dric Vasseur d\u00e9mis de ses fonctions de manager g\u00e9n\u00e9ral chez Cofidis<\/a><\/p>\n<p>Des championnats d\u2019Europe qui s\u2019annoncent passionnants<\/p>\n<p>Quid aussi de l\u2019\u00e9quipe Isra\u00ebl Premier Tech\u00a0? \u00c0 la Vuelta, des manifestations pro-Palestine ont \u00e9clips\u00e9 l\u2019\u00e9preuve. Depuis, des sponsors de la structure ont laiss\u00e9 entendre qu\u2019ils pr\u00e9f\u00e9reraient que le nom d\u2019Isra\u00ebl disparaisse de l\u2019\u00e9quipe\u2026<\/p>\n<p>Enfin, s\u00e9quence projection avec les championnats d\u2019Europe en Ard\u00e8che qui se d\u00e9rouleront en fin de semaine. Avec un plateau royal, des envies de revanches fran\u00e7aises notamment, ce rendez-vous s\u2019annonce all\u00e9chant.<\/p>\n<p>\u00a0<\/p>\n","protected":false},"excerpt":{"rendered":"Tadej Pogacar est au centre des discussions, ce lundi, pour un nouvel \u00e9pisode de \u00ab\u00a0100\u00a0% V\u00e9lo\u00a0\u00bb. Nos journalistes&hellip;\n","protected":false},"author":2,"featured_media":428021,"comment_status":"","ping_status":"","sticky":false,"template":"","format":"standard","meta":{"footnotes":""},"categories":[9619],"tags":[1111,11,55681,18521,16576,1777,674,1011,27,55682,12,3725,4350,882,25,37525,2310],"class_list":{"0":"post-428020","1":"post","2":"type-post","3":"status-publish","4":"format-standard","5":"has-post-thumbnail","7":"category-toulon","8":"tag-actu","9":"tag-actualites","10":"tag-eddy","11":"tag-egal","12":"tag-est-il","13":"tag-eu","14":"tag-europe","15":"tag-fr","16":"tag-france","17":"tag-merckx","18":"tag-news","19":"tag-podcast","20":"tag-pogacar","21":"tag-provence-alpes-cote-dazur","22":"tag-republique-francaise","23":"tag-tadej","24":"tag-toulon"},"share_on_mastodon":{"url":"https:\/\/pubeurope.com\/@fr\/115292000995712106","error":""},"_links":{"self":[{"href":"https:\/\/www.europesays.com\/fr\/wp-json\/wp\/v2\/posts\/428020","targetHints":{"allow":["GET"]}}],"collection":[{"href":"https:\/\/www.europesays.com\/fr\/wp-json\/wp\/v2\/posts"}],"about":[{"href":"https:\/\/www.europesays.com\/fr\/wp-json\/wp\/v2\/types\/post"}],"author":[{"embeddable":true,"href":"https:\/\/www.europesays.com\/fr\/wp-json\/wp\/v2\/users\/2"}],"replies":[{"embeddable":true,"href":"https:\/\/www.europesays.com\/fr\/wp-json\/wp\/v2\/comments?post=428020"}],"version-history":[{"count":0,"href":"https:\/\/www.europesays.com\/fr\/wp-json\/wp\/v2\/posts\/428020\/revisions"}],"wp:featuredmedia":[{"embeddable":true,"href":"https:\/\/www.europesays.com\/fr\/wp-json\/wp\/v2\/media\/428021"}],"wp:attachment":[{"href":"https:\/\/www.europesays.com\/fr\/wp-json\/wp\/v2\/media?parent=428020"}],"wp:term":[{"taxonomy":"category","embeddable":true,"href":"https:\/\/www.europesays.com\/fr\/wp-json\/wp\/v2\/categories?post=428020"},{"taxonomy":"post_tag","embeddable":true,"href":"https:\/\/www.europesays.com\/fr\/wp-json\/wp\/v2\/tags?post=428020"}],"curies":[{"name":"wp","href":"https:\/\/api.w.org\/{rel}","templated":true}]}}