{"id":428026,"date":"2025-09-30T07:13:30","date_gmt":"2025-09-30T07:13:30","guid":{"rendered":"https:\/\/www.europesays.com\/fr\/428026\/"},"modified":"2025-09-30T07:13:30","modified_gmt":"2025-09-30T07:13:30","slug":"la-situation-reste-tres-degradee","status":"publish","type":"post","link":"https:\/\/www.europesays.com\/fr\/428026\/","title":{"rendered":"La situation reste tr\u00e8s d\u00e9grad\u00e9e"},"content":{"rendered":"<p melodystyle=\"texte\">\u00ab\u00a0<a href=\"https:\/\/www.lecourriercauchois.fr\/actualite-388641-seine-maritime-fievre-catarrhale-ovine-la-maladie-ne-faiblit-pas\" target=\"_blank\" rel=\"nofollow noopener\">La situation FCO<\/a> (fi\u00e8vre catarrhale ovine) dans nos d\u00e9partements reste tr\u00e8s d\u00e9grad\u00e9e\u00a0\u00bb, constate Christophe Savoye. Ce dernier est \u00e0 la fois directeur du Groupement de d\u00e9fense contre les maladies des animaux de Seine-Maritime (GDMA 76) et du Groupement de d\u00e9fense sanitaire de l&rsquo;Eure (GDS 27).<\/p>\n<p class=\"article_photo\" data-num=\"2\"><img decoding=\"async\" alt=\"La situation au 26 septembre\u00a0d\u00e9montre la forte pr\u00e9sence de la FCO 3 en pays de Caux\" src=\"https:\/\/www.europesays.com\/fr\/wp-content\/uploads\/2025\/09\/3775-tab.jpg\"\/>La situation au 26 septembre\u00a0d\u00e9montre la forte pr\u00e9sence de la FCO 3 en pays de Caux<\/p>\n<p melodystyle=\"texte\">Il \u00e9voque de nombreuses manifestations cliniques de la maladie sur les ruminants\u00a0: \u00ab\u00a0Chute de production laiti\u00e8re, avortements, atteintes du mufle, conjonctivites, voire des manifestations respiratoires aigu\u00ebs.\u00a0\u00bb\u00a0115 cheptels sont positifs dans l&rsquo;Eure dont 27 troupes ovines. 280 \u00e9levages sont concern\u00e9s en Seine-Maritime dont 35 cheptels ovins.<\/p>\n<p>Vaccination<\/p>\n<p melodystyle=\"texte\">\u00ab\u00a0La priorit\u00e9 dans nos d\u00e9partements est bien la pr\u00e9vention contre la FCO-3 (fi\u00e8vre catarrhale ovine de s\u00e9rotype 3), c&rsquo;est-\u00e0-dire la vaccination\u00a0\u00bb, estime Christophe Savoye. Il pr\u00e9cise\u00a0: \u00ab\u00a0La vaccination n&#8217;emp\u00eache pas l&rsquo;expression de la maladie mais en att\u00e9nue les effets. Elle doit \u00eatre entretenue via les rappels avant un an afin d&rsquo;hyper-immuniser les animaux.\u00a0\u00bb<\/p>\n","protected":false},"excerpt":{"rendered":"\u00ab\u00a0La situation FCO (fi\u00e8vre catarrhale ovine) dans nos d\u00e9partements reste tr\u00e8s d\u00e9grad\u00e9e\u00a0\u00bb, constate Christophe Savoye. Ce dernier est&hellip;\n","protected":false},"author":2,"featured_media":428027,"comment_status":"","ping_status":"","sticky":false,"template":"","format":"standard","meta":{"footnotes":""},"categories":[9587],"tags":[1111,11,1777,674,1011,27,12,5161,25,9590],"class_list":{"0":"post-428026","1":"post","2":"type-post","3":"status-publish","4":"format-standard","5":"has-post-thumbnail","7":"category-rouen","8":"tag-actu","9":"tag-actualites","10":"tag-eu","11":"tag-europe","12":"tag-fr","13":"tag-france","14":"tag-news","15":"tag-normandie","16":"tag-republique-francaise","17":"tag-rouen"},"share_on_mastodon":{"url":"https:\/\/pubeurope.com\/@fr\/115292013276536873","error":""},"_links":{"self":[{"href":"https:\/\/www.europesays.com\/fr\/wp-json\/wp\/v2\/posts\/428026","targetHints":{"allow":["GET"]}}],"collection":[{"href":"https:\/\/www.europesays.com\/fr\/wp-json\/wp\/v2\/posts"}],"about":[{"href":"https:\/\/www.europesays.com\/fr\/wp-json\/wp\/v2\/types\/post"}],"author":[{"embeddable":true,"href":"https:\/\/www.europesays.com\/fr\/wp-json\/wp\/v2\/users\/2"}],"replies":[{"embeddable":true,"href":"https:\/\/www.europesays.com\/fr\/wp-json\/wp\/v2\/comments?post=428026"}],"version-history":[{"count":0,"href":"https:\/\/www.europesays.com\/fr\/wp-json\/wp\/v2\/posts\/428026\/revisions"}],"wp:featuredmedia":[{"embeddable":true,"href":"https:\/\/www.europesays.com\/fr\/wp-json\/wp\/v2\/media\/428027"}],"wp:attachment":[{"href":"https:\/\/www.europesays.com\/fr\/wp-json\/wp\/v2\/media?parent=428026"}],"wp:term":[{"taxonomy":"category","embeddable":true,"href":"https:\/\/www.europesays.com\/fr\/wp-json\/wp\/v2\/categories?post=428026"},{"taxonomy":"post_tag","embeddable":true,"href":"https:\/\/www.europesays.com\/fr\/wp-json\/wp\/v2\/tags?post=428026"}],"curies":[{"name":"wp","href":"https:\/\/api.w.org\/{rel}","templated":true}]}}