{"id":428028,"date":"2025-09-30T07:15:16","date_gmt":"2025-09-30T07:15:16","guid":{"rendered":"https:\/\/www.europesays.com\/fr\/428028\/"},"modified":"2025-09-30T07:15:16","modified_gmt":"2025-09-30T07:15:16","slug":"concert-rsko-tournee-a-rouen-2026","status":"publish","type":"post","link":"https:\/\/www.europesays.com\/fr\/428028\/","title":{"rendered":"Concert Rsko &#8211; Tourn\u00e9e \u00e0 Rouen 2026"},"content":{"rendered":"<p class=\"fw-bold font-size-16 my-1\"> Le 29\/01\/2026<\/p>\n<p class=\"fw-bold font-size-16 my-1\"> <a class=\"mr-2\" href=\"https:\/\/www.jds.fr\/rouen\/salle-de-concert\/le-106-16700_L\" target=\"_blank\" rel=\"noopener\">Le 106<\/a> | <a href=\"https:\/\/www.jds.fr\/rouen\/\" target=\"_blank\" rel=\"noopener\">Rouen<\/a><\/p>\n<p class=\"fw-bold font-size-16 my-1\"> <a href=\"https:\/\/www.jds.fr\/artistes\/rsko-9408_N\" target=\"_blank\" rel=\"noopener\">Rsko : dates de la tourn\u00e9e<\/a><\/p>\n<p class=\"fw-bold font-size-16 my-1\"> A partir de 26,50 \u20ac <\/p>\n<p class=\"intro\">Rsko &#8211; Tourn\u00e9e en concert \u00e0 Rouen (Le 106 ), le 29 janvier 2026. Toutes les informations pratiques (tarifs, billetterie, plan de salle) pour ce concert sont \u00e0 retrouver sur cette page. R\u00e9servez d\u00e8s maintenant vos places pour assister \u00e0 ce <a href=\"https:\/\/www.jds.fr\/rouen\/agenda\/musique-et-concerts-96_B\" target=\"_blank\" rel=\"noopener\">concert \u00e0 Rouen<\/a>\u00a0!<\/p>\n<p><img decoding=\"async\" loading=\"lazy\" src=\"https:\/\/www.europesays.com\/fr\/wp-content\/uploads\/2025\/09\/rsko-tickets_440267_3567939_222x222.jpg\" alt=\"Rsko - Tourn\u00e9e\" class=\"border\"\/><\/p>\n<p>Le concert de Rsko \u00e0 Rouen en 2026<\/p>\n<p>Rsko en concert \u00e0 Rouen (Le 106) jeudi 29 Janvier 2026 \u00e0 19h30.<\/p>\n<p>Rsko, artiste \u00e9mergent de la sc\u00e8ne musicale, d\u00e9cha\u00eene les foules lors de ses concerts avec une \u00e9nergie contagieuse et des performances \u00e9lectrisantes. Sa capacit\u00e9 \u00e0 m\u00e9langer habilement des m\u00e9lodies accrocheuses avec des paroles percutantes cr\u00e9e une atmosph\u00e8re unique qui captive le public d\u00e8s les premi\u00e8res notes. Accompagn\u00e9 de musiciens talentueux et soutenu par une sc\u00e9nographie innovante, Rsko transforme chaque concert en une exp\u00e9rience immersive qui reste grav\u00e9e dans la m\u00e9moire de tous les spectateurs. Que ce soit par des titres entra\u00eenants ou des ballades \u00e9mouvantes, ses prestations live t\u00e9moignent de son talent artistique ind\u00e9niable et de sa passion pour la musique. Assister \u00e0 un concert de Rsko, c&rsquo;est vivre un moment inoubliable qui r\u00e9sonne bien apr\u00e8s que les lumi\u00e8res se soient \u00e9teintes.<\/p>\n<p class=\"mise_en_avant\">Rsko est r\u00e9guli\u00e8rement en tourn\u00e9e dans toute la France\u00a0: retrouvez les <a href=\"https:\/\/www.jds.fr\/artistes\/rsko-9408_N\" class=\"tde-underline\" target=\"_blank\" rel=\"noopener\">dates des prochains concerts de Rsko<\/a> pr\u00e8s de chez vous.<\/p>\n<p>Billetterie pour le concert de Rsko \u00e0 Rouen<\/p>\n<p><a class=\"btn btn-lg shadow-lg btn-primary rounded-pill fnac_link\" data-fnac=\"in_article\" href=\"https:\/\/www.awin1.com\/pclick.php?p=42446677688&amp;a=634278&amp;m=12494&amp;clickref=in_article-A-desktop\" target=\"_blank\" rel=\"nofollow noopener\"> Acheter des billets<\/a><\/p>\n<p>Les places pour le <strong>prochain concert de Rsko \u00e0 Rouen<\/strong> sont en vente sur la billetterie en ligne.<br \/>R\u00e9servez vos billets d\u00e8s maintenant pour vivre un moment de musique intense avec Rsko sur sc\u00e8ne\u00a0!<\/p>\n<p>Vous pouvez aussi r\u00e9server vos <a href=\"https:\/\/www.jds.fr\/saint-malo\/concerts\/rap\/rsko-tournee-1189625_A\" target=\"_blank\" rel=\"noopener\">places pour le concert de Rsko \u00e0 Saint-Malo<\/a>.<\/p>\n<p>Rsko &#8211; Tourn\u00e9e<\/p>\n<p>Apr\u00e8s une premi\u00e8re partie de tourn\u00e9e et un concert \u00e0 La Cigale complet en 24 heures, RSKO rajoute de nouvelles dates \u00e0 sa tourn\u00e9e qui se prolonge cet automne et se cl\u00f4turera en beaut\u00e9 le 19 novembre \u00e0 L\u2019Olympia \u00e0 Paris.<\/p>\n<p>V\u00e9ritable succ\u00e8s, son premier album \u00ab LMBD \u00bb est d\u00e9sormais disque d\u2019or et a fait exploser sa c\u00f4te de popularit\u00e9. \u00c0 mi-chemin du disque d\u2019or et \u00e9coul\u00e9 \u00e0 25 000 exemplaires, son deuxi\u00e8me album \u00ab MEM( )RY \u00bb paru le 3 novembre 2023 a d\u00e9finitivement toutes les qualit\u00e9s pour succ\u00e9der dignement au premier.<\/p>\n<p>Dans la m\u00eame rubrique<\/p>\n<ul class=\"mt-3 list-unstyled list-articles-v2\">\n<li class=\"col-12 pt-4\" data-view-id-type=\"1\" data-view-id=\"983659\" data-view-bc=\"0\"><a class=\"d-block titre text-black mb-1 mb-md-2\" href=\"https:\/\/www.jds.fr\/rouen\/concerts\/reggae\/lettuce-983659_A\" target=\"_blank\" rel=\"noopener\">Lettuce<\/a>Le 02\/10\/2025<a href=\"https:\/\/www.jds.fr\/rouen\/salle-de-concert\/le-106-16700_L\" class=\"lieu font-size-14 text-gray-700 d-block lh-sm my-1\" target=\"_blank\" rel=\"noopener\"> Le 106 &#8211; Rouen<\/a>Lettuce en concert \u00e0 Rouen (Le 106 ), le 2 octobre 2025. Toutes les informations pratiques (tarifs, billetterie, plan de salle) pour ce concert sont \u00e0 retrouver sur cette page. [\u2026]<a class=\"image\" href=\"https:\/\/www.jds.fr\/rouen\/concerts\/reggae\/lettuce-983659_A\" target=\"_blank\" rel=\"noopener\"><img decoding=\"async\" loading=\"lazy\" src=\"https:\/\/www.europesays.com\/fr\/wp-content\/uploads\/2025\/09\/1759216507_153_\" width=\"180\" height=\"180\" alt=\"Lettuce\"\/><\/a><\/li>\n<li class=\"col-12 pt-4\" data-view-id-type=\"1\" data-view-id=\"934054\" data-view-bc=\"0\"><a class=\"d-block titre text-black mb-1 mb-md-2\" href=\"https:\/\/www.jds.fr\/rouen\/concerts\/jazz\/avishai-cohen-quartet-ben-lamar-gay-en-934054_A\" target=\"_blank\" rel=\"noopener\">Avishai Cohen Quartet + Ben Lamar Gay En<\/a>Le 08\/10\/2025<a href=\"https:\/\/www.jds.fr\/rouen\/salle-de-concert\/le-106-16700_L\" class=\"lieu font-size-14 text-gray-700 d-block lh-sm my-1\" target=\"_blank\" rel=\"noopener\"> Le 106 &#8211; Rouen<\/a>Avishai Cohen Quartet + Ben Lamar Gay En en concert \u00e0 Rouen (Le 106 ), le 8 octobre 2025. Toutes les informations pratiques (tarifs, billetterie, plan de salle) pour ce concert [\u2026]<a class=\"image\" href=\"https:\/\/www.jds.fr\/rouen\/concerts\/jazz\/avishai-cohen-quartet-ben-lamar-gay-en-934054_A\" target=\"_blank\" rel=\"noopener\"><img decoding=\"async\" loading=\"lazy\" src=\"https:\/\/www.europesays.com\/fr\/wp-content\/uploads\/2025\/09\/1759216507_895_\" width=\"180\" height=\"180\" alt=\"Avishai Cohen Quartet + Ben Lamar Gay En\"\/><\/a><\/li>\n<li class=\"li_gp_div\">\n<\/li>\n<li class=\"col-12 pt-4\" data-view-id-type=\"1\" data-view-id=\"1130283\" data-view-bc=\"0\"><a class=\"d-block titre text-black mb-1 mb-md-2\" href=\"https:\/\/www.jds.fr\/rouen\/concerts\/candlelight-coldplay-et-imagine-dragons-1130283_A\" target=\"_blank\" rel=\"noopener\">Candlelight: Coldplay &amp; Imagine Dragons<\/a>Du 10\/10\/2025 au 13\/02\/2026<a href=\"https:\/\/www.jds.fr\/rouen\/patrimoine-historique\/historial-jeanne-d-arc-23014_L\" class=\"lieu font-size-14 text-gray-700 d-block lh-sm my-1\" target=\"_blank\" rel=\"noopener\"> Historial Jeanne d\u2019Arc &#8211; Rouen<\/a><br \/>\nCandlelight, c&rsquo;est une exp\u00e9rience musicale magique dans de magnifiques lieux \u00e9clair\u00e9s \u00e0 la bougie. Ach\u00e8te tes billets d\u00e8s maintenant pour ce concert Candlelight\u00a0: [\u2026]<a class=\"image\" href=\"https:\/\/www.jds.fr\/rouen\/concerts\/candlelight-coldplay-et-imagine-dragons-1130283_A\" target=\"_blank\" rel=\"noopener\"><img decoding=\"async\" loading=\"lazy\" src=\"https:\/\/www.europesays.com\/fr\/wp-content\/uploads\/2025\/09\/candlelight-coldplay-et-imagine-dragons-696355-180-180.webp.webp\" width=\"180\" height=\"180\" alt=\"Candlelight: Coldplay &amp; Imagine Dragons\" class=\"border\"\/><\/a><\/li>\n<li class=\"col-12 pt-4\" data-view-id-type=\"1\" data-view-id=\"983642\" data-view-bc=\"0\"><a class=\"d-block titre text-black mb-1 mb-md-2\" href=\"https:\/\/www.jds.fr\/rouen\/concerts\/electro\/mezerg-tournee-983642_A\" target=\"_blank\" rel=\"noopener\">Mezerg &#8211; Tourn\u00e9e<\/a>Le 11\/10\/2025<a href=\"https:\/\/www.jds.fr\/rouen\/salle-de-concert\/le-106-16700_L\" class=\"lieu font-size-14 text-gray-700 d-block lh-sm my-1\" target=\"_blank\" rel=\"noopener\"> Le 106 &#8211; Rouen<\/a>Mezerg &#8211; Tourn\u00e9e en concert \u00e0 Rouen (Le 106 ), le 11 octobre 2025. Toutes les informations pratiques (tarifs, billetterie, plan de salle) pour ce concert sont \u00e0 retrouver sur [\u2026]<a class=\"image\" href=\"https:\/\/www.jds.fr\/rouen\/concerts\/electro\/mezerg-tournee-983642_A\" target=\"_blank\" rel=\"noopener\"><img decoding=\"async\" loading=\"lazy\" src=\"https:\/\/www.europesays.com\/fr\/wp-content\/uploads\/2025\/09\/1759216509_266_\" width=\"180\" height=\"180\" alt=\"Mezerg - Tourn\u00e9e\"\/><\/a><\/li>\n<li class=\"col-12 pt-4\" data-view-id-type=\"1\" data-view-id=\"1129314\" data-view-bc=\"0\"><a class=\"d-block titre text-black mb-1 mb-md-2\" href=\"https:\/\/www.jds.fr\/rouen\/concerts\/candlelight-hommage-a-hans-zimmer-1129314_A\" target=\"_blank\" rel=\"noopener\">Candlelight\u00a0: Hommage \u00e0 Hans Zimmer<\/a>Du 11\/10\/2025 au 13\/02\/2026<a href=\"https:\/\/www.jds.fr\/rouen\/patrimoine-historique\/historial-jeanne-d-arc-23014_L\" class=\"lieu font-size-14 text-gray-700 d-block lh-sm my-1\" target=\"_blank\" rel=\"noopener\"> Historial Jeanne d\u2019Arc &#8211; Rouen<\/a>Candlelight, c&rsquo;est une exp\u00e9rience musicale magique dans de magnifiques lieux \u00e9clair\u00e9s \u00e0 la bougie. Ach\u00e8te tes billets d\u00e8s maintenant pour ce concert Candlelight\u00a0: [\u2026]<a class=\"image\" href=\"https:\/\/www.jds.fr\/rouen\/concerts\/candlelight-hommage-a-hans-zimmer-1129314_A\" target=\"_blank\" rel=\"noopener\"><img decoding=\"async\" loading=\"lazy\" src=\"https:\/\/www.europesays.com\/fr\/wp-content\/uploads\/2025\/08\/candlelight-hommage-a-hans-zimmer-695686-180-180.webp.webp\" width=\"180\" height=\"180\" alt=\"Candlelight : Hommage \u00e0 Hans Zimmer\" class=\"border\"\/><\/a><\/li>\n<li class=\"li_gp_div li_gp_div_infeed\"\/>\n<li class=\"col-12 pt-4\" data-view-id-type=\"1\" data-view-id=\"1129477\" data-view-bc=\"0\"><a class=\"d-block titre text-black mb-1 mb-md-2\" href=\"https:\/\/www.jds.fr\/rouen\/concerts\/candlelight-celine-dion-1129477_A\" target=\"_blank\" rel=\"noopener\">Candlelight: C\u00e9line Dion<\/a>Du 11\/10\/2025 au 28\/02\/2026<a href=\"https:\/\/www.jds.fr\/rouen\/patrimoine-historique\/historial-jeanne-d-arc-23014_L\" class=\"lieu font-size-14 text-gray-700 d-block lh-sm my-1\" target=\"_blank\" rel=\"noopener\"> Historial Jeanne d\u2019Arc &#8211; Rouen<\/a><br \/>\nCandlelight, c&rsquo;est une exp\u00e9rience musicale magique dans de magnifiques lieux \u00e9clair\u00e9s \u00e0 la bougie. Ach\u00e8te tes billets d\u00e8s maintenant pour ce concert Candlelight: C\u00e9line [\u2026]<a class=\"image\" href=\"https:\/\/www.jds.fr\/rouen\/concerts\/candlelight-celine-dion-1129477_A\" target=\"_blank\" rel=\"noopener\"><img decoding=\"async\" loading=\"lazy\" src=\"https:\/\/www.europesays.com\/fr\/wp-content\/uploads\/2025\/08\/candlelight-celine-dion-695774-180-180.webp.webp\" width=\"180\" height=\"180\" alt=\"Candlelight: C\u00e9line Dion\" class=\"border\"\/><\/a><\/li>\n<li class=\"col-12 pt-4\" data-view-id-type=\"1\" data-view-id=\"912038\" data-view-bc=\"0\"><a class=\"d-block titre text-black mb-1 mb-md-2\" href=\"https:\/\/www.jds.fr\/rouen\/concerts\/rap\/ziak-912038_A\" target=\"_blank\" rel=\"noopener\">Ziak<\/a>Le 17\/10\/2025<a href=\"https:\/\/www.jds.fr\/rouen\/salle-de-concert\/le-106-16700_L\" class=\"lieu font-size-14 text-gray-700 d-block lh-sm my-1\" target=\"_blank\" rel=\"noopener\"> Le 106 &#8211; Rouen<\/a>Ziak en concert \u00e0 Rouen (Le 106 ), le 17 octobre 2025. Toutes les informations pratiques (tarifs, billetterie, plan de salle) pour ce concert sont \u00e0 retrouver sur cette page. [\u2026]<a class=\"image\" href=\"https:\/\/www.jds.fr\/rouen\/concerts\/rap\/ziak-912038_A\" target=\"_blank\" rel=\"noopener\"><img decoding=\"async\" loading=\"lazy\" src=\"https:\/\/www.europesays.com\/fr\/wp-content\/uploads\/2025\/09\/1759216511_642_\" width=\"180\" height=\"180\" alt=\"Ziak\"\/><\/a><\/li>\n<li class=\"col-12 pt-4\" data-view-id-type=\"1\" data-view-id=\"1082775\" data-view-bc=\"0\"><a class=\"d-block titre text-black mb-1 mb-md-2\" href=\"https:\/\/www.jds.fr\/rouen\/concerts\/rap\/la-rumeur-1ere-partie-le-rap-game-1082775_A\" target=\"_blank\" rel=\"noopener\">La Rumeur &#8211; 1\u00e8re Partie\u00a0: le Rap Game<\/a>Le 25\/10\/2025<a href=\"https:\/\/www.jds.fr\/rouen\/cleon\/salle-de-concert\/la-traverse-16662_L\" class=\"lieu font-size-14 text-gray-700 d-block lh-sm my-1\" target=\"_blank\" rel=\"noopener\"> La Traverse &#8211; Cl\u00e9on<\/a>La Rumeur &#8211; 1\u00e8re Partie\u00a0: le Rap Game en concert \u00e0 Rouen (La Traverse Cl\u00e9on), le 25 octobre 2025. Toutes les informations pratiques (tarifs, billetterie, plan de salle) [\u2026]<a class=\"image\" href=\"https:\/\/www.jds.fr\/rouen\/concerts\/rap\/la-rumeur-1ere-partie-le-rap-game-1082775_A\" target=\"_blank\" rel=\"noopener\"><img decoding=\"async\" loading=\"lazy\" src=\"https:\/\/www.europesays.com\/fr\/wp-content\/uploads\/2025\/09\/1759216511_713_\" width=\"180\" height=\"180\" alt=\"La Rumeur - 1\u00e8re Partie : le Rap Game\"\/><\/a><\/li>\n<li class=\"col-12 pt-4\" data-view-id-type=\"1\" data-view-id=\"1018082\" data-view-bc=\"0\"><a class=\"d-block titre text-black mb-1 mb-md-2\" href=\"https:\/\/www.jds.fr\/rouen\/concerts\/rap\/sopico-1018082_A\" target=\"_blank\" rel=\"noopener\">Sopico<\/a>Le 19\/11\/2025<a href=\"https:\/\/www.jds.fr\/rouen\/salle-de-concert\/le-106-16700_L\" class=\"lieu font-size-14 text-gray-700 d-block lh-sm my-1\" target=\"_blank\" rel=\"noopener\"> Le 106 &#8211; Rouen<\/a>Sopico en concert \u00e0 Rouen (Le 106 ), le 19 novembre 2025. Toutes les informations pratiques (tarifs, billetterie, plan de salle) pour ce concert sont \u00e0 retrouver sur cette page. [\u2026]<a class=\"image\" href=\"https:\/\/www.jds.fr\/rouen\/concerts\/rap\/sopico-1018082_A\" target=\"_blank\" rel=\"noopener\"><img decoding=\"async\" loading=\"lazy\" src=\"https:\/\/www.europesays.com\/fr\/wp-content\/uploads\/2025\/09\/1759216512_852_\" width=\"180\" height=\"180\" alt=\"Sopico\"\/><\/a><\/li>\n<li class=\"li_gp_div li_gp_div_infeed\"\/>\n<li class=\"col-12 pt-4\" data-view-id-type=\"1\" data-view-id=\"945446\" data-view-bc=\"0\"><a class=\"d-block titre text-black mb-1 mb-md-2\" href=\"https:\/\/www.jds.fr\/rouen\/concerts\/rap\/fave-tournee-945446_A\" target=\"_blank\" rel=\"noopener\">Fav\u00e9 &#8211; Tourn\u00e9e<\/a>Le 04\/12\/2025<a href=\"https:\/\/www.jds.fr\/rouen\/salle-de-concert\/le-106-16700_L\" class=\"lieu font-size-14 text-gray-700 d-block lh-sm my-1\" target=\"_blank\" rel=\"noopener\"> Le 106 &#8211; Rouen<\/a>Fav\u00e9 &#8211; Tourn\u00e9e en concert \u00e0 Rouen (Le 106 ), le 4 d\u00e9cembre 2025. Toutes les informations pratiques (tarifs, billetterie, plan de salle) pour ce concert sont \u00e0 retrouver sur [\u2026]<a class=\"image\" href=\"https:\/\/www.jds.fr\/rouen\/concerts\/rap\/fave-tournee-945446_A\" target=\"_blank\" rel=\"noopener\"><img decoding=\"async\" loading=\"lazy\" src=\"https:\/\/www.europesays.com\/fr\/wp-content\/uploads\/2025\/09\/1759216513_729_\" width=\"180\" height=\"180\" alt=\"Fav\u00e9 - Tourn\u00e9e\"\/><\/a><\/li>\n<li class=\"col-12 pt-4\" data-view-id-type=\"1\" data-view-id=\"823230\" data-view-bc=\"0\"><a class=\"d-block titre text-black mb-1 mb-md-2\" href=\"https:\/\/www.jds.fr\/rouen\/concerts\/rap\/oxmo-puccino-tournee-823230_A\" target=\"_blank\" rel=\"noopener\">Oxmo Puccino &#8211; Tourn\u00e9e<\/a>Le 06\/12\/2025<a href=\"https:\/\/www.jds.fr\/rouen\/salle-de-concert\/le-106-16700_L\" class=\"lieu font-size-14 text-gray-700 d-block lh-sm my-1\" target=\"_blank\" rel=\"noopener\"> Le 106 &#8211; Rouen<\/a>Oxmo Puccino &#8211; Tourn\u00e9e en concert \u00e0 Rouen (Le 106 ), le 6 d\u00e9cembre 2025. Toutes les informations pratiques (tarifs, billetterie, plan de salle) pour ce concert sont \u00e0 retrouver [\u2026]<a class=\"image\" href=\"https:\/\/www.jds.fr\/rouen\/concerts\/rap\/oxmo-puccino-tournee-823230_A\" target=\"_blank\" rel=\"noopener\"><img decoding=\"async\" loading=\"lazy\" src=\"https:\/\/www.europesays.com\/fr\/wp-content\/uploads\/2025\/09\/1759216513_916_\" width=\"180\" height=\"180\" alt=\"Oxmo Puccino - Tourn\u00e9e\"\/><\/a><\/li>\n<li class=\"col-12 pt-4\" data-view-id-type=\"1\" data-view-id=\"801394\" data-view-bc=\"0\"><a class=\"d-block titre text-black mb-1 mb-md-2\" href=\"https:\/\/www.jds.fr\/rouen\/concerts\/rap\/tiakola-m3lo-world-tour-801394_A\" target=\"_blank\" rel=\"noopener\">Tiakola &#8211; M3lo World Tour<\/a>Le 07\/12\/2025<a href=\"https:\/\/www.jds.fr\/rouen\/le-grand-quevilly\/salle-de-concert\/zenith-de-rouen-15867_L\" class=\"lieu font-size-14 text-gray-700 d-block lh-sm my-1\" target=\"_blank\" rel=\"noopener\"> Z\u00e9nith de Rouen &#8211; Le Grand-Quevilly<\/a>Tiakola &#8211; M3lo World Tour en concert \u00e0 Rouen (Z\u00e9nith de Rouen Le Grand-Quevilly), le 7 d\u00e9cembre 2025. Toutes les informations pratiques (tarifs, billetterie, plan de salle) pour [\u2026]<a class=\"image\" href=\"https:\/\/www.jds.fr\/rouen\/concerts\/rap\/tiakola-m3lo-world-tour-801394_A\" target=\"_blank\" rel=\"noopener\"><img decoding=\"async\" loading=\"lazy\" src=\"https:\/\/www.europesays.com\/fr\/wp-content\/uploads\/2025\/09\/1759216514_248_\" width=\"180\" height=\"180\" alt=\"Tiakola - M3lo World Tour\"\/><\/a><\/li>\n<li class=\"col-12 pt-4\" data-view-id-type=\"1\" data-view-id=\"912040\" data-view-bc=\"0\"><a class=\"d-block titre text-black mb-1 mb-md-2\" href=\"https:\/\/www.jds.fr\/rouen\/concerts\/rap\/keblack-912040_A\" target=\"_blank\" rel=\"noopener\">Keblack<\/a>Le 13\/12\/2025<a href=\"https:\/\/www.jds.fr\/rouen\/salle-de-concert\/le-106-16700_L\" class=\"lieu font-size-14 text-gray-700 d-block lh-sm my-1\" target=\"_blank\" rel=\"noopener\"> Le 106 &#8211; Rouen<\/a>Keblack en concert \u00e0 Rouen (Le 106 ), le 13 d\u00e9cembre 2025. Toutes les informations pratiques (tarifs, billetterie, plan de salle) pour ce concert sont \u00e0 retrouver sur cette [\u2026]<a class=\"image\" href=\"https:\/\/www.jds.fr\/rouen\/concerts\/rap\/keblack-912040_A\" target=\"_blank\" rel=\"noopener\"><img decoding=\"async\" loading=\"lazy\" src=\"https:\/\/www.europesays.com\/fr\/wp-content\/uploads\/2025\/09\/1759216514_525_\" width=\"180\" height=\"180\" alt=\"Keblack\"\/><\/a><\/li>\n<li class=\"li_gp_div li_gp_div_infeed\"\/>\n<li class=\"col-12 pt-4\" data-view-id-type=\"1\" data-view-id=\"1164419\" data-view-bc=\"0\"><a class=\"d-block titre text-black mb-1 mb-md-2\" href=\"https:\/\/www.jds.fr\/rouen\/concerts\/rap\/riles-survival-tour-1164419_A\" target=\"_blank\" rel=\"noopener\">Ril\u00e8s &#8211; Survival Tour<\/a>Le 16\/01\/2026<a href=\"https:\/\/www.jds.fr\/rouen\/le-grand-quevilly\/salle-de-concert\/zenith-de-rouen-15867_L\" class=\"lieu font-size-14 text-gray-700 d-block lh-sm my-1\" target=\"_blank\" rel=\"noopener\"> Z\u00e9nith de Rouen &#8211; Le Grand-Quevilly<\/a>Ril\u00e8s &#8211; Survival Tour en concert \u00e0 Rouen (Z\u00e9nith de Rouen Le Grand-Quevilly), le 16 janvier 2026. Toutes les informations pratiques (tarifs, billetterie, plan de salle) pour ce [\u2026]<a class=\"image\" href=\"https:\/\/www.jds.fr\/rouen\/concerts\/rap\/riles-survival-tour-1164419_A\" target=\"_blank\" rel=\"noopener\"><img decoding=\"async\" loading=\"lazy\" src=\"https:\/\/www.europesays.com\/fr\/wp-content\/uploads\/2025\/09\/1759216515_162_\" width=\"180\" height=\"180\" alt=\"Ril\u00e8s - Survival Tour\"\/><\/a><\/li>\n<li class=\"col-12 pt-4\" data-view-id-type=\"1\" data-view-id=\"542852\" data-view-bc=\"0\"><a class=\"d-block titre text-black mb-1 mb-md-2\" href=\"https:\/\/www.jds.fr\/rouen\/concerts\/rap\/la-fouine-tournee-542852_A\" target=\"_blank\" rel=\"noopener\">La Fouine &#8211; Tourn\u00e9e<\/a>Le 04\/02\/2026<a href=\"https:\/\/www.jds.fr\/rouen\/le-grand-quevilly\/salle-de-concert\/zenith-de-rouen-15867_L\" class=\"lieu font-size-14 text-gray-700 d-block lh-sm my-1\" target=\"_blank\" rel=\"noopener\"> Z\u00e9nith de Rouen &#8211; Le Grand-Quevilly<\/a>La Fouine &#8211; Tourn\u00e9e en concert \u00e0 Rouen (Z\u00e9nith de Rouen Le Grand-Quevilly), le 4 f\u00e9vrier 2026. Toutes les informations pratiques (tarifs, billetterie, plan de salle) pour ce [\u2026]<a class=\"image\" href=\"https:\/\/www.jds.fr\/rouen\/concerts\/rap\/la-fouine-tournee-542852_A\" target=\"_blank\" rel=\"noopener\"><img decoding=\"async\" loading=\"lazy\" src=\"https:\/\/www.europesays.com\/fr\/wp-content\/uploads\/2025\/09\/1759216515_698_\" width=\"180\" height=\"180\" alt=\"La Fouine - Tourn\u00e9e\"\/><\/a><\/li>\n<li class=\"col-12 pt-4\" data-view-id-type=\"1\" data-view-id=\"1031231\" data-view-bc=\"0\"><a class=\"d-block titre text-black mb-1 mb-md-2\" href=\"https:\/\/www.jds.fr\/rouen\/concerts\/rap\/georgio-tournee-1031231_A\" target=\"_blank\" rel=\"noopener\">Georgio &#8211; Tourn\u00e9e<\/a>Le 07\/03\/2026<a href=\"https:\/\/www.jds.fr\/rouen\/salle-de-concert\/le-106-16700_L\" class=\"lieu font-size-14 text-gray-700 d-block lh-sm my-1\" target=\"_blank\" rel=\"noopener\"> Le 106 &#8211; Rouen<\/a>Georgio &#8211; Tourn\u00e9e en concert \u00e0 Rouen (Le 106 ), le 7 mars 2026. Toutes les informations pratiques (tarifs, billetterie, plan de salle) pour ce concert sont \u00e0 retrouver sur cette [\u2026]<a class=\"image\" href=\"https:\/\/www.jds.fr\/rouen\/concerts\/rap\/georgio-tournee-1031231_A\" target=\"_blank\" rel=\"noopener\"><img decoding=\"async\" loading=\"lazy\" src=\"https:\/\/www.europesays.com\/fr\/wp-content\/uploads\/2025\/09\/1759216515_319_\" width=\"180\" height=\"180\" alt=\"Georgio - Tourn\u00e9e\"\/><\/a><\/li>\n<li class=\"col-12 pt-4\" data-view-id-type=\"1\" data-view-id=\"1194848\" data-view-bc=\"0\"><a class=\"d-block titre text-black mb-1 mb-md-2\" href=\"https:\/\/www.jds.fr\/rouen\/concerts\/rap\/orelsan-tournee-1194848_A\" target=\"_blank\" rel=\"noopener\">Orelsan &#8211; Tourn\u00e9e<\/a>Le 16\/03\/2026<a href=\"https:\/\/www.jds.fr\/rouen\/le-grand-quevilly\/salle-de-concert\/zenith-de-rouen-15867_L\" class=\"lieu font-size-14 text-gray-700 d-block lh-sm my-1\" target=\"_blank\" rel=\"noopener\"> Z\u00e9nith de Rouen &#8211; Le Grand-Quevilly<\/a>Orelsan &#8211; Tourn\u00e9e en concert \u00e0 Rouen (Z\u00e9nith de Rouen Le Grand-Quevilly), le 16 mars 2026. Toutes les informations pratiques (tarifs, billetterie, plan de salle) pour ce concert [\u2026]<a class=\"image\" href=\"https:\/\/www.jds.fr\/rouen\/concerts\/rap\/orelsan-tournee-1194848_A\" target=\"_blank\" rel=\"noopener\"><img decoding=\"async\" loading=\"lazy\" src=\"https:\/\/www.europesays.com\/fr\/wp-content\/uploads\/2025\/09\/1759216516_390_\" width=\"180\" height=\"180\" alt=\"Orelsan - Tourn\u00e9e\"\/><\/a><\/li>\n<li class=\"li_gp_div li_gp_div_infeed\"\/>\n<li class=\"col-12 pt-4\" data-view-id-type=\"1\" data-view-id=\"1176716\" data-view-bc=\"0\"><a class=\"d-block titre text-black mb-1 mb-md-2\" href=\"https:\/\/www.jds.fr\/rouen\/concerts\/rap\/lujipeka-1176716_A\" target=\"_blank\" rel=\"noopener\">Lujipeka<\/a>Le 23\/04\/2026<a href=\"https:\/\/www.jds.fr\/rouen\/salle-de-concert\/le-106-16700_L\" class=\"lieu font-size-14 text-gray-700 d-block lh-sm my-1\" target=\"_blank\" rel=\"noopener\"> Le 106 &#8211; Rouen<\/a>Lujipeka en concert \u00e0 Rouen (Le 106 ), le 23 avril 2026. Toutes les informations pratiques (tarifs, billetterie, plan de salle) pour ce concert sont \u00e0 retrouver sur cette page. [\u2026]<a class=\"image\" href=\"https:\/\/www.jds.fr\/rouen\/concerts\/rap\/lujipeka-1176716_A\" target=\"_blank\" rel=\"noopener\"><img decoding=\"async\" loading=\"lazy\" src=\"https:\/\/www.europesays.com\/fr\/wp-content\/uploads\/2025\/09\/1759216516_194_\" width=\"180\" height=\"180\" alt=\"Lujipeka\"\/><\/a><\/li>\n<\/ul>\n<p class=\"font-size-30 fw-bold lh-1 mt-0 mb-4\">Je trouve les meilleures sorties dans ma ville<\/p>\n<p class=\"mt-0 mb-3 h2\">Newsletter JDS Rouen<\/p>\n<p class=\"font-size-18 fw-normal lh-sm\">Pr\u00eat pour un week-end de folie\u00a0? Chaque jeudi tous les bons plans sorties<\/p>\n","protected":false},"excerpt":{"rendered":"Le 29\/01\/2026 Le 106 | Rouen Rsko : dates de la tourn\u00e9e A partir de 26,50 \u20ac Rsko&hellip;\n","protected":false},"author":2,"featured_media":428029,"comment_status":"","ping_status":"","sticky":false,"template":"","format":"standard","meta":{"footnotes":""},"categories":[9587],"tags":[1111,11,1777,674,1011,27,12,5161,25,9590],"class_list":{"0":"post-428028","1":"post","2":"type-post","3":"status-publish","4":"format-standard","5":"has-post-thumbnail","7":"category-rouen","8":"tag-actu","9":"tag-actualites","10":"tag-eu","11":"tag-europe","12":"tag-fr","13":"tag-france","14":"tag-news","15":"tag-normandie","16":"tag-republique-francaise","17":"tag-rouen"},"share_on_mastodon":{"url":"https:\/\/pubeurope.com\/@fr\/115292021677280465","error":""},"_links":{"self":[{"href":"https:\/\/www.europesays.com\/fr\/wp-json\/wp\/v2\/posts\/428028","targetHints":{"allow":["GET"]}}],"collection":[{"href":"https:\/\/www.europesays.com\/fr\/wp-json\/wp\/v2\/posts"}],"about":[{"href":"https:\/\/www.europesays.com\/fr\/wp-json\/wp\/v2\/types\/post"}],"author":[{"embeddable":true,"href":"https:\/\/www.europesays.com\/fr\/wp-json\/wp\/v2\/users\/2"}],"replies":[{"embeddable":true,"href":"https:\/\/www.europesays.com\/fr\/wp-json\/wp\/v2\/comments?post=428028"}],"version-history":[{"count":0,"href":"https:\/\/www.europesays.com\/fr\/wp-json\/wp\/v2\/posts\/428028\/revisions"}],"wp:featuredmedia":[{"embeddable":true,"href":"https:\/\/www.europesays.com\/fr\/wp-json\/wp\/v2\/media\/428029"}],"wp:attachment":[{"href":"https:\/\/www.europesays.com\/fr\/wp-json\/wp\/v2\/media?parent=428028"}],"wp:term":[{"taxonomy":"category","embeddable":true,"href":"https:\/\/www.europesays.com\/fr\/wp-json\/wp\/v2\/categories?post=428028"},{"taxonomy":"post_tag","embeddable":true,"href":"https:\/\/www.europesays.com\/fr\/wp-json\/wp\/v2\/tags?post=428028"}],"curies":[{"name":"wp","href":"https:\/\/api.w.org\/{rel}","templated":true}]}}