{"id":428032,"date":"2025-09-30T07:17:18","date_gmt":"2025-09-30T07:17:18","guid":{"rendered":"https:\/\/www.europesays.com\/fr\/428032\/"},"modified":"2025-09-30T07:17:18","modified_gmt":"2025-09-30T07:17:18","slug":"debut-du-passage-en-force-contre-les-habitants-et-commercants","status":"publish","type":"post","link":"https:\/\/www.europesays.com\/fr\/428032\/","title":{"rendered":"D\u00c9BUT DU PASSAGE EN FORCE CONTRE LES HABITANTS ET COMMER\u00c7ANTS"},"content":{"rendered":"<p>Posted On 30 septembre 2025 <\/p>\n<p style=\"text-align: justify;\">Encore tout un symbole de la fin de mandat Piolle. Hier matin, les habitants et commer\u00e7ants de la place de Metz et alentours se sont mobilis\u00e9s pour tenter d&#8217;emp\u00eacher le d\u00e9marrage des travaux d&rsquo;un \u00e9ni\u00e8me projet impos\u00e9 qui menace le quartier.\u00a0<\/p>\n<p>DES DIZAINES DE MANIFESTANTS DANS LE CALME<\/p>\n<p style=\"text-align: justify;\">Le Dauphin\u00e9 rapporte qu&rsquo;ils \u00e9taient plusieurs dizaines \u00e0 se r\u00e9unir de bonne heure, \u00ab\u00a0positionn\u00e9s calmement devant les engins de chantier\u00a0\u00bb pour tenter de se faire entendre et obtenir une n\u00e9gociation. Ce sera difficile pour les \u00e9lus Verts\/LFI, <a href=\"https:\/\/grenoble-le-changement.fr\/2025\/06\/28\/le-retour-des-methodes-immondes-pour-disqualifier-les-critiques-des-verts-lfi\/\" target=\"_blank\" rel=\"noopener\">m\u00eame avec toute la mauvaise foi dont ils sont capables, de faire croire qu&rsquo;il s&rsquo;agit de dangereux manifestants<\/a>\u00a0rejouant la prise du capitole pour tenter de discr\u00e9diter cette mobilisation&#8230;<\/p>\n<p><a href=\"https:\/\/grenoble-le-changement.fr\/wp-content\/uploads\/2024\/12\/Capture-de\u0301cran-2024-12-12-a\u0300-18.19.29.png\" rel=\"lightbox[85081] noopener\" target=\"_blank\"><img loading=\"lazy\" decoding=\"async\" class=\" wp-image-78550 jetpack-lazy-image\" src=\"https:\/\/grenoble-le-changement.fr\/wp-content\/uploads\/2024\/12\/Capture-de\u0301cran-2024-12-12-a\u0300-18.19.29-300x181.png\" alt=\"\" width=\"607\" height=\"366\" data-lazy-src=\"https:\/\/www.europesays.com\/fr\/wp-content\/uploads\/2025\/09\/Capture-de\u0301cran-2024-12-12-a\u0300-18.19.29-300x181.png\" \/><\/a>Les plans du projet de la place de Metz, arriv\u00e9s en conseil municipal fin 2024 sans avoir \u00e9t\u00e9 d\u00e9battus avec personne<br \/>\nDES REVENDICATIONS POUR SAUVER L&rsquo;\u00c9QUILIBRE DU QUARTIER<\/p>\n<p style=\"text-align: justify;\">Le c\u00e9l\u00e8bre fromager Bernard Mure-Ravaud, <a target=\"_blank\" href=\"https:\/\/www.facebook.com\/reel\/2547966182228066\" rel=\"noopener\">interrog\u00e9 par le tiktokeur \u00e0 succ\u00e8s Guizmaths<\/a>, d\u00e9taille les revendications, qui n&rsquo;ont d\u00e9cid\u00e9ment rien d&rsquo;extr\u00eame. Il rappelle que tout le monde soutient une r\u00e9novation de la place, dans un sale \u00e9tat, mais que les habitants et commer\u00e7ants se mobilisent pour sauver ne serait-ce qu&rsquo;une trentaine de places d&rsquo;un parking qui en compte aujourd&rsquo;hui 72. Ce qui n&rsquo;est pas pr\u00e9vu dans le projet municipal et m\u00e9tropolitain actuel.\u00a0<\/p>\n<p>\u00ab\u00a0LES COMMERCES MARCHENT BIEN, POURQUOI VOULOIR TUER \u00c7A ?<\/p>\n<p style=\"text-align: justify;\">\u00ab\u00a0C&rsquo;est le poumon \u00e9conomique et gastronomique de la ville\u00a0\u00bb explique encore le fromager, avec, c&rsquo;est devenu rare \u00e0 Grenoble, des gens qui viennent de partout pour y faire leurs achats, dans 5,6 boutiques diff\u00e9rentes de la rue. Donc il y a un besoin en stationnement pour pr\u00e9server<a href=\"https:\/\/grenoble-le-changement.fr\/2024\/04\/16\/strasbourg-metz-la-fronde-contre-la-mort-du-commerce\/\" target=\"_blank\" rel=\"noopener\"> la sp\u00e9cificit\u00e9 de ce quartier pas comme les autres, encore pr\u00e9serv\u00e9<\/a>. \u00ab\u00a0Il faut refaire la place de Metz mais faisons-le intelligemment (&#8230;) tous les commer\u00e7ants de la rue de Strasbourg marchent bien, pourquoi vouloir tuer \u00e7a ?\u00a0\u00bb demande-t-il simplement.\u00a0<\/p>\n<p><a href=\"https:\/\/grenoble-le-changement.fr\/wp-content\/uploads\/2025\/09\/mure-ravaud-tf1-chasseur-de-fromages.jpg\" rel=\"lightbox[85081] noopener\" target=\"_blank\"><img loading=\"lazy\" decoding=\"async\" class=\" wp-image-85098 jetpack-lazy-image\" src=\"https:\/\/grenoble-le-changement.fr\/wp-content\/uploads\/2025\/09\/mure-ravaud-tf1-chasseur-de-fromages-300x218.jpg\" alt=\"\" width=\"711\" height=\"517\" data-lazy-src=\"https:\/\/www.europesays.com\/fr\/wp-content\/uploads\/2025\/09\/mure-ravaud-tf1-chasseur-de-fromages-300x218.jpg\" \/><\/a>Le \u00ab\u00a0chasseur de fromages\u00a0\u00bb meilleur ouvrier de France \u00e9tait avant-hier soir \u00e0 l&rsquo;affiche d&rsquo;un reportage de TF1 tr\u00e8s suivi. C&rsquo;est le Grenoble dont on est fier et qu&rsquo;on voudrait voir mis en avant plus souvent&#8230; mais que les Verts\/LFI s&rsquo;\u00e9vertuent \u00e0 affaiblir<br \/>\nSUPPRIMER LE STATIONNEMENT SOUS COUVERT DE V\u00c9G\u00c9TALISATION&#8230;<\/p>\n<p style=\"text-align: justify;\"><a href=\"https:\/\/grenoble-le-changement.fr\/2025\/07\/06\/berriat-le-vote-des-grenoblois-determinant-pour-le-projet-damenagement\/\" target=\"_blank\" rel=\"noopener\">Comme ailleurs (Berriat, Jeanne d&rsquo;Arc..)<\/a>, le plan des Verts\/LFI est motiv\u00e9 par leur lubie anti voiture. Sous couvert de v\u00e9g\u00e9talisation, de r\u00e9fection de voirie, il s&rsquo;agit de supprimer les places de stationnement et de modifier le plan de circulation, amor\u00e7ant ce qu&rsquo;ils pourraient terminer apr\u00e8s les municipales en ressortant un autre projet pour lequel Eric Piolle lui-m\u00eame a \u00e9t\u00e9 contraint de reculer (du moins jusqu&rsquo;aux \u00e9lections) face \u00e0 la lev\u00e9e de boucliers : celui qui aurait consist\u00e9 \u00e0 \u00e9radiquer le stationnement de la rue de Strasbourg et \u00e0 y installer des bornes d&rsquo;acc\u00e8s pr\u00e9figurant une pi\u00e9tonnisation totale de la zone.\u00a0<\/p>\n<p>&#8230; ALORS QUE LES ARBRES ANCIENS DE LA PLACE SONT MENAC\u00c9S<\/p>\n<p style=\"text-align: justify;\">L&rsquo;argument de la v\u00e9g\u00e9talisation est entendable mais il ne n\u00e9cessite pas d&rsquo;\u00e9radiquer tout le stationnement, loin de l\u00e0. Et surtout, il est d&rsquo;autant plus hypocrite que sous pr\u00e9texte de refaire la place pour y mettre un peu de verdure, ce sont les grands \u00e9rables qui l&rsquo;ornent qui pourraient bien \u00eatre abattus pour le besoin des travaux. <a href=\"https:\/\/grenoble-le-changement.fr\/2025\/09\/26\/1er-pour-les-ilots-de-chaleur-transports-qui-stagnent-le-bilan-ecologique-des-verts-a-grenoble\/\" target=\"_blank\" rel=\"noopener\">Ce qui priverait le quartier de grands sujets anciens bien plus rafraichissants et vertueux pour l&rsquo;environnement<\/a> que n&rsquo;importe quel am\u00e9nagement que pourront faire les \u00ab\u00a0verts\u00a0\u00bb.\u00a0<\/p>\n<p><a href=\"https:\/\/grenoble-le-changement.fr\/wp-content\/uploads\/2025\/09\/arbres-place-de-metz-menace.jpg\" rel=\"lightbox[85081] noopener\" target=\"_blank\"><img loading=\"lazy\" decoding=\"async\" class=\" wp-image-85100 jetpack-lazy-image\" src=\"https:\/\/grenoble-le-changement.fr\/wp-content\/uploads\/2025\/09\/arbres-place-de-metz-menace-225x300.jpg\" alt=\"\" width=\"517\" height=\"689\" data-lazy-src=\"https:\/\/www.europesays.com\/fr\/wp-content\/uploads\/2025\/09\/arbres-place-de-metz-menace-225x300.jpg\" \/><\/a>Les \u00e9rables menac\u00e9s de la place de Metz&#8230; alors que la m\u00e9tropole votait vendredi un PLUi pour interdire l&rsquo;abattage des grands arbres ! Cherchez l&rsquo;erreur<br \/>\nDEUX RECOURS EN JUSTICE D\u00c9BOUT\u00c9S<\/p>\n<p style=\"text-align: justify;\">Cet \u00e9t\u00e9, exc\u00e9d\u00e9s par l&rsquo;absence d&rsquo;\u00e9coute de la municipalit\u00e9 et de la m\u00e9tro, les riverains et commer\u00e7ants avaient en d\u00e9sespoir de cause fait le choix de se tourner vers l&rsquo;action judiciaire avec deux recours d\u00e9pos\u00e9s. L&rsquo;avocat Me Thierry Aldeguer, <a target=\"_blank\" href=\"https:\/\/c.ledauphine.com\/economie\/2025\/09\/17\/les-travaux-de-la-place-de-metz-auront-bien-lieu-malgre-les-requetes-des-commercants\" rel=\"noopener\">portant l&rsquo;un des deux recours, avait notamment fustig\u00e9<\/a> \u00ab\u00a0une modification substantielle d\u2019un quartier qui remet en cause la circulation et qui a des impacts sur l\u2019exploitation des activit\u00e9s commerciales et des r\u00e9sidents. Ce n\u2019est pas un int\u00e9r\u00eat public qui guide ces travaux, mais un int\u00e9r\u00eat public \u00e9lectoral\u00a0\u00bb.\u00a0<\/p>\n<p>LES \u00c9LUS S&rsquo;ASSOIENT SUR LA CONCERTATION QU&rsquo;ILS ORGANISENT<\/p>\n<p style=\"text-align: justify;\">Le juge Pierre Thierry\u00a0 &#8211; celui qui avait <a href=\"https:\/\/grenoble-le-changement.fr\/2023\/12\/22\/les-peupliers-sont-abattus-a-lile-verte\/\" target=\"_blank\" rel=\"noopener\">d\u00e9j\u00e0 autoris\u00e9 l&rsquo;abattage des peupliers de l&rsquo;Ile verte<\/a> &#8211; a\u00a0fait le choix de d\u00e9bouter les recours. Les habitants et commer\u00e7ants ont donc fait le choix de cette action pacifique hier matin pour se faire entendre, malheureusement sans beaucoup plus de succ\u00e8s que lors de la \u00ab\u00a0concertation\u00a0\u00bb derri\u00e8re laquelle se planque les \u00e9lus. <a target=\"_blank\" href=\"https:\/\/metropoleparticipative.fr\/participation\/43362\/32-espace-participatif.htm\" rel=\"noopener\">Le bilan de cette derni\u00e8re avait pourtant soulev\u00e9 clairement<\/a> que \u00ab\u00a0les commer\u00e7ants, majoritaires, expriment des r\u00e9ticences voire une opposition cat\u00e9gorique au projet\u00a0\u00bb, et que \u00ab\u00a0de nombreux r\u00e9sidents et commer\u00e7ants expriment leur pr\u00e9occupation quant \u00e0 la suppression ou \u00e0 la r\u00e9duction des places de stationnement\u00a0\u00bb.<\/p>\n<p><a href=\"https:\/\/grenoble-le-changement.fr\/wp-content\/uploads\/2024\/03\/IMG_7720-scaled.jpg\" rel=\"lightbox[85081] noopener\" target=\"_blank\"><img loading=\"lazy\" decoding=\"async\" class=\" wp-image-72401 jetpack-lazy-image\" src=\"https:\/\/grenoble-le-changement.fr\/wp-content\/uploads\/2024\/03\/IMG_7720-300x225.jpg\" alt=\"\" width=\"580\" height=\"435\" data-lazy-src=\"https:\/\/www.europesays.com\/fr\/wp-content\/uploads\/2025\/09\/IMG_7720-300x225.jpg\" \/><\/a>Mobilisation des habitants et commer\u00e7ants face aux adjoints Alan Confesson et Gilles Namur, qui n&rsquo;ont tenu compte d&rsquo;aucune de leurs remarques. Les 2 \u00e9lus incapables d&rsquo;\u00e9coute qui se sont born\u00e9s \u00e0 r\u00e9p\u00e9ter benoitement les \u00e9l\u00e9ments de langage piollesque toutes ces ann\u00e9es ont disparu du panorama des municipales \u00e0 venir&#8230;<br \/>\nLA DESCENTE DES ALPAGES ATTAQU\u00c9E PAR UNE ADJOINTE AU MAIRE<\/p>\n<p style=\"text-align: justify;\">Le lancement des travaux est d&rsquo;autant plus malvenu \u00e0 cette p\u00e9riode que la descente des alpages, cet \u00e9v\u00e9nement d\u00e9sormais embl\u00e9matique de la rue de Strasbourg\/Place de Metz et de Grenoble tout entier, revient le 11 octobre.<\/p>\n<p style=\"text-align: justify;\">Sandra Krief, l&rsquo;adjointe animaliste soutien de Laurence Ruffin (Verts\/PCF), s&rsquo;est encore illustr\u00e9e \u00e0 ce propos vendredi dernier en conseil m\u00e9tropolitain en votant contre l&rsquo;\u00e9v\u00e9nement qui exploiterait les animaux selon elle&#8230; alors que c&rsquo;est une \u00e9dition sans animaux, <a target=\"_blank\" href=\"https:\/\/www.placegrenet.fr\/2025\/09\/29\/la-descente-des-alpages-critiquee-par-lelue-grenobloise-sandra-krief-malgre-une-edition-2025-sans-animaux\/660815\" rel=\"noopener\">comme le rel\u00e8ve Place Gre&rsquo;net un brin moqueur<\/a> ! Apr\u00e8s la <a href=\"https:\/\/grenoble-le-changement.fr\/2025\/08\/15\/galeries-lafayette-de-grenoble-la-municipalite-veut-supprimer-un-ghetto-de-riches\/\" target=\"_blank\" rel=\"noopener\">d\u00e9nonciation de la fourrure devant les galeries Lafayette<\/a> qui n&rsquo;en vendent plus depuis plus de 10 ans, la passionaria verte tient d\u00e9cid\u00e9ment le bon bout.<\/p>\n<p>LA POLITIQUE DU FORCEPS<\/p>\n<p style=\"text-align: justify;\">Comme le soulevait Bernard Mure-Ravaud ce matin, le bon sens d\u00e9mocratique voudrait que des travaux aussi contest\u00e9s soient repouss\u00e9 jusqu&rsquo;aux \u00e9lections pour laisser aux Grenoblois le soin de trancher par leur vote s&rsquo;ils d\u00e9sirent les voir aller \u00e0 leur terme sous cette forme ou pas. En l&rsquo;\u00e9tat, ils sont pr\u00e9vus pour se terminer en mai 2026 soit 2 mois apr\u00e8s l&rsquo;\u00e9lection de la nouvelle municipalit\u00e9. Les Piollistes en fin de r\u00e8gne font le choix d&rsquo;y aller au bulldozer <a href=\"https:\/\/grenoble-le-changement.fr\/2024\/12\/13\/place-de-metz-avenue-de-washington-jeanne-darc-la-municipalite-titube\/\" target=\"_blank\" rel=\"noopener\">pour imposer un maximum de projets avant la fin d&rsquo;un mandat<\/a> qui s&rsquo;ach\u00e8ve avec des foyers de tension dans toute la ville.<\/p>\n<p style=\"text-align: justify;\">En mars, les Grenoblois disposeront des urnes pour choisir s&rsquo;ils veulent continuer 6 ans de plus avec une politique autoritariste qui entretient les divisions.<\/p>\n","protected":false},"excerpt":{"rendered":"Posted On 30 septembre 2025 Encore tout un symbole de la fin de mandat Piolle. Hier matin, les&hellip;\n","protected":false},"author":2,"featured_media":428033,"comment_status":"","ping_status":"","sticky":false,"template":"","format":"standard","meta":{"footnotes":""},"categories":[9566],"tags":[1111,11,11148,2430,21690,9607,1777,674,1011,27,10230,2731,11150,12,55683,25,45805,22045],"class_list":{"0":"post-428032","1":"post","2":"type-post","3":"status-publish","4":"format-standard","5":"has-post-thumbnail","7":"category-grenoble","8":"tag-actu","9":"tag-actualites","10":"tag-alan-confesson","11":"tag-auvergne-rhone-alpes","12":"tag-bernard-mure-ravaud","13":"tag-eric-piolle","14":"tag-eu","15":"tag-europe","16":"tag-fr","17":"tag-france","18":"tag-gilles-namur","19":"tag-grenoble","20":"tag-guizmaths","21":"tag-news","22":"tag-pierre-thierry","23":"tag-republique-francaise","24":"tag-sandra-krief","25":"tag-thierry-aldeguer"},"share_on_mastodon":{"url":"","error":""},"_links":{"self":[{"href":"https:\/\/www.europesays.com\/fr\/wp-json\/wp\/v2\/posts\/428032","targetHints":{"allow":["GET"]}}],"collection":[{"href":"https:\/\/www.europesays.com\/fr\/wp-json\/wp\/v2\/posts"}],"about":[{"href":"https:\/\/www.europesays.com\/fr\/wp-json\/wp\/v2\/types\/post"}],"author":[{"embeddable":true,"href":"https:\/\/www.europesays.com\/fr\/wp-json\/wp\/v2\/users\/2"}],"replies":[{"embeddable":true,"href":"https:\/\/www.europesays.com\/fr\/wp-json\/wp\/v2\/comments?post=428032"}],"version-history":[{"count":0,"href":"https:\/\/www.europesays.com\/fr\/wp-json\/wp\/v2\/posts\/428032\/revisions"}],"wp:featuredmedia":[{"embeddable":true,"href":"https:\/\/www.europesays.com\/fr\/wp-json\/wp\/v2\/media\/428033"}],"wp:attachment":[{"href":"https:\/\/www.europesays.com\/fr\/wp-json\/wp\/v2\/media?parent=428032"}],"wp:term":[{"taxonomy":"category","embeddable":true,"href":"https:\/\/www.europesays.com\/fr\/wp-json\/wp\/v2\/categories?post=428032"},{"taxonomy":"post_tag","embeddable":true,"href":"https:\/\/www.europesays.com\/fr\/wp-json\/wp\/v2\/tags?post=428032"}],"curies":[{"name":"wp","href":"https:\/\/api.w.org\/{rel}","templated":true}]}}