{"id":428034,"date":"2025-09-30T07:18:11","date_gmt":"2025-09-30T07:18:11","guid":{"rendered":"https:\/\/www.europesays.com\/fr\/428034\/"},"modified":"2025-09-30T07:18:11","modified_gmt":"2025-09-30T07:18:11","slug":"montauban-de-bretagne-un-concert-pour-la-trentieme-edition-du-grand-soufflet","status":"publish","type":"post","link":"https:\/\/www.europesays.com\/fr\/428034\/","title":{"rendered":"Montauban-de-Bretagne. Un concert pour la trenti\u00e8me \u00e9dition du Grand Soufflet"},"content":{"rendered":"<p>Le festival le Grand Soufflet, qui f\u00eate cette ann\u00e9e sa 30e?\u00e9dition, a programm\u00e9 le concert du trio Azahar dans la commune, vendredi, \u00e0 20\u00a0h\u00a030. \u00ab\u00a0<strong>C\u2019est l\u2019EMPB (\u00e9cole musicale du pays de Broc\u00e9liande) qui accueillera ce rendez-vous musical, coorganis\u00e9 pour la deuxi\u00e8me ann\u00e9e cons\u00e9cutive par Montauban animation et l\u2019EMPB, partenaire fid\u00e8le du festival depuis 2018<\/strong>\u00a0\u00bb, pr\u00e9cise Michel Gu\u00e9e, copr\u00e9sident de Montauban animation.<\/p>\n<p>L\u2019an pass\u00e9, une soir\u00e9e d\u00e9di\u00e9e \u00e0 l\u2019Afrique avait vu la prestation de la chanteuse s\u00e9n\u00e9galaise Kya Loum. Cette ann\u00e9e, les organisateurs ont programm\u00e9 une escale musicale en Am\u00e9rique latine. \u00ab\u00a0<strong>Le groupe Azahar, trio passionn\u00e9, invite le public \u00e0 un voyage vibrant \u00e0 travers les musiques populaires du continent avec un concert \u00e0 la fois festif, po\u00e9tique et chaleureux<\/strong>.\u00a0\u00bb<\/p>\n<p>La premi\u00e8re partie sera assur\u00e9e par l\u2019ensemble de percussions de l\u2019EMPB.<\/p>\n<p>Vendredi 3\u00a0octobre, \u00e0 20\u00a0h\u00a030, salle Ravel, 1,\u00a0rue du Dr Louis-Druais. Tarifs\u00a0: 10\u00a0\u20ac \/ 7\u00a0\u20ac, gratuit pour les moins de 12\u00a0ans. R\u00e9servations\u00a0: www.legrandsoufflet.fr\/billetterie ou Montauban animation par mail \u00e0 montauban.animation@gmail.com ou t\u00e9l.\u00a006\u00a019\u00a087\u00a055\u00a051. Billets sur place, dans la limite des places.<\/p>\n<p>\u00a0<\/p>\n","protected":false},"excerpt":{"rendered":"Le festival le Grand Soufflet, qui f\u00eate cette ann\u00e9e sa 30e?\u00e9dition, a programm\u00e9 le concert du trio Azahar&hellip;\n","protected":false},"author":2,"featured_media":428035,"comment_status":"","ping_status":"","sticky":false,"template":"","format":"standard","meta":{"footnotes":""},"categories":[2821],"tags":[1111,11,829,1697,4660,1777,674,1011,27,2515,55684,12,3086,584,25,41485],"class_list":{"0":"post-428034","1":"post","2":"type-post","3":"status-publish","4":"format-standard","5":"has-post-thumbnail","7":"category-rennes","8":"tag-actu","9":"tag-actualites","10":"tag-bretagne","11":"tag-concert","12":"tag-edition","13":"tag-eu","14":"tag-europe","15":"tag-fr","16":"tag-france","17":"tag-grand","18":"tag-montauban-de-bretagne","19":"tag-news","20":"tag-redon","21":"tag-rennes","22":"tag-republique-francaise","23":"tag-soufflet"},"share_on_mastodon":{"url":"https:\/\/pubeurope.com\/@fr\/115292032676168868","error":""},"_links":{"self":[{"href":"https:\/\/www.europesays.com\/fr\/wp-json\/wp\/v2\/posts\/428034","targetHints":{"allow":["GET"]}}],"collection":[{"href":"https:\/\/www.europesays.com\/fr\/wp-json\/wp\/v2\/posts"}],"about":[{"href":"https:\/\/www.europesays.com\/fr\/wp-json\/wp\/v2\/types\/post"}],"author":[{"embeddable":true,"href":"https:\/\/www.europesays.com\/fr\/wp-json\/wp\/v2\/users\/2"}],"replies":[{"embeddable":true,"href":"https:\/\/www.europesays.com\/fr\/wp-json\/wp\/v2\/comments?post=428034"}],"version-history":[{"count":0,"href":"https:\/\/www.europesays.com\/fr\/wp-json\/wp\/v2\/posts\/428034\/revisions"}],"wp:featuredmedia":[{"embeddable":true,"href":"https:\/\/www.europesays.com\/fr\/wp-json\/wp\/v2\/media\/428035"}],"wp:attachment":[{"href":"https:\/\/www.europesays.com\/fr\/wp-json\/wp\/v2\/media?parent=428034"}],"wp:term":[{"taxonomy":"category","embeddable":true,"href":"https:\/\/www.europesays.com\/fr\/wp-json\/wp\/v2\/categories?post=428034"},{"taxonomy":"post_tag","embeddable":true,"href":"https:\/\/www.europesays.com\/fr\/wp-json\/wp\/v2\/tags?post=428034"}],"curies":[{"name":"wp","href":"https:\/\/api.w.org\/{rel}","templated":true}]}}