{"id":428038,"date":"2025-09-30T07:20:15","date_gmt":"2025-09-30T07:20:15","guid":{"rendered":"https:\/\/www.europesays.com\/fr\/428038\/"},"modified":"2025-09-30T07:20:15","modified_gmt":"2025-09-30T07:20:15","slug":"eric-westermann-est-le-nouveau-president-des-etoiles-dalsace-les-nouvelles-gastronomiques","status":"publish","type":"post","link":"https:\/\/www.europesays.com\/fr\/428038\/","title":{"rendered":"\u00c9ric Westermann est le nouveau pr\u00e9sident des Etoiles D&rsquo;Alsace \u2022 Les Nouvelles Gastronomiques"},"content":{"rendered":"<p data-start=\"108\" data-end=\"350\">L\u2019assembl\u00e9e g\u00e9n\u00e9rale des \u00c9toiles d\u2019Alsace s\u2019est tenue le lundi 29 septembre 2025 au Cercle militaire Broglie \u00e0 Strasbourg. \u00c0 cette occasion, \u00c9ric Westermann, chef du Buerehiesel \u00e0 Strasbourg a succ\u00e9d\u00e9 \u00e0 \u00c9douard Baumann \u00e0 la pr\u00e9sidence de l\u2019association pour un mandat de 3 ann\u00e9es.<\/p>\n<p data-start=\"352\" data-end=\"479\">Son souhait : poursuivre la dynamique d\u00e9j\u00e0 engag\u00e9e et renforcer l\u2019id\u00e9e d\u2019\u00c9toiles d\u2019Alsace comme une v\u00e9ritable maison commune.<\/p>\n<p data-start=\"352\" data-end=\"479\"><strong>Par Sandrine Kauffer<\/strong><\/p>\n<p data-start=\"352\" data-end=\"479\"><strong>Relire<\/strong><\/p>\n<p class=\"entry-title title flipboard-title\"><a style=\"color: #50b4d8;\" href=\"https:\/\/nouvellesgastronomiques.com\/2022-50-ans-des-westermann-au-buerehiesel\/\" target=\"_blank\" rel=\"noopener\">2022 : 50 ans des Westermann au Buerehiesel<\/a><\/p>\n<p><img data-recalc-dims=\"1\" loading=\"lazy\" decoding=\"async\" class=\"size-mailpoet_newsletter_max wp-image-54129\" src=\"https:\/\/www.europesays.com\/fr\/wp-content\/uploads\/2025\/09\/eric-westermann-buerhiesel2.jpg\" alt=\"\" width=\"1170\" height=\"1625\"  \/>Eric Westermann \u00a9Nouvelles Gastronomiques<\/p>\n","protected":false},"excerpt":{"rendered":"L\u2019assembl\u00e9e g\u00e9n\u00e9rale des \u00c9toiles d\u2019Alsace s\u2019est tenue le lundi 29 septembre 2025 au Cercle militaire Broglie \u00e0 Strasbourg.&hellip;\n","protected":false},"author":2,"featured_media":428039,"comment_status":"","ping_status":"","sticky":false,"template":"","format":"standard","meta":{"footnotes":""},"categories":[2820],"tags":[1111,11,55685,55686,55687,55688,1777,674,1011,27,775,12,4919,25,640],"class_list":{"0":"post-428038","1":"post","2":"type-post","3":"status-publish","4":"format-standard","5":"has-post-thumbnail","7":"category-strasbourg","8":"tag-actu","9":"tag-actualites","10":"tag-burehiesel","11":"tag-edouard-baumann","12":"tag-eric-westermann","13":"tag-etoiles-dalsace","14":"tag-eu","15":"tag-europe","16":"tag-fr","17":"tag-france","18":"tag-grand-est","19":"tag-news","20":"tag-president","21":"tag-republique-francaise","22":"tag-strasbourg"},"share_on_mastodon":{"url":"https:\/\/pubeurope.com\/@fr\/115292040853580884","error":""},"_links":{"self":[{"href":"https:\/\/www.europesays.com\/fr\/wp-json\/wp\/v2\/posts\/428038","targetHints":{"allow":["GET"]}}],"collection":[{"href":"https:\/\/www.europesays.com\/fr\/wp-json\/wp\/v2\/posts"}],"about":[{"href":"https:\/\/www.europesays.com\/fr\/wp-json\/wp\/v2\/types\/post"}],"author":[{"embeddable":true,"href":"https:\/\/www.europesays.com\/fr\/wp-json\/wp\/v2\/users\/2"}],"replies":[{"embeddable":true,"href":"https:\/\/www.europesays.com\/fr\/wp-json\/wp\/v2\/comments?post=428038"}],"version-history":[{"count":0,"href":"https:\/\/www.europesays.com\/fr\/wp-json\/wp\/v2\/posts\/428038\/revisions"}],"wp:featuredmedia":[{"embeddable":true,"href":"https:\/\/www.europesays.com\/fr\/wp-json\/wp\/v2\/media\/428039"}],"wp:attachment":[{"href":"https:\/\/www.europesays.com\/fr\/wp-json\/wp\/v2\/media?parent=428038"}],"wp:term":[{"taxonomy":"category","embeddable":true,"href":"https:\/\/www.europesays.com\/fr\/wp-json\/wp\/v2\/categories?post=428038"},{"taxonomy":"post_tag","embeddable":true,"href":"https:\/\/www.europesays.com\/fr\/wp-json\/wp\/v2\/tags?post=428038"}],"curies":[{"name":"wp","href":"https:\/\/api.w.org\/{rel}","templated":true}]}}