{"id":428052,"date":"2025-09-30T07:27:11","date_gmt":"2025-09-30T07:27:11","guid":{"rendered":"https:\/\/www.europesays.com\/fr\/428052\/"},"modified":"2025-09-30T07:27:11","modified_gmt":"2025-09-30T07:27:11","slug":"girondins-de-bordeaux-le-club-reduit-encore-ses-effectifs-avec-deux-nouveaux-departs","status":"publish","type":"post","link":"https:\/\/www.europesays.com\/fr\/428052\/","title":{"rendered":"Girondins de Bordeaux\u00a0: le club r\u00e9duit (encore) ses effectifs avec deux nouveaux d\u00e9parts"},"content":{"rendered":"<p>Un an apr\u00e8s le massif plan de social de 90 licenciements, les Girondins de Bordeaux s&rsquo;appr\u00eatent encore \u00e0 r\u00e9duire les effectifs. Pendant ce temps-l\u00e0, le plus gros salaire du club, Etienne Beugre, est de retour au ch\u00e2teau du Haillan. <\/p>\n<p>Les Girondins de Bordeaux toujours dans la tourmente. <strong>Malgr\u00e9 la fin de la proc\u00e9dure de redressement judiciaire cet \u00e9t\u00e9, le club reste dans une situation pr\u00e9caire.<\/strong> Au-del\u00e0 des r\u00e9sultats sportifs pour l&rsquo;instant tr\u00e8s d\u00e9cevants cette saison en National 2, les Marine et Blanc s&rsquo;appr\u00eatent de nouveau \u00e0 r\u00e9duire les effectifs, <strong>seulement un an apr\u00e8s un plan social o\u00f9 pr\u00e8s de 90 personnes ont quitt\u00e9 le ch\u00e2teau du Haillan<\/strong> en raison de la r\u00e9trogradation du club au niveau amateur.<\/p>\n<p>Deux nouveaux salari\u00e9s pouss\u00e9s vers la sortie<\/p>\n<p>Aujourd&rsquo;hui, ce sont deux nouveaux salari\u00e9s qui sont pouss\u00e9s vers la sortie par le club. <strong>Une personne du service billetterie et un pr\u00e9parateur physique.<\/strong> Sur le papier, deux, \u00e7a peut para\u00eetre peu par rapport au drame social d&rsquo;il y a un an, sauf qu&rsquo;\u00e0 l&rsquo;\u00e9chelle des Girondins de Bordeaux d&rsquo;aujourd&rsquo;hui, ce n&rsquo;est pas neutre. <strong>Pour rappel, les Marine et Blanc ne comptent \u00e0 ce jour plus que dix employ\u00e9s, hors sportif.<\/strong><\/p>\n<p>Pour se justifier, <strong>la direction des Girondins de Bordeaux parle \u00ab\u00a0d&rsquo;ajustements sur ses d\u00e9penses\u00a0\u00bb comme dans n&rsquo;importe quelle entreprise,<\/strong>\u00a0et de deux personnes en doublon dans leur service.\u00a0Mais cela montre surtout \u00e0 quel point le club n&rsquo;a aucune marge financi\u00e8re\u00a0et semble compter ses sous \u00e0 l&rsquo;euro pr\u00e8s.<\/p>\n<p>Le club va-t-il r\u00e9int\u00e9grer Etienne Beugre\u00a0?<\/p>\n<p>On dit bien \u00ab\u00a0semble\u00a0\u00bb, car cette nouvelle petite cure d&rsquo;aust\u00e9rit\u00e9 ne concerne pas vraiment tout le monde au club. <strong>En effet, ces deux d\u00e9parts co\u00efncident avec un retour pour le moins tr\u00e8s malvenu\u00a0!<\/strong> Celui de l&rsquo;attaquant <strong>Etienne Beugre,<\/strong> le plus gros salaire des Girondins de Bordeaux.\u00a0<strong>10 000 euros par mois.<\/strong> Une somme pharaonique pour un joueur de ce niveau. <strong>Un joueur qui en plus ne joue pas pour le moment cette saison.<\/strong> Pourquoi\u00a0? Parce qu&rsquo;il a tout bonnement \u00e9t\u00e9 \u00e9cart\u00e9 de l&rsquo;\u00e9quipe premi\u00e8re \u00e0 l&rsquo;intersaison. Les mauvaises langues diront qu&rsquo;aux Girondins, on n&rsquo;est pas \u00e0 une ineptie pr\u00e8s.<\/p>\n<p>Une chose est s\u00fbre, Etienne Beugre est bien de retour cette semaine. L&rsquo;attaquant a r\u00e9gl\u00e9 ses probl\u00e8mes de visa avec le club pour revenir en France\u00a0et va continuer \u00e0 toucher son salaire \u00e0 cinq chiffres.\u00a0Alors que vont faire les Girondins maintenant leur attaquant\u00a0?\u00a0<strong>Selon nos informations, la priorit\u00e9 est toujours de lui trouver une porte de sortie.<\/strong> Probl\u00e8me, et il est de taille, Etienne Beugre ne veut pas quitter le club\u00a0!<\/p>\n<p>L&rsquo;autre solution envisag\u00e9e est donc de le r\u00e9int\u00e9grer \u00e0 l&rsquo;effectif.\u00a0<strong>Son \u00e9tat physique va \u00eatre \u00e9valu\u00e9 en ce d\u00e9but de semaine<\/strong> et Bruno Irl\u00e8s, l&rsquo;entra\u00eeneur des Marine et Blanc, pourrait accepter de le reprendre sous ses ordres.\u00a0Contrairement aux autres joueurs \u00e9cart\u00e9s cet \u00e9t\u00e9, <strong>il n&rsquo;a jamais pos\u00e9 de probl\u00e8mes au niveau du comportement depuis son arriv\u00e9e en janvier.<\/strong> Une nouvelle fois, les mauvaises langues diront que c&rsquo;est la moindre des choses avec ce salaire-l\u00e0.<\/p>\n","protected":false},"excerpt":{"rendered":"Un an apr\u00e8s le massif plan de social de 90 licenciements, les Girondins de Bordeaux s&rsquo;appr\u00eatent encore \u00e0&hellip;\n","protected":false},"author":2,"featured_media":428053,"comment_status":"","ping_status":"","sticky":false,"template":"","format":"standard","meta":{"footnotes":""},"categories":[2817],"tags":[1111,11,1997,1777,674,1011,27,12,2219,25],"class_list":{"0":"post-428052","1":"post","2":"type-post","3":"status-publish","4":"format-standard","5":"has-post-thumbnail","7":"category-bordeaux","8":"tag-actu","9":"tag-actualites","10":"tag-bordeaux","11":"tag-eu","12":"tag-europe","13":"tag-fr","14":"tag-france","15":"tag-news","16":"tag-nouvelle-aquitaine","17":"tag-republique-francaise"},"share_on_mastodon":{"url":"https:\/\/pubeurope.com\/@fr\/115292068027178468","error":""},"_links":{"self":[{"href":"https:\/\/www.europesays.com\/fr\/wp-json\/wp\/v2\/posts\/428052","targetHints":{"allow":["GET"]}}],"collection":[{"href":"https:\/\/www.europesays.com\/fr\/wp-json\/wp\/v2\/posts"}],"about":[{"href":"https:\/\/www.europesays.com\/fr\/wp-json\/wp\/v2\/types\/post"}],"author":[{"embeddable":true,"href":"https:\/\/www.europesays.com\/fr\/wp-json\/wp\/v2\/users\/2"}],"replies":[{"embeddable":true,"href":"https:\/\/www.europesays.com\/fr\/wp-json\/wp\/v2\/comments?post=428052"}],"version-history":[{"count":0,"href":"https:\/\/www.europesays.com\/fr\/wp-json\/wp\/v2\/posts\/428052\/revisions"}],"wp:featuredmedia":[{"embeddable":true,"href":"https:\/\/www.europesays.com\/fr\/wp-json\/wp\/v2\/media\/428053"}],"wp:attachment":[{"href":"https:\/\/www.europesays.com\/fr\/wp-json\/wp\/v2\/media?parent=428052"}],"wp:term":[{"taxonomy":"category","embeddable":true,"href":"https:\/\/www.europesays.com\/fr\/wp-json\/wp\/v2\/categories?post=428052"},{"taxonomy":"post_tag","embeddable":true,"href":"https:\/\/www.europesays.com\/fr\/wp-json\/wp\/v2\/tags?post=428052"}],"curies":[{"name":"wp","href":"https:\/\/api.w.org\/{rel}","templated":true}]}}