{"id":42806,"date":"2025-04-22T01:16:09","date_gmt":"2025-04-22T01:16:09","guid":{"rendered":"https:\/\/www.europesays.com\/fr\/42806\/"},"modified":"2025-04-22T01:16:09","modified_gmt":"2025-04-22T01:16:09","slug":"previsions-du-mardi-22-avril-2025-7","status":"publish","type":"post","link":"https:\/\/www.europesays.com\/fr\/42806\/","title":{"rendered":"pr\u00e9visions du mardi 22 avril 2025"},"content":{"rendered":"<p>\u00c0 Lyon, la journ\u00e9e va rester grise \u00e0 cause de nuages qui persistent dans le ciel. Les temp\u00e9ratures afficheront entre 9 et 17\u00b0C. Le matin, encore de l\u00e9gers nuages dans le ciel qui emp\u00eachent le soleil de faire son apparition. Les valeurs tourneront autour des 13\u00b0C. Un vent de nord-ouest soufflera doucement. On notera la pr\u00e9sence persistante de nuages l&rsquo;apr\u00e8s-midi. Des pluies \u00e9parses vont tomber sur la ville. D&rsquo;un autre c\u00f4t\u00e9, les temp\u00e9ratures vont enregistrer une hausse de quelques degr\u00e9s. Les maximales atteindront les 17\u00b0C et les minimales seront de 16\u00b0C. Le ciel sera relativement lumineux, avec quelques \u00e9claircies le soir. Les temp\u00e9ratures seront de 13\u00b0C. On passera de mardi \u00e0 mercredi par une nuit claire.<\/p>\n<p>Les nuages en pr\u00e9vision demain, \u00e0 Lyon, et un ciel encore gris. Les temp\u00e9ratures s&rsquo;\u00e9chelonneront entre 7 et 18\u00b0C. En revanche, le temps devrait s&rsquo;am\u00e9liorer durant la matin\u00e9e. Une modeste brise de sud sera ressentie par les habitants. Demain apr\u00e8s-midi, on verra l&rsquo;arriv\u00e9e de nuages. Des pluies \u00e9parses sont attendues. Les valeurs s&rsquo;\u00e9chelonneront de 11 \u00e0 18\u00b0C. La grisaille ne se dissipe toujours pas, il va y avoir encore des nuages demain soir. Il faudra emporter son parapluie pour \u00e9viter la pluie. Un vent de sud soufflera un peu, avec 5 km\/h.<\/p>\n<p>Les conditions m\u00e9t\u00e9orologiques des journ\u00e9es suivantes vont \u00e9voluer peu \u00e0 peu. Apr\u00e8s des conditions m\u00e9t\u00e9orologiques similaires jeudi, la situation changera vendredi.<\/p>\n<p><\/p>\n","protected":false},"excerpt":{"rendered":"\u00c0 Lyon, la journ\u00e9e va rester grise \u00e0 cause de nuages qui persistent dans le ciel. Les temp\u00e9ratures&hellip;\n","protected":false},"author":2,"featured_media":42807,"comment_status":"","ping_status":"","sticky":false,"template":"","format":"standard","meta":{"footnotes":""},"categories":[1889],"tags":[1111,11,2430,1777,674,1011,27,2428,12,2119,25,2429,2431],"class_list":{"0":"post-42806","1":"post","2":"type-post","3":"status-publish","4":"format-standard","5":"has-post-thumbnail","7":"category-lyon","8":"tag-actu","9":"tag-actualites","10":"tag-auvergne-rhone-alpes","11":"tag-eu","12":"tag-europe","13":"tag-fr","14":"tag-france","15":"tag-lyon","16":"tag-news","17":"tag-previsions-meteo","18":"tag-republique-francaise","19":"tag-rhone","20":"tag-rhone-alpes"},"share_on_mastodon":{"url":"https:\/\/pubeurope.com\/@fr\/114378977084523562","error":""},"_links":{"self":[{"href":"https:\/\/www.europesays.com\/fr\/wp-json\/wp\/v2\/posts\/42806","targetHints":{"allow":["GET"]}}],"collection":[{"href":"https:\/\/www.europesays.com\/fr\/wp-json\/wp\/v2\/posts"}],"about":[{"href":"https:\/\/www.europesays.com\/fr\/wp-json\/wp\/v2\/types\/post"}],"author":[{"embeddable":true,"href":"https:\/\/www.europesays.com\/fr\/wp-json\/wp\/v2\/users\/2"}],"replies":[{"embeddable":true,"href":"https:\/\/www.europesays.com\/fr\/wp-json\/wp\/v2\/comments?post=42806"}],"version-history":[{"count":0,"href":"https:\/\/www.europesays.com\/fr\/wp-json\/wp\/v2\/posts\/42806\/revisions"}],"wp:featuredmedia":[{"embeddable":true,"href":"https:\/\/www.europesays.com\/fr\/wp-json\/wp\/v2\/media\/42807"}],"wp:attachment":[{"href":"https:\/\/www.europesays.com\/fr\/wp-json\/wp\/v2\/media?parent=42806"}],"wp:term":[{"taxonomy":"category","embeddable":true,"href":"https:\/\/www.europesays.com\/fr\/wp-json\/wp\/v2\/categories?post=42806"},{"taxonomy":"post_tag","embeddable":true,"href":"https:\/\/www.europesays.com\/fr\/wp-json\/wp\/v2\/tags?post=42806"}],"curies":[{"name":"wp","href":"https:\/\/api.w.org\/{rel}","templated":true}]}}