{"id":428062,"date":"2025-09-30T07:32:09","date_gmt":"2025-09-30T07:32:09","guid":{"rendered":"https:\/\/www.europesays.com\/fr\/428062\/"},"modified":"2025-09-30T07:32:09","modified_gmt":"2025-09-30T07:32:09","slug":"je-suis-cuit-a-marseille-un-nouveau-radar-installe-sur-la7-dans-les-quartiers-nord","status":"publish","type":"post","link":"https:\/\/www.europesays.com\/fr\/428062\/","title":{"rendered":"\u00ab\u00a0Je suis cuit\u00a0\u00bb. \u00c0 Marseille, un nouveau radar install\u00e9 sur l&rsquo;A7 dans les quartiers nord"},"content":{"rendered":"<p>            Par<br \/>\n        <strong><br \/>\n            <a href=\"https:\/\/actu.fr\/auteur\/thibault-nadal-actu-fr\" title=\"Consulter tous les articles de Thibault Nadal\" rel=\"nofollow noopener\" target=\"_blank\">Thibault Nadal<\/a><br \/>\n        <\/strong><\/p>\n<p>        Publi\u00e9 le<\/p>\n<p>            30 sept. 2025 \u00e0 6h04        <\/p>\n<p>Sur <a href=\"https:\/\/actu.fr\/tag\/reseaux-sociaux\" rel=\"nofollow noopener\" target=\"_blank\">les r\u00e9seaux sociaux<\/a>, son arriv\u00e9e a suscit\u00e9 une vive inqui\u00e9tude chez les <a href=\"https:\/\/actu.fr\/tag\/automobile\" rel=\"nofollow noopener\" target=\"_blank\">automobilistes<\/a>, inquiets \u00e0 l\u2019id\u00e9e de perdre leur permis de conduire. <strong>\u00ab\u2009Je suis cuit\u2009\u00bb ou \u00ab\u2009j\u2019y passe d\u2019habitude \u00e0 130, merci de pr\u00e9venir\u2009\u00bb<\/strong>, peut-on lire. Car depuis le 25\u00a0septembre 2025, un nouveau radar a \u00e9t\u00e9 install\u00e9 sur <a href=\"https:\/\/actu.fr\/tag\/autoroute-7-a7\" rel=\"nofollow noopener\" target=\"_blank\">l\u2019A7<\/a> dans les <a href=\"https:\/\/actu.fr\/tag\/quartiers-nord\" rel=\"nofollow noopener\" target=\"_blank\">quartiers nord<\/a> de <a href=\"https:\/\/actu.fr\/marseille\/\" rel=\"nofollow noopener\" target=\"_blank\">Marseille<\/a>. Voici ce que l\u2019on sait.<\/p>\n<p>Une route limit\u00e9e \u00e0 70km\/h<\/p>\n<p class=\" wall-content\">Son arriv\u00e9e n\u2019est pas pass\u00e9e inaper\u00e7ue et a provoqu\u00e9 d\u2019intenses moments de stress chez les automobilistes. Depuis le 25\u00a0septembre, 10h, un nouveau radar a \u00e9t\u00e9 install\u00e9 sur l\u2019A7 <strong>entre Saint-Antoine<\/strong> dans le 15e arrondissement de Marseille et la zone commerciale de <strong>Plan-de-Campagne<\/strong>.<\/p>\n<p class=\" wall-content\">Une information confirm\u00e9e aupr\u00e8s d\u2019actu Marseille par une source polici\u00e8re. Il se situe quelques m\u00e8tres <strong>apr\u00e8s la sortie 32<\/strong>, direction Saint-Antoine et l\u2019h\u00f4pital Nord, sur cette <strong>route limit\u00e9e \u00e0 70km\/h<\/strong>.<\/p>\n<blockquote class=\"tiktok-embed\" cite=\"https:\/\/www.tiktok.com\/@rmk3037\/video\/7555225428865207574\" data-video-id=\"7555225428865207574\" data-embed-from=\"oembed\" style=\"max-width:605px; min-width:325px;\"><p>\n<a target=\"_blank\" title=\"@rmk3037\" href=\"https:\/\/www.tiktok.com\/@rmk3037?refer=embed\" rel=\"nofollow noopener\">@rmk3037<\/a> <\/p>\n<p><a title=\"marseille\" target=\"_blank\" href=\"https:\/\/www.tiktok.com\/tag\/marseille?refer=embed\" rel=\"nofollow noopener\">#marseille<\/a> <a title=\"vitrolles\" target=\"_blank\" href=\"https:\/\/www.tiktok.com\/tag\/vitrolles?refer=embed\" rel=\"nofollow noopener\">#vitrolles<\/a> <a title=\"radar\" target=\"_blank\" href=\"https:\/\/www.tiktok.com\/tag\/radar?refer=embed\" rel=\"nofollow noopener\">#radar<\/a> <a title=\"amende\" target=\"_blank\" href=\"https:\/\/www.tiktok.com\/tag\/amende?refer=embed\" rel=\"nofollow noopener\">#amende<\/a><\/p>\n<p> <a target=\"_blank\" title=\"\u266c original sound - doruk20154 - doruk\" href=\"https:\/\/www.tiktok.com\/music\/original-sound-doruk20154-7070221910436530946?refer=embed\" rel=\"nofollow noopener\">\u266c original sound \u2013 doruk20154 \u2013 doruk<\/a> <\/p>\n<\/blockquote>\n<p class=\" wall-content\">Ce n\u2019est pas le premier radar install\u00e9 dans les quartiers nord ces derniers mois. En mai dernier, <a href=\"https:\/\/actu.fr\/provence-alpes-cote-d-azur\/marseille_13055\/marseille-des-radars-installes-sur-ces-routes-tres-frequentees-attention-aux-amendes_62605406.html\" rel=\"nofollow noopener\" target=\"_blank\">un autre avait \u00e9t\u00e9 install\u00e9 sur le Chemin du Littoral<\/a> dans le 16e arrondissement.<\/p>\n<p class=\" wall-content\">Apr\u00e8s avoir \u00e9t\u00e9 d\u00e9grad\u00e9, il avait \u00e9t\u00e9 <strong>r\u00e9install\u00e9 le 10\u00a0juillet<\/strong>. Mais ce m\u00eame jour, un homme <a href=\"https:\/\/actu.fr\/provence-alpes-cote-d-azur\/marseille_13055\/video-ce-radar-installe-sur-une-route-tres-connue-de-marseille-se-fait-exploser-en-pleine-nuit_62894175.html\" rel=\"nofollow noopener\" target=\"_blank\">l\u2019avait fait exploser<\/a> avec possiblement un p\u00e9tard de tr\u00e8s gros calibre. Il n\u2019a depuis pas \u00e9t\u00e9 r\u00e9install\u00e9.<\/p>\n<p class=\" wall-content\">Personnalisez votre actualit\u00e9 en ajoutant vos villes et m\u00e9dias en favori avec <a href=\"https:\/\/moncompte.actu.fr\" title=\"D\u00e9couvez Mon Actu\" rel=\"nofollow noopener\" data-trk=\"{&quot;cta&quot;:{&quot;action&quot;:&quot;https:\\\/\\\/moncompte.actu.fr&quot;,&quot;category&quot;:&quot;mon compte&quot;,&quot;from&quot;:&quot;article footer&quot;,&quot;name&quot;:&quot;Mon actu&quot;,&quot;type&quot;:&quot;cta&quot;}}\" target=\"_blank\">Mon Actu<\/a>.<\/p>\n<p>                    <script async src=\"\/\/www.tiktok.com\/embed.js\"><\/script><\/p>\n","protected":false},"excerpt":{"rendered":"Par Thibault Nadal Publi\u00e9 le 30 sept. 2025 \u00e0 6h04 Sur les r\u00e9seaux sociaux, son arriv\u00e9e a suscit\u00e9&hellip;\n","protected":false},"author":2,"featured_media":428063,"comment_status":"","ping_status":"","sticky":false,"template":"","format":"standard","meta":{"footnotes":""},"categories":[2814],"tags":[1111,11,646,1777,674,1011,27,884,12,882,10782,6957,25,104],"class_list":{"0":"post-428062","1":"post","2":"type-post","3":"status-publish","4":"format-standard","5":"has-post-thumbnail","7":"category-marseille","8":"tag-actu","9":"tag-actualites","10":"tag-automobile","11":"tag-eu","12":"tag-europe","13":"tag-fr","14":"tag-france","15":"tag-marseille","16":"tag-news","17":"tag-provence-alpes-cote-dazur","18":"tag-quartiers-nord","19":"tag-radars","20":"tag-republique-francaise","21":"tag-societe"},"share_on_mastodon":{"url":"https:\/\/pubeurope.com\/@fr\/115292087562662683","error":""},"_links":{"self":[{"href":"https:\/\/www.europesays.com\/fr\/wp-json\/wp\/v2\/posts\/428062","targetHints":{"allow":["GET"]}}],"collection":[{"href":"https:\/\/www.europesays.com\/fr\/wp-json\/wp\/v2\/posts"}],"about":[{"href":"https:\/\/www.europesays.com\/fr\/wp-json\/wp\/v2\/types\/post"}],"author":[{"embeddable":true,"href":"https:\/\/www.europesays.com\/fr\/wp-json\/wp\/v2\/users\/2"}],"replies":[{"embeddable":true,"href":"https:\/\/www.europesays.com\/fr\/wp-json\/wp\/v2\/comments?post=428062"}],"version-history":[{"count":0,"href":"https:\/\/www.europesays.com\/fr\/wp-json\/wp\/v2\/posts\/428062\/revisions"}],"wp:featuredmedia":[{"embeddable":true,"href":"https:\/\/www.europesays.com\/fr\/wp-json\/wp\/v2\/media\/428063"}],"wp:attachment":[{"href":"https:\/\/www.europesays.com\/fr\/wp-json\/wp\/v2\/media?parent=428062"}],"wp:term":[{"taxonomy":"category","embeddable":true,"href":"https:\/\/www.europesays.com\/fr\/wp-json\/wp\/v2\/categories?post=428062"},{"taxonomy":"post_tag","embeddable":true,"href":"https:\/\/www.europesays.com\/fr\/wp-json\/wp\/v2\/tags?post=428062"}],"curies":[{"name":"wp","href":"https:\/\/api.w.org\/{rel}","templated":true}]}}