{"id":428066,"date":"2025-09-30T07:34:16","date_gmt":"2025-09-30T07:34:16","guid":{"rendered":"https:\/\/www.europesays.com\/fr\/428066\/"},"modified":"2025-09-30T07:34:16","modified_gmt":"2025-09-30T07:34:16","slug":"du-mieux-sur-les-routes-autour-de-lyon-ca-coince-encore-sur-la7-et-la-m6","status":"publish","type":"post","link":"https:\/\/www.europesays.com\/fr\/428066\/","title":{"rendered":"du mieux sur les routes autour de Lyon, \u00e7a coince encore sur l&rsquo;A7 et la M6"},"content":{"rendered":"<p>D\u00e9j\u00e0 <strong>46 kilom\u00e8tres de bouchons cumul\u00e9s<\/strong> comptabilis\u00e9s \u00e0 cette heure par la Coordination et r\u00e9gulation du trafic de l&rsquo;agglom\u00e9ration lyonnaise. Les conditions de circulation sont class\u00e9es comme \ud83d\udd34 \u00ab\u00a0d\u00e9grad\u00e9es\u00a0\u00bb.\u00a0<\/p>\n<p>\u00c7a s&rsquo;est particuli\u00e8rement charg\u00e9 sur l&rsquo;<strong>A47<\/strong>, en direction de Lyon, au niveau de Lorette (Loire) et jusqu&rsquo;au n\u0153ud de Ternay. En cause \u00a0? La panne d&rsquo;un poids lourd qui a engendr\u00e9 un bouchon sur le secteur.\u00a0<\/p>\n<p>C&rsquo;est aussi encore plus compliqu\u00e9 pour vous qui \u00eates sur l&rsquo;<strong>A46 sud<\/strong>, \u00e0 l&rsquo;est de Lyon, o\u00f9 l&rsquo;on roule au pas entre\u00a0Chaponnay et Saint-Priest, en direction de Paris.<\/p>\n<p>Il faudra \u00e9galement \u00eatre patient si vous arrivez depuis la <strong>M6<\/strong> pour atteindre le tunnel de Fourvi\u00e8re.<\/p>\n<p>On compte aussi beaucoup de monde sur l&rsquo;<strong>A7<\/strong> et l&rsquo;<strong>A450<\/strong> au sud de Lyon.\u00a0<\/p>\n","protected":false},"excerpt":{"rendered":"D\u00e9j\u00e0 46 kilom\u00e8tres de bouchons cumul\u00e9s comptabilis\u00e9s \u00e0 cette heure par la Coordination et r\u00e9gulation du trafic de&hellip;\n","protected":false},"author":2,"featured_media":428067,"comment_status":"","ping_status":"","sticky":false,"template":"","format":"standard","meta":{"footnotes":""},"categories":[1889],"tags":[1111,11,2430,3542,3152,2757,3153,3154,3155,3156,1777,674,107,1011,27,2428,12,25,2429,1097,2803],"class_list":{"0":"post-428066","1":"post","2":"type-post","3":"status-publish","4":"format-standard","5":"has-post-thumbnail","7":"category-lyon","8":"tag-actu","9":"tag-actualites","10":"tag-auvergne-rhone-alpes","11":"tag-circulation","12":"tag-edition-est-lyonnais","13":"tag-edition-lyon-villeurbanne","14":"tag-edition-ouest-lyonnais","15":"tag-edition-sud-lyonnais","16":"tag-edition-tarare","17":"tag-edition-villefranche","18":"tag-eu","19":"tag-europe","20":"tag-fil-info","21":"tag-fr","22":"tag-france","23":"tag-lyon","24":"tag-news","25":"tag-republique-francaise","26":"tag-rhone","27":"tag-trafic","28":"tag-transport"},"share_on_mastodon":{"url":"https:\/\/pubeurope.com\/@fr\/115292095433406126","error":""},"_links":{"self":[{"href":"https:\/\/www.europesays.com\/fr\/wp-json\/wp\/v2\/posts\/428066","targetHints":{"allow":["GET"]}}],"collection":[{"href":"https:\/\/www.europesays.com\/fr\/wp-json\/wp\/v2\/posts"}],"about":[{"href":"https:\/\/www.europesays.com\/fr\/wp-json\/wp\/v2\/types\/post"}],"author":[{"embeddable":true,"href":"https:\/\/www.europesays.com\/fr\/wp-json\/wp\/v2\/users\/2"}],"replies":[{"embeddable":true,"href":"https:\/\/www.europesays.com\/fr\/wp-json\/wp\/v2\/comments?post=428066"}],"version-history":[{"count":0,"href":"https:\/\/www.europesays.com\/fr\/wp-json\/wp\/v2\/posts\/428066\/revisions"}],"wp:featuredmedia":[{"embeddable":true,"href":"https:\/\/www.europesays.com\/fr\/wp-json\/wp\/v2\/media\/428067"}],"wp:attachment":[{"href":"https:\/\/www.europesays.com\/fr\/wp-json\/wp\/v2\/media?parent=428066"}],"wp:term":[{"taxonomy":"category","embeddable":true,"href":"https:\/\/www.europesays.com\/fr\/wp-json\/wp\/v2\/categories?post=428066"},{"taxonomy":"post_tag","embeddable":true,"href":"https:\/\/www.europesays.com\/fr\/wp-json\/wp\/v2\/tags?post=428066"}],"curies":[{"name":"wp","href":"https:\/\/api.w.org\/{rel}","templated":true}]}}