{"id":428068,"date":"2025-09-30T07:35:12","date_gmt":"2025-09-30T07:35:12","guid":{"rendered":"https:\/\/www.europesays.com\/fr\/428068\/"},"modified":"2025-09-30T07:35:12","modified_gmt":"2025-09-30T07:35:12","slug":"pres-de-lyon-le-restaurant-aux-delicieux-plats-italiens-ferme-durgence-par-la-prefecture","status":"publish","type":"post","link":"https:\/\/www.europesays.com\/fr\/428068\/","title":{"rendered":"Pr\u00e8s de Lyon. Le restaurant aux \u00ab\u00a0d\u00e9licieux plats italiens\u00a0\u00bb ferm\u00e9 d&rsquo;urgence par la pr\u00e9fecture"},"content":{"rendered":"<p>            Par<br \/>\n        <strong><br \/>\n            <a href=\"https:\/\/actu.fr\/auteur\/nicolas-zaugra\" title=\"Consulter tous les articles de Nicolas Zaugra\" target=\"_blank\" rel=\"noopener\">Nicolas Zaugra<\/a><br \/>\n        <\/strong><\/p>\n<p>        Publi\u00e9 le<\/p>\n<p>            30 sept. 2025 \u00e0 9h25        <\/p>\n<p>Nouvelle fermeture administrative pour un restaurant de <a href=\"https:\/\/actu.fr\/auvergne-rhone-alpes\/villeurbanne_69266\" target=\"_blank\" rel=\"noopener\">Villeurbanne<\/a> dans la m\u00e9tropole de <a href=\"https:\/\/actu.fr\/auvergne-rhone-alpes\/lyon_69123\" target=\"_blank\" rel=\"noopener\">Lyon<\/a>. Le restaurant qui se d\u00e9crit comme un \u00e9tablissement aux \u00ab\u00a0d\u00e9licieux plats italiens\u00a0\u00bb a \u00e9t\u00e9 ferm\u00e9 par la <a href=\"https:\/\/actu.fr\/tag\/prefecture-du-rhone\" target=\"_blank\" rel=\"noopener\">pr\u00e9fecture du Rh\u00f4ne<\/a> le 25 septembre 2025.<\/p>\n<p class=\" wall-content\">L\u2019\u00e9tablissement <strong>Deliziosa<\/strong>, situ\u00e9 pr\u00e8s du 3e et du 6e arrondissement de Lyon, a \u00e9t\u00e9 \u00e9pingl\u00e9 pour des faits de travail dissimul\u00e9 par <strong>dissimulation de salari\u00e9s et l\u2019emploi d\u2019un \u00e9tranger sans autorisation de travail<\/strong>.<\/p>\n<p>    <a href=\"https:\/\/www.google.com\/maps\/embed?pb=!1m18!1m12!1m3!1d9717.875123078142!2d4.8670044685423965!3d45.76417673021508!2m3!1f0!2f0!3f0!3m2!1i1024!2i768!4f13.1!3m3!1m2!1s0x47f4ea849f9bf027%3A0x5817fe8307cd0b48!2sDeliziosa!5e1!3m2!1sfr!2sfr!4v1759215435409!5m2!1sfr!2sfr\" title=\"Ouvrie le lien\" target=\"_blank\" rel=\"noopener\">Cliquez ici pour visualiser le contenu<\/a><\/p>\n<p>Une fermeture exig\u00e9e d\u2019un mois<\/p>\n<p class=\" wall-content\">Le premier contr\u00f4le a eu lieu le 16 avril, men\u00e9 par la Direction r\u00e9gionale de l\u2019\u00e9conomie, de l\u2019emploi, du travail et des solidarit\u00e9s (DREETS), selon l\u2019arr\u00eat\u00e9 de la pr\u00e9fecture communiqu\u00e9 \u00e0 la presse lundi 29 septembre.<\/p>\n<p class=\" wall-content\">Le 1\u1d49\u02b3 ao\u00fbt dernier, les services de l\u2019\u00c9tat ont envoy\u00e9 des observations \u00e0 la g\u00e9rante de ce restaurant de Villeurbanne, mais le courrier est revenu aux services pr\u00e9fectoraux avec la mention \u00ab\u00a0pli avis\u00e9 non r\u00e9clam\u00e9\u00a0\u00bb.<\/p>\n<p class=\" wall-content\">Ce qui a conduit la pr\u00e9fecture du Rh\u00f4ne \u00e0 prendre un arr\u00eat\u00e9 de fermeture d\u2019un mois \u00e0 compter du 25 septembre 2025.<\/p>\n<p>L\u2019employ\u00e9 qui faisait les pizzas n\u2019\u00e9tait pas pay\u00e9<\/p>\n<p class=\" wall-content\">Le contr\u00f4le a mis en lumi\u00e8re des pratiques de travail ill\u00e9gales, selon la pr\u00e9fecture. Un employ\u00e9 de nationalit\u00e9 bangladaise, demandeur d\u2019asile sur le territoire fran\u00e7ais, pr\u00e9parait les pizzas en cuisine sans \u00eatre d\u00e9clar\u00e9, sans salaire et sans d\u00e9claration pr\u00e9alable \u00e0 l\u2019embauche.<\/p>\n<p>Votre r\u00e9gion, votre actu !<\/p>\n<p>Recevez chaque jour les infos qui comptent pour vous.<\/p>\n<p>\t<a href=\"https:\/\/actu.fr\/newsletter\" class=\"ac-btn ac-btn--corner ac-btn--medium ac-btn--blue800\" target=\"_blank\" rel=\"noopener\">S&rsquo;incrire<\/a><\/p>\n<p class=\" wall-content\">La pr\u00e9fecture mentionne \u00e9galement le cas de quatre salari\u00e9s non d\u00e9clar\u00e9s en mars et mai 2025. L\u2019entreprise n\u2019aurait pas r\u00e9gl\u00e9 officiellement les salaires qui \u00e9taient vers\u00e9s en liquide.<\/p>\n<p class=\" wall-content\">L\u2019inspection du travail a constat\u00e9 <strong>\u00ab\u00a0de graves infractions au Code du travail et \u00e0 la s\u00e9curit\u00e9 des salari\u00e9s\u00a0\u00bb<\/strong> comme l\u2019absence d\u2019horaires de travail d\u00e9compt\u00e9s ou encore l\u2019emploi de salari\u00e9 sans adh\u00e9sion conforme \u00e0 un service de sant\u00e9 au travail et sans visite m\u00e9dicale interentreprises.<\/p>\n<p class=\" wall-content\">Le restaurant peu contester sa sanction administrative sous deux mois. Contact\u00e9e, la pizz\u00e9ria est rest\u00e9e injoignable.\u00a0<\/p>\n<p class=\" wall-content\">Personnalisez votre actualit\u00e9 en ajoutant vos villes et m\u00e9dias en favori avec <a href=\"https:\/\/moncompte.actu.fr\" title=\"D\u00e9couvez Mon Actu\" rel=\"nofollow noopener\" data-trk=\"{&quot;cta&quot;:{&quot;action&quot;:&quot;https:\\\/\\\/moncompte.actu.fr&quot;,&quot;category&quot;:&quot;mon compte&quot;,&quot;from&quot;:&quot;article footer&quot;,&quot;name&quot;:&quot;Mon actu&quot;,&quot;type&quot;:&quot;cta&quot;}}\" target=\"_blank\">Mon Actu<\/a>.<\/p>\n","protected":false},"excerpt":{"rendered":"Par Nicolas Zaugra Publi\u00e9 le 30 sept. 2025 \u00e0 9h25 Nouvelle fermeture administrative pour un restaurant de Villeurbanne&hellip;\n","protected":false},"author":2,"featured_media":428069,"comment_status":"","ping_status":"","sticky":false,"template":"","format":"standard","meta":{"footnotes":""},"categories":[1889],"tags":[1111,11,2430,1777,674,1011,27,2428,12,9450,25,1340,104],"class_list":{"0":"post-428068","1":"post","2":"type-post","3":"status-publish","4":"format-standard","5":"has-post-thumbnail","7":"category-lyon","8":"tag-actu","9":"tag-actualites","10":"tag-auvergne-rhone-alpes","11":"tag-eu","12":"tag-europe","13":"tag-fr","14":"tag-france","15":"tag-lyon","16":"tag-news","17":"tag-prefecture-du-rhone","18":"tag-republique-francaise","19":"tag-restaurant","20":"tag-societe"},"share_on_mastodon":{"url":"https:\/\/pubeurope.com\/@fr\/115292099283145742","error":""},"_links":{"self":[{"href":"https:\/\/www.europesays.com\/fr\/wp-json\/wp\/v2\/posts\/428068","targetHints":{"allow":["GET"]}}],"collection":[{"href":"https:\/\/www.europesays.com\/fr\/wp-json\/wp\/v2\/posts"}],"about":[{"href":"https:\/\/www.europesays.com\/fr\/wp-json\/wp\/v2\/types\/post"}],"author":[{"embeddable":true,"href":"https:\/\/www.europesays.com\/fr\/wp-json\/wp\/v2\/users\/2"}],"replies":[{"embeddable":true,"href":"https:\/\/www.europesays.com\/fr\/wp-json\/wp\/v2\/comments?post=428068"}],"version-history":[{"count":0,"href":"https:\/\/www.europesays.com\/fr\/wp-json\/wp\/v2\/posts\/428068\/revisions"}],"wp:featuredmedia":[{"embeddable":true,"href":"https:\/\/www.europesays.com\/fr\/wp-json\/wp\/v2\/media\/428069"}],"wp:attachment":[{"href":"https:\/\/www.europesays.com\/fr\/wp-json\/wp\/v2\/media?parent=428068"}],"wp:term":[{"taxonomy":"category","embeddable":true,"href":"https:\/\/www.europesays.com\/fr\/wp-json\/wp\/v2\/categories?post=428068"},{"taxonomy":"post_tag","embeddable":true,"href":"https:\/\/www.europesays.com\/fr\/wp-json\/wp\/v2\/tags?post=428068"}],"curies":[{"name":"wp","href":"https:\/\/api.w.org\/{rel}","templated":true}]}}