{"id":428070,"date":"2025-09-30T07:37:11","date_gmt":"2025-09-30T07:37:11","guid":{"rendered":"https:\/\/www.europesays.com\/fr\/428070\/"},"modified":"2025-09-30T07:37:11","modified_gmt":"2025-09-30T07:37:11","slug":"un-gang-de-cambrioleurs-de-footballeurs-demantele","status":"publish","type":"post","link":"https:\/\/www.europesays.com\/fr\/428070\/","title":{"rendered":"un gang de cambrioleurs de footballeurs d\u00e9mantel\u00e9"},"content":{"rendered":"<p>Fin janvier, le footballeur Andrey Santos\u00a0<a href=\"https:\/\/www.dna.fr\/faits-divers-justice\/2025\/01\/26\/le-joueur-du-racing-andrey-santos-victime-d-un-cambriolage-en-plein-match \" target=\"_blank\" rel=\"nofollow noopener\">\u00e9tait cambriol\u00e9 en plein match<\/a>\u00a0: son appartement \u00e9tait \u00ab\u00a0visit\u00e9\u00a0\u00bb, pendant que le joueur affrontait le LOSC de Lille avec son \u00e9quipe, le RC Strasbourg. Butin\u00a0: des bijoux et des sacs de luxe, pour un total estim\u00e9 \u00e0 500 000 \u20ac.<\/p>\n<p>D&rsquo;autres joueurs ont depuis \u00e9t\u00e9 cambriol\u00e9s pendant leurs matches. Mais c&rsquo;est le vol commis chez Emanuel Emegha &#8211; qui \u00e9volue lui aussi \u00e0 Strasbourg &#8211; le 26 septembre qui ont permis les arrestations des voleurs, <a href=\"https:\/\/www.leparisien.fr\/faits-divers\/santos-et-emegha-victimes-a-strasbourg-bourigeaud-a-rennes-un-gang-de-cambrioleur-de-footballeurs-demantele-29-09-2025-PQOYMJVXUZHUJCQF366LPDZ5AU.php\" target=\"_blank\" rel=\"nofollow noopener\">rapporte Le Parisien<\/a>.\u00a0<\/p>\n<p>Au moins cinq cambriolages\u00a0au total<\/p>\n<p>L&rsquo;attaquant n\u00e9erlandais affrontait avec son \u00e9quipe l&rsquo;Olympique de Marseille quand il a fait l&rsquo;objet d&rsquo;un cambriolage similaire &#8211; pour 200 000 \u20ac de pr\u00e9judice environ. D\u00e8s le lendemain, la brigade de r\u00e9presion du banditisme de Strasbourg et la police judiciaire d&rsquo;Evry (Essonne) interpellaient deux hommes \u00e2g\u00e9s de 28 ans en r\u00e9gion parisienne. Les perquisitions ont permis de retrouver une partie des effets vol\u00e9s chez Emegha.<\/p>\n<p>Outre ceux de Santos et Emegha, ils sont soup\u00e7onn\u00e9s de trois autres vols par effraction de footballeurs professionnels : deux joueurs de Strasbourg et un autre de Rennes &#8211; dont ceux\u00a0commis chez Kevin Gameiro et Benjamin Bourigeaud, en f\u00e9vrier 2024.<\/p>\n<p><strong><a href=\"https:\/\/www.leparisien.fr\/faits-divers\/santos-et-emegha-victimes-a-strasbourg-bourigeaud-a-rennes-un-gang-de-cambrioleur-de-footballeurs-demantele-29-09-2025-PQOYMJVXUZHUJCQF366LPDZ5AU.php\" target=\"_blank\" rel=\"nofollow noopener\">&gt; Lire l&rsquo;article complet sur le site du Parisien<\/a><\/strong><\/p>\n","protected":false},"excerpt":{"rendered":"Fin janvier, le footballeur Andrey Santos\u00a0\u00e9tait cambriol\u00e9 en plein match\u00a0: son appartement \u00e9tait \u00ab\u00a0visit\u00e9\u00a0\u00bb, pendant que le joueur&hellip;\n","protected":false},"author":2,"featured_media":428071,"comment_status":"","ping_status":"","sticky":false,"template":"","format":"standard","meta":{"footnotes":""},"categories":[1592],"tags":[1111,11,1777,674,274,107,63,1011,27,329,662,12,626,25,517,1947],"class_list":{"0":"post-428070","1":"post","2":"type-post","3":"status-publish","4":"format-standard","5":"has-post-thumbnail","7":"category-ile-de-france","8":"tag-actu","9":"tag-actualites","10":"tag-eu","11":"tag-europe","12":"tag-faits-divers-justice","13":"tag-fil-info","14":"tag-football","15":"tag-fr","16":"tag-france","17":"tag-france-monde","18":"tag-ile-de-france","19":"tag-news","20":"tag-paris","21":"tag-republique-francaise","22":"tag-sport","23":"tag-sport-national"},"share_on_mastodon":{"url":"https:\/\/pubeurope.com\/@fr\/115292107445889397","error":""},"_links":{"self":[{"href":"https:\/\/www.europesays.com\/fr\/wp-json\/wp\/v2\/posts\/428070","targetHints":{"allow":["GET"]}}],"collection":[{"href":"https:\/\/www.europesays.com\/fr\/wp-json\/wp\/v2\/posts"}],"about":[{"href":"https:\/\/www.europesays.com\/fr\/wp-json\/wp\/v2\/types\/post"}],"author":[{"embeddable":true,"href":"https:\/\/www.europesays.com\/fr\/wp-json\/wp\/v2\/users\/2"}],"replies":[{"embeddable":true,"href":"https:\/\/www.europesays.com\/fr\/wp-json\/wp\/v2\/comments?post=428070"}],"version-history":[{"count":0,"href":"https:\/\/www.europesays.com\/fr\/wp-json\/wp\/v2\/posts\/428070\/revisions"}],"wp:featuredmedia":[{"embeddable":true,"href":"https:\/\/www.europesays.com\/fr\/wp-json\/wp\/v2\/media\/428071"}],"wp:attachment":[{"href":"https:\/\/www.europesays.com\/fr\/wp-json\/wp\/v2\/media?parent=428070"}],"wp:term":[{"taxonomy":"category","embeddable":true,"href":"https:\/\/www.europesays.com\/fr\/wp-json\/wp\/v2\/categories?post=428070"},{"taxonomy":"post_tag","embeddable":true,"href":"https:\/\/www.europesays.com\/fr\/wp-json\/wp\/v2\/tags?post=428070"}],"curies":[{"name":"wp","href":"https:\/\/api.w.org\/{rel}","templated":true}]}}