{"id":428072,"date":"2025-09-30T07:38:17","date_gmt":"2025-09-30T07:38:17","guid":{"rendered":"https:\/\/www.europesays.com\/fr\/428072\/"},"modified":"2025-09-30T07:38:17","modified_gmt":"2025-09-30T07:38:17","slug":"greve-du-2-octobre-le-parcours-du-cortege-a-paris-est-connu","status":"publish","type":"post","link":"https:\/\/www.europesays.com\/fr\/428072\/","title":{"rendered":"Gr\u00e8ve du 2\u00a0octobre\u00a0: le parcours du cort\u00e8ge \u00e0 Paris est connu"},"content":{"rendered":"<p class=\"paragraph text_align_left lp-f-body-02\">Le parcours de la journ\u00e9e de mobilisation du 18 septembre avait quelque peu surpris. Parti place de la Bastille (<a href=\"https:\/\/www.leparisien.fr\/paris-75\/paris-75004\/\" target=\"_self\" rel=\"nofollow noopener\">IVe<\/a>, <a href=\"https:\/\/www.leparisien.fr\/paris-75\/paris-75011\/\" target=\"_self\" rel=\"nofollow noopener\">XIe<\/a> et <a href=\"https:\/\/www.leparisien.fr\/paris-75\/paris-75012\/\" target=\"_self\" rel=\"nofollow noopener\">XIIe arrondissements<\/a> de Paris), le cort\u00e8ge de l\u2019intersyndicale s\u2019\u00e9tait dirig\u00e9 vers la place de la R\u00e9publique (IVe, <a href=\"https:\/\/www.leparisien.fr\/paris-75\/paris-75010\/\" target=\"_self\" rel=\"nofollow noopener\">Xe<\/a>, XIe) avant de bifurquer en direction de celle de la Nation <a href=\"https:\/\/www.leparisien.fr\/paris-75\/paris-75012\/\" target=\"_self\" rel=\"nofollow noopener\">(XIIe)<\/a>. Un crochet qui avait interrog\u00e9 certains \u00e0 l\u2019\u00e9poque.<\/p>\n<p class=\"paragraph text_align_left lp-f-body-02\">Pour la nouvelle manifestation, pr\u00e9vue ce jeudi 2 octobre, un nouveau parcours a \u00e9t\u00e9 propos\u00e9 puis accept\u00e9 par les autorit\u00e9s. Le rendez-vous est donn\u00e9 \u00e0 14 heures place d\u2019Italie <a href=\"https:\/\/www.leparisien.fr\/paris-75\/paris-75013\/\" target=\"_self\" rel=\"nofollow noopener\">(XIIIe)<\/a>, avant une arriv\u00e9e en fin d\u2019apr\u00e8s-midi place Vauban <a href=\"https:\/\/www.leparisien.fr\/paris-75\/paris-75007\/\" target=\"_self\" rel=\"nofollow noopener\">(VIIe)<\/a>. D\u2019apr\u00e8s une source syndicale, le cort\u00e8ge passera \u00e9galement par les Gobelins et Montparnasse.<\/p>\n<p>Une nouvelle AG \u00e0 la gare du Nord<\/p>\n<p class=\"paragraph text_align_left lp-f-body-02\">Sur X, le militant de R\u00e9volution Permanente et syndicaliste chez SUD-Rail Paris Nord Anasse Kazib appelle \u00e9galement \u00e0 un rendez-vous d\u00e8s midi sur le parvis de la Gare du Nord \u00ab pour une nouvelle grande AG \u00bb, \u00e0 l\u2019image de celle du 18 septembre.<\/p>\n<blockquote class=\"twitter-tweet\">\n<p lang=\"fr\" dir=\"ltr\">\ud83d\udd34 La manifestation parisienne du 2 Octobre d\u00e9marre \u00e0 14h Place d\u2019Italie. <\/p>\n<p>L\u2019ordre des syndicats : <\/p>\n<p>CGT &#8211; Jeunes &#8211; FSU &#8211; CFDT &#8211; FO &#8211; UNSA &#8211; CGC &#8211; CFTC &#8211; Solidaires &#8211; <\/p>\n<p>Rendez-vous \u00e0 12h sur le Parvis de la Gare du Nord, pour une nouvelle grande AG Bloquons tout et un cort\u00e8ge\u2026<\/p>\n<p>\u2014 Anasse Kazib (@AnasseKazib) <a href=\"https:\/\/twitter.com\/AnasseKazib\/status\/1972654666988069298?ref_src=twsrc%5Etfw\" rel=\"nofollow noopener\" target=\"_blank\">September 29, 2025<\/a><\/p><\/blockquote>\n<p class=\"paragraph text_align_left lp-f-body-02\"><a href=\"https:\/\/www.leparisien.fr\/paris-75\/manifestation-du-18-septembre-sur-le-parcours-a-paris-les-commercants-entre-mefiance-et-lassitude-18-09-2025-CZXFZ362JZDZFAGNTKRGIYNBNU.php\" target=\"_blank\" rel=\"noreferrer nofollow noopener\">Le 18 septembre<\/a>, la CGT avait estim\u00e9 que <a href=\"https:\/\/www.leparisien.fr\/politique\/mobilisation-contre-lausterite-budgetaire-a-rennes-tout-le-monde-soppose-a-des-mesures-brutales-18-09-2025-KLYYSQTCHRE4NDLN76J7GEJNHM.php\" target=\"_self\" rel=\"nofollow noopener\">\u00ab plus d\u2019un million \u00bb de personnes<\/a> avaient manifest\u00e9 partout dans le pays, quand le minist\u00e8re de l\u2019Int\u00e9rieur donnait un nombre de manifestants deux fois moins importants.<\/p>\n<p class=\"paragraph text_align_left lp-f-body-02\"><a href=\"https:\/\/www.leparisien.fr\/faits-divers\/cassez-vous-cassez-vous-a-paris-journee-de-manifestation-sous-tension-mais-pas-de-violents-affrontements-18-09-2025-SJ54VYUPIVA7ZDQSRBOP6IWQRQ.php\" target=\"_self\" rel=\"nofollow noopener\">Suite \u00e0 cette grosse journ\u00e9e de mobilisation<\/a>, un nouveau rassemblement avait \u00e9t\u00e9 annonc\u00e9 par les syndicats, qui demandent la m\u00eame mobilisation dans la fonction publique jeudi. Le 18 septembre, sur les 5,8 millions d\u2019agents publics en France, 12, 7 % \u00e9taient en gr\u00e8ve dans la fonction publique de l\u2019\u00c9tat, 7,47 % dans la fonction publique territoriale, et 7,6 % dans la fonction publique hospitali\u00e8re.<\/p>\n<p>Une rencontre avec Lecornu frustrante<\/p>\n<p class=\"paragraph text_align_left lp-f-body-02\">Cette nouvelle mobilisation a \u00e9t\u00e9 souhait\u00e9e par l\u2019intersyndicale suite \u00e0 sa rencontre avec le Premier ministre S\u00e9bastien Lecornu le 24 septembre, qu\u2019elle consid\u00e8re depuis comme <a href=\"https:\/\/www.leparisien.fr\/economie\/une-occasion-manquee-apres-son-rendez-vous-avec-lecornu-lintersyndicale-appelle-a-une-nouvelle-journee-de-mobilisation-le-2-octobre-24-09-2025-DAAIVLI35FCAXNBWVZ6CF5VBUM.php\" target=\"_self\" rel=\"nofollow noopener\">\u00ab une occasion manqu\u00e9e \u00bb<\/a>.<\/p>\n<p class=\"paragraph text_align_left lp-f-body-02\">Ce 2 octobre, les huit organisations repr\u00e9sentatives dans la fonction publique (CGT, FO, CFDT, Unsa, FSU, Solidaires, la CFE-CGC et la FA-FP) appelleront entre autres \u00e0 la revalorisation des r\u00e9mun\u00e9rations, l\u2019am\u00e9lioration des conditions d\u2019emploi et l\u2019\u00e9galit\u00e9 entre les femmes et les hommes \u00bb, ainsi que \u00ab la cr\u00e9ation de postes de fonctionnaires pour r\u00e9pondre \u00e0 tous les besoins du service public \u00bb.<\/p>\n<p><script async src=\"https:\/\/platform.twitter.com\/widgets.js\" charset=\"utf-8\"><\/script><\/p>\n","protected":false},"excerpt":{"rendered":"Le parcours de la journ\u00e9e de mobilisation du 18 septembre avait quelque peu surpris. Parti place de la&hellip;\n","protected":false},"author":2,"featured_media":428073,"comment_status":"","ping_status":"","sticky":false,"template":"","format":"standard","meta":{"footnotes":""},"categories":[1888],"tags":[1111,1928,11,1927,1777,674,1011,27,1944,12,1926,626,1925,316,25],"class_list":{"0":"post-428072","1":"post","2":"type-post","3":"status-publish","4":"format-standard","5":"has-post-thumbnail","7":"category-paris","8":"tag-actu","9":"tag-actu-paris","10":"tag-actualites","11":"tag-actualites-paris","12":"tag-eu","13":"tag-europe","14":"tag-fr","15":"tag-france","16":"tag-ma-ville","17":"tag-news","18":"tag-news-paris","19":"tag-paris","20":"tag-paris-news","21":"tag-politique","22":"tag-republique-francaise"},"share_on_mastodon":{"url":"https:\/\/pubeurope.com\/@fr\/115292111130069214","error":""},"_links":{"self":[{"href":"https:\/\/www.europesays.com\/fr\/wp-json\/wp\/v2\/posts\/428072","targetHints":{"allow":["GET"]}}],"collection":[{"href":"https:\/\/www.europesays.com\/fr\/wp-json\/wp\/v2\/posts"}],"about":[{"href":"https:\/\/www.europesays.com\/fr\/wp-json\/wp\/v2\/types\/post"}],"author":[{"embeddable":true,"href":"https:\/\/www.europesays.com\/fr\/wp-json\/wp\/v2\/users\/2"}],"replies":[{"embeddable":true,"href":"https:\/\/www.europesays.com\/fr\/wp-json\/wp\/v2\/comments?post=428072"}],"version-history":[{"count":0,"href":"https:\/\/www.europesays.com\/fr\/wp-json\/wp\/v2\/posts\/428072\/revisions"}],"wp:featuredmedia":[{"embeddable":true,"href":"https:\/\/www.europesays.com\/fr\/wp-json\/wp\/v2\/media\/428073"}],"wp:attachment":[{"href":"https:\/\/www.europesays.com\/fr\/wp-json\/wp\/v2\/media?parent=428072"}],"wp:term":[{"taxonomy":"category","embeddable":true,"href":"https:\/\/www.europesays.com\/fr\/wp-json\/wp\/v2\/categories?post=428072"},{"taxonomy":"post_tag","embeddable":true,"href":"https:\/\/www.europesays.com\/fr\/wp-json\/wp\/v2\/tags?post=428072"}],"curies":[{"name":"wp","href":"https:\/\/api.w.org\/{rel}","templated":true}]}}