{"id":428076,"date":"2025-09-30T07:40:18","date_gmt":"2025-09-30T07:40:18","guid":{"rendered":"https:\/\/www.europesays.com\/fr\/428076\/"},"modified":"2025-09-30T07:40:18","modified_gmt":"2025-09-30T07:40:18","slug":"une-experience-sensorielle-au-jardin-du-luxembourg","status":"publish","type":"post","link":"https:\/\/www.europesays.com\/fr\/428076\/","title":{"rendered":"Une exp\u00e9rience sensorielle au Jardin du Luxembourg !"},"content":{"rendered":"<p><strong>Organique<\/strong>, c\u2019est plus qu\u2019une exposition \u2014 c\u2019est un dialogue entre mati\u00e8re et esprit, entre art et nature, entre silence et vibration. <strong>Une exp\u00e9rience pleine de douceur et de s\u00e9r\u00e9nit\u00e9 \u00e0 vivre cet automne\u00a0!<\/strong><\/p>\n<dl class=\"gallery-item\">\n<dt class=\"gallery-icon portrait\">\n<a href=\"https:\/\/vivreparis.fr\/une-experience-sensorielle-au-jardin-du-luxembourg\/organique-expo-1\/\" target=\"_blank\" rel=\"noopener\"><img loading=\"lazy\" data-lazyloaded=\"1\" decoding=\"async\" width=\"239\" height=\"300\" src=\"https:\/\/www.europesays.com\/fr\/wp-content\/uploads\/2025\/09\/ORGANIQUE-EXPO-1-239x300.jpg\" class=\"attachment-medium size-medium\" alt=\"\" aria-describedby=\"gallery-1-107682\"  data-\/><\/a><\/dt>\n<dd class=\"wp-caption-text gallery-caption\" id=\"gallery-1-107682\">\n@Laure Bernard<\/dd>\n<\/dl>\n<dl class=\"gallery-item\">\n<dt class=\"gallery-icon portrait\">\n<a href=\"https:\/\/vivreparis.fr\/une-experience-sensorielle-au-jardin-du-luxembourg\/laure-bernard-2\/\" target=\"_blank\" rel=\"noopener\"><img loading=\"lazy\" data-lazyloaded=\"1\" decoding=\"async\" width=\"200\" height=\"300\" src=\"https:\/\/www.europesays.com\/fr\/wp-content\/uploads\/2025\/09\/@laure-bernard-2-200x300.jpeg\" class=\"attachment-medium size-medium\" alt=\"\" aria-describedby=\"gallery-1-107676\"  data-\/><\/a><\/dt>\n<dd class=\"wp-caption-text gallery-caption\" id=\"gallery-1-107676\">\n@Laure Bernard<\/dd>\n<\/dl>\n<dl class=\"gallery-item\">\n<dt class=\"gallery-icon portrait\">\n<a href=\"https:\/\/vivreparis.fr\/une-experience-sensorielle-au-jardin-du-luxembourg\/unknown-2\/\" target=\"_blank\" rel=\"noopener\"><img loading=\"lazy\" data-lazyloaded=\"1\" decoding=\"async\" width=\"200\" height=\"300\" src=\"https:\/\/www.europesays.com\/fr\/wp-content\/uploads\/2025\/09\/Unknown-200x300.jpeg\" class=\"attachment-medium size-medium\" alt=\"\" aria-describedby=\"gallery-1-107679\"  data-\/><\/a><\/dt>\n<dd class=\"wp-caption-text gallery-caption\" id=\"gallery-1-107679\">\n@Laure Bernard<\/dd>\n<\/dl>\n<p><br style=\"clear: both\"\/><\/p>\n<p>Apr\u00e8s le succ\u00e8s \u00e9clatant de\u00a0Muses de Jardins\u00a0en septembre 2023, l\u2019association\u00a0<strong>Les Muses<\/strong>\u00a0signe son retour sous les charmantes verri\u00e8res de l\u2019Orangerie du S\u00e9nat, un espace d\u2019exposition lumineux situ\u00e9 aux abords du Jardin du Luxembourg. Elle d\u00e9voile ici une exposition in\u00e9dite :\u00a0<strong>Organique<\/strong>, une c\u00e9l\u00e9bration immersive du vivant, entre art, nature et \u00e9l\u00e9gance contemporaine.<\/p>\n<p>Tel un murmure v\u00e9g\u00e9tal,\u00a0<strong>Organique<\/strong>\u00a0explore la po\u00e9sie du monde naturel \u00e0 travers des\u00a0<strong>vid\u00e9os hypnotiques<\/strong>\u00a0sign\u00e9es\u00a0<strong>Yann Chapotel<\/strong>, o\u00f9 les ondes visuelles se d\u00e9ploient comme des tissus pr\u00e9cieux, r\u00e9v\u00e9lant la beaut\u00e9 secr\u00e8te de l\u2019infiniment petit. Sur une frise monumentale, ces vibrations se fondent dans un paysage imagin\u00e9 par le ma\u00eetre paysagiste\u00a0<strong>Louis Benech<\/strong>, o\u00f9 chaque fleur, chaque feuille, semble respirer en harmonie avec l\u2019espace.<\/p>\n<p>En son c\u0153ur, la sculpture iconique\u00a0<strong>Flore<\/strong>\u00a0d\u2019<strong>Aristide Maillol<\/strong>\u00a0tr\u00f4ne telle une d\u00e9esse intemporelle, gardienne de cette exp\u00e9rience sensorielle. Les pens\u00e9es visionnaires de\u00a0<strong>Goethe<\/strong>\u00a0sur la\u00a0M\u00e9tamorphose des plantes\u00a0et les m\u00e9ditations po\u00e9tiques de\u00a0<strong>Paul Val\u00e9ry<\/strong>\u00a0viennent tisser la trame philosophique de cette odyss\u00e9e artistique.<\/p>\n<p><img loading=\"lazy\" data-lazyloaded=\"1\" decoding=\"async\" aria-describedby=\"caption-attachment-107680\" class=\"size-medium wp-image-107680\" src=\"https:\/\/www.europesays.com\/fr\/wp-content\/uploads\/2025\/09\/Unknown-1-200x300.jpeg\" alt=\"\" width=\"200\" height=\"300\"  data-\/><\/p>\n<p id=\"caption-attachment-107680\" class=\"wp-caption-text\">\u00a0 \u00a0 \u00a0 \u00a0 \u00a0 \u00a0 @Laure Bernard<\/p>\n<p>Pens\u00e9e et orchestr\u00e9e par\u00a0<strong>Emmanuelle Delano\u00eb<\/strong>, la direction artistique se fait ici manifeste : une invitation \u00e0 ressentir le souffle secret des plantes, \u00e0 plonger dans une r\u00eaverie organique, \u00e0 toucher du regard l\u2019essence m\u00eame du vivant.<\/p>\n<p>L\u2019ambiance sonore, compos\u00e9e sp\u00e9cialement par\u00a0<strong>Othman Louati<\/strong>, enveloppe le visiteur d\u2019une aura envo\u00fbtante, tandis que les\u00a0<strong>concerts<\/strong>\u00a0dirig\u00e9s par\u00a0<strong>Maxime Pascal<\/strong>\u00a0et l\u2019orchestre\u00a0<strong>Le Balcon<\/strong>\u00a0ponctueront la fin de cette parenth\u00e8se enchant\u00e9e, les\u00a0<strong>4 et 5 octobre<\/strong>, en un hommage vibrant \u00e0 la symbiose entre l\u2019homme et la nature. <strong>Le Balcon<\/strong> jouerait dans une configuration d\u2019orchestre de chambre (23 musiciens et un chef).<\/p>\n<p>La tenue d\u2019<strong>Organique <\/strong><strong>a \u00e9t\u00e9 rendue possible gr\u00e2ce au M\u00e9c\u00e9nat de la Vall\u00e9e Village et du Comit\u00e9 Colbert.<\/strong><\/p>\n<p><strong>Orangerie du Jardin du Luxembourg<\/strong><\/p>\n<p>Du\u00a0<strong>25 septembre au 5 octobre<\/strong>, tous les jours<\/p>\n<p>Entr\u00e9e libre<br \/><strong>Concerts gratuits<\/strong>\u00a0: Samedi 4 octobre (16h &amp; 18h30), Dimanche 5 octobre (16h). Chaque concert durera environ 1H30.<\/p>\n","protected":false},"excerpt":{"rendered":"Organique, c\u2019est plus qu\u2019une exposition \u2014 c\u2019est un dialogue entre mati\u00e8re et esprit, entre art et nature, entre&hellip;\n","protected":false},"author":2,"featured_media":428077,"comment_status":"","ping_status":"","sticky":false,"template":"","format":"standard","meta":{"footnotes":""},"categories":[1888],"tags":[11,1777,674,6383,12176,1011,27,40436,12,626,25],"class_list":{"0":"post-428076","1":"post","2":"type-post","3":"status-publish","4":"format-standard","5":"has-post-thumbnail","7":"category-paris","8":"tag-actualites","9":"tag-eu","10":"tag-europe","11":"tag-experience","12":"tag-expo","13":"tag-fr","14":"tag-france","15":"tag-jardin-du-luxembourg","16":"tag-news","17":"tag-paris","18":"tag-republique-francaise"},"share_on_mastodon":{"url":"https:\/\/pubeurope.com\/@fr\/115292119733533763","error":""},"_links":{"self":[{"href":"https:\/\/www.europesays.com\/fr\/wp-json\/wp\/v2\/posts\/428076","targetHints":{"allow":["GET"]}}],"collection":[{"href":"https:\/\/www.europesays.com\/fr\/wp-json\/wp\/v2\/posts"}],"about":[{"href":"https:\/\/www.europesays.com\/fr\/wp-json\/wp\/v2\/types\/post"}],"author":[{"embeddable":true,"href":"https:\/\/www.europesays.com\/fr\/wp-json\/wp\/v2\/users\/2"}],"replies":[{"embeddable":true,"href":"https:\/\/www.europesays.com\/fr\/wp-json\/wp\/v2\/comments?post=428076"}],"version-history":[{"count":0,"href":"https:\/\/www.europesays.com\/fr\/wp-json\/wp\/v2\/posts\/428076\/revisions"}],"wp:featuredmedia":[{"embeddable":true,"href":"https:\/\/www.europesays.com\/fr\/wp-json\/wp\/v2\/media\/428077"}],"wp:attachment":[{"href":"https:\/\/www.europesays.com\/fr\/wp-json\/wp\/v2\/media?parent=428076"}],"wp:term":[{"taxonomy":"category","embeddable":true,"href":"https:\/\/www.europesays.com\/fr\/wp-json\/wp\/v2\/categories?post=428076"},{"taxonomy":"post_tag","embeddable":true,"href":"https:\/\/www.europesays.com\/fr\/wp-json\/wp\/v2\/tags?post=428076"}],"curies":[{"name":"wp","href":"https:\/\/api.w.org\/{rel}","templated":true}]}}