{"id":428088,"date":"2025-09-30T07:46:11","date_gmt":"2025-09-30T07:46:11","guid":{"rendered":"https:\/\/www.europesays.com\/fr\/428088\/"},"modified":"2025-09-30T07:46:11","modified_gmt":"2025-09-30T07:46:11","slug":"allemagne-baisse-surprise-des-ventes-au-detail-en-aout-30-09-2025-a-0930","status":"publish","type":"post","link":"https:\/\/www.europesays.com\/fr\/428088\/","title":{"rendered":"Allemagne-Baisse surprise des ventes au d\u00e9tail en ao\u00fbt &#8211; 30\/09\/2025 \u00e0 09:30"},"content":{"rendered":"<p>\n (Actualis\u00e9 avec d\u00e9tails, donn\u00e9es sur un an)\n<\/p>\n<p>\n Les ventes au d\u00e9tail en<br \/>\nAllemagne ont recul\u00e9 de 0,2% en ao\u00fbt, de mani\u00e8re inattendue,<br \/>\nmontrent les donn\u00e9es publi\u00e9es mardi par l&rsquo;Office f\u00e9d\u00e9ral de la<br \/>\nstatistique, en raison notamment d\u2019un recul des commandes en<br \/>\nligne et par correspondance.\n<\/p>\n<p>\n Les \u00e9conomistes interrog\u00e9s par Reuters avaient pr\u00e9vu une<br \/>\nhausse de 0,6% pour le mois dernier, apr\u00e8s -0,5% (r\u00e9vis\u00e9 de<br \/>\n-1,5%) en juillet.\n<\/p>\n<p>\n \u00ab\u00a0Le climat d\u2019achat \u00e9tait tr\u00e8s froid au milieu de l&rsquo;\u00e9t\u00e9\u00a0\u00bb, a<br \/>\nd\u00e9clar\u00e9 Thomas Gitzel, \u00e9conomiste en chef de VP Bank. Il a<br \/>\nattribu\u00e9 le recul \u00e0 une baisse des ventes en ligne et par<br \/>\ncorrespondance, qui ont diminu\u00e9 de 2,0% en ao\u00fbt.\n<\/p>\n<p>\n Le commerce de d\u00e9tail non alimentaire a \u00e9galement recul\u00e9<br \/>\nde 1,0% sur le mois, selon l&rsquo;Office f\u00e9d\u00e9ral de la statistique.\n<\/p>\n<p>\n \u00ab\u00a0De nombreux m\u00e9nages priv\u00e9s \u00e9pargnent par prudence. Les<br \/>\ninqui\u00e9tudes concernant la situation \u00e9conomique p\u00e8sent sur la<br \/>\nconfiance des consommateurs\u00a0\u00bb, a ajout\u00e9 Thomas Gitzel.\n<\/p>\n<p>\n Cependant, sur un an, les ventes au d\u00e9tail en Allemagne<br \/>\nont progress\u00e9 de 1,8%, en ligne avec les attentes des<br \/>\n\u00e9conomistes, selon le consensus Reuters.\n<\/p>\n<p>\n (R\u00e9dig\u00e9 par Elena Smirnova, avec Anastasiia Kozlova et Tristan<br \/>\nVeyet, \u00e9dit\u00e9 par Augustin Turpin)<\/p>\n","protected":false},"excerpt":{"rendered":"(Actualis\u00e9 avec d\u00e9tails, donn\u00e9es sur un an) Les ventes au d\u00e9tail en Allemagne ont recul\u00e9 de 0,2% en&hellip;\n","protected":false},"author":2,"featured_media":15273,"comment_status":"","ping_status":"","sticky":false,"template":"","format":"standard","meta":{"footnotes":""},"categories":[1587],"tags":[400,11,672,398,408,1804,405,1805,1803,1777,674,1801,403,402,399,404,12,1802,401,406,407],"class_list":{"0":"post-428088","1":"post","2":"type-post","3":"status-publish","4":"format-standard","5":"has-post-thumbnail","7":"category-allemagne","8":"tag-action-cac-40","9":"tag-actualites","10":"tag-allemagne","11":"tag-bourse-de-paris","12":"tag-boursorama","13":"tag-bundesrepublik-deutschland","14":"tag-cotations","15":"tag-de","16":"tag-deutschland","17":"tag-eu","18":"tag-europe","19":"tag-germany","20":"tag-indices-devises","21":"tag-investir","22":"tag-investissement","23":"tag-marche-boursier","24":"tag-news","25":"tag-republique-federale-dallemagne","26":"tag-sicav","27":"tag-trackers","28":"tag-warrants"},"share_on_mastodon":{"url":"https:\/\/pubeurope.com\/@fr\/115292142639288570","error":""},"_links":{"self":[{"href":"https:\/\/www.europesays.com\/fr\/wp-json\/wp\/v2\/posts\/428088","targetHints":{"allow":["GET"]}}],"collection":[{"href":"https:\/\/www.europesays.com\/fr\/wp-json\/wp\/v2\/posts"}],"about":[{"href":"https:\/\/www.europesays.com\/fr\/wp-json\/wp\/v2\/types\/post"}],"author":[{"embeddable":true,"href":"https:\/\/www.europesays.com\/fr\/wp-json\/wp\/v2\/users\/2"}],"replies":[{"embeddable":true,"href":"https:\/\/www.europesays.com\/fr\/wp-json\/wp\/v2\/comments?post=428088"}],"version-history":[{"count":0,"href":"https:\/\/www.europesays.com\/fr\/wp-json\/wp\/v2\/posts\/428088\/revisions"}],"wp:featuredmedia":[{"embeddable":true,"href":"https:\/\/www.europesays.com\/fr\/wp-json\/wp\/v2\/media\/15273"}],"wp:attachment":[{"href":"https:\/\/www.europesays.com\/fr\/wp-json\/wp\/v2\/media?parent=428088"}],"wp:term":[{"taxonomy":"category","embeddable":true,"href":"https:\/\/www.europesays.com\/fr\/wp-json\/wp\/v2\/categories?post=428088"},{"taxonomy":"post_tag","embeddable":true,"href":"https:\/\/www.europesays.com\/fr\/wp-json\/wp\/v2\/tags?post=428088"}],"curies":[{"name":"wp","href":"https:\/\/api.w.org\/{rel}","templated":true}]}}