{"id":428095,"date":"2025-09-30T07:51:16","date_gmt":"2025-09-30T07:51:16","guid":{"rendered":"https:\/\/www.europesays.com\/fr\/428095\/"},"modified":"2025-09-30T07:51:16","modified_gmt":"2025-09-30T07:51:16","slug":"linflation-est-repartie-a-la-hausse-en-france-au-mois-de-septembre","status":"publish","type":"post","link":"https:\/\/www.europesays.com\/fr\/428095\/","title":{"rendered":"L\u2019inflation est repartie \u00e0 la hausse en France au mois de septembre"},"content":{"rendered":"<p>Selon une estimation provisoire publi\u00e9e mardi par l\u2019Insee, la rentr\u00e9e\u00a02025 s\u2019av\u00e8re <a href=\"https:\/\/www.20minutes.fr\/economie\/4174565-20250922-pouvoir-achat-voici-somme-manque-francais-chaque-mois-vivre-confortablement\" target=\"_blank\" class=\"c-link c-link--is-underlined\" rel=\"noopener\">plus co\u00fbteuse<\/a> pour les Fran\u00e7ais. En septembre, <a href=\"https:\/\/www.20minutes.fr\/economie\/inflation\/\" class=\"c-link c-link--is-underlined\" target=\"_blank\" rel=\"noopener\">les prix<\/a> \u00e0 la consommation ont enregistr\u00e9 une <a href=\"https:\/\/www.20minutes.fr\/societe\/4175091-20250924-assureurs-confirment-tarifs-vont-augmenter-annee-prochaine-assument\" target=\"_blank\" class=\"c-link c-link--is-underlined\" rel=\"noopener\">hausse de 1,2\u00a0%<\/a> sur un an, apr\u00e8s une augmentation de 0,9\u00a0% en ao\u00fbt.<\/p>\n<p>\u00ab\u00a0Cette hausse de l\u2019inflation s\u2019expliquerait par une nette acc\u00e9l\u00e9ration des prix des services, li\u00e9e \u00e0 une baisse beaucoup moins soutenue des prix des services de communication et \u00e0 une acc\u00e9l\u00e9ration de ceux des services de sant\u00e9\u00a0\u00bb, a expliqu\u00e9 <a href=\"https:\/\/www.insee.fr\/fr\/statistiques\/8648449\" rel=\"nofollow noopener\" target=\"_blank\" class=\"c-link c-link--is-underlined\">l\u2019Insee<\/a> dans un communiqu\u00e9.<\/p>\n<p>Les prix de l\u2019alimentation et du tabac en progression<\/p>\n<p>Ainsi, les prix des services ont augment\u00e9 de 2,4\u00a0% sur un an en septembre, apr\u00e8s +\u00a02,1\u00a0% en ao\u00fbt. Les prix de l\u2019alimentation (+\u00a01,7\u00a0%) et du tabac (+\u00a04,1\u00a0%) enregistrent une l\u00e9g\u00e8re acc\u00e9l\u00e9ration de leur progression, tandis que ceux des produits manufactur\u00e9s (-0,4\u00a0%) et de l\u2019\u00e9nergie (-4,5\u00a0%) restent orient\u00e9s \u00e0 la baisse.<\/p>\n<p>Sur un mois, les prix \u00e0 la consommation ont baiss\u00e9 de 1\u00a0% en septembre, apr\u00e8s +\u00a00,4\u00a0% en ao\u00fbt, cette fois en raison des \u00ab\u00a0fortes baisses saisonni\u00e8res des prix des services de transport, notamment a\u00e9rien, et de l\u2019h\u00e9bergement\u00a0\u00bb, a pr\u00e9cis\u00e9 l\u2019Insee.<\/p>\n<\/p>\n<p>L\u2019indice des prix \u00e0 la consommation harmonis\u00e9 (IPCH), qui permet les comparaisons au niveau europ\u00e9en, a augment\u00e9 de 1,1\u00a0% en septembre par rapport au m\u00eame mois un an plus t\u00f4t. Compar\u00e9 au mois d\u2019ao\u00fbt, il s\u2019est inscrit en baisse de 1,1\u00a0%.<\/p>\n","protected":false},"excerpt":{"rendered":"Selon une estimation provisoire publi\u00e9e mardi par l\u2019Insee, la rentr\u00e9e\u00a02025 s\u2019av\u00e8re plus co\u00fbteuse pour les Fran\u00e7ais. En septembre,&hellip;\n","protected":false},"author":2,"featured_media":428096,"comment_status":"","ping_status":"","sticky":false,"template":"","format":"standard","meta":{"footnotes":""},"categories":[4],"tags":[47,11,258,6409,33,893,1011,27,9345,2066,12,2922,25,6582,2803],"class_list":{"0":"post-428095","1":"post","2":"type-post","3":"status-publish","4":"format-standard","5":"has-post-thumbnail","7":"category-france","8":"tag-actualite","9":"tag-actualites","10":"tag-alimentation","11":"tag-consommateurs","12":"tag-economie","13":"tag-energie","14":"tag-fr","15":"tag-france","16":"tag-inflation","17":"tag-insee","18":"tag-news","19":"tag-pouvoir-dachat","20":"tag-republique-francaise","21":"tag-tabac","22":"tag-transport"},"share_on_mastodon":{"url":"https:\/\/pubeurope.com\/@fr\/115292162371095606","error":""},"_links":{"self":[{"href":"https:\/\/www.europesays.com\/fr\/wp-json\/wp\/v2\/posts\/428095","targetHints":{"allow":["GET"]}}],"collection":[{"href":"https:\/\/www.europesays.com\/fr\/wp-json\/wp\/v2\/posts"}],"about":[{"href":"https:\/\/www.europesays.com\/fr\/wp-json\/wp\/v2\/types\/post"}],"author":[{"embeddable":true,"href":"https:\/\/www.europesays.com\/fr\/wp-json\/wp\/v2\/users\/2"}],"replies":[{"embeddable":true,"href":"https:\/\/www.europesays.com\/fr\/wp-json\/wp\/v2\/comments?post=428095"}],"version-history":[{"count":0,"href":"https:\/\/www.europesays.com\/fr\/wp-json\/wp\/v2\/posts\/428095\/revisions"}],"wp:featuredmedia":[{"embeddable":true,"href":"https:\/\/www.europesays.com\/fr\/wp-json\/wp\/v2\/media\/428096"}],"wp:attachment":[{"href":"https:\/\/www.europesays.com\/fr\/wp-json\/wp\/v2\/media?parent=428095"}],"wp:term":[{"taxonomy":"category","embeddable":true,"href":"https:\/\/www.europesays.com\/fr\/wp-json\/wp\/v2\/categories?post=428095"},{"taxonomy":"post_tag","embeddable":true,"href":"https:\/\/www.europesays.com\/fr\/wp-json\/wp\/v2\/tags?post=428095"}],"curies":[{"name":"wp","href":"https:\/\/api.w.org\/{rel}","templated":true}]}}