{"id":428099,"date":"2025-09-30T07:53:12","date_gmt":"2025-09-30T07:53:12","guid":{"rendered":"https:\/\/www.europesays.com\/fr\/428099\/"},"modified":"2025-09-30T07:53:12","modified_gmt":"2025-09-30T07:53:12","slug":"la-saison-sportive-commence-bien-pour-lequipe-prenationale-du-mende-lozere-volley-ball","status":"publish","type":"post","link":"https:\/\/www.europesays.com\/fr\/428099\/","title":{"rendered":"La saison sportive commence bien pour l\u2019\u00e9quipe pr\u00e9nationale du Mende Loz\u00e8re Volley-ball"},"content":{"rendered":"<p>\n                                                                Victoire en Pr\u00e9nationale et en R\u00e9gionale 2 f\u00e9minine, d\u00e9faite en R\u00e9gionale 2 masculine\u00a0: le bilan du week-end du MLVB.\n                            <\/p>\n<p>L\u2019\u00e9quipe pr\u00e9nationale du Mende Loz\u00e8re Volley-ball a confirm\u00e9 son bon d\u00e9but de saison en d\u00e9crochant une\u00a0victoire sans appel face \u00e0 Clermont-l\u2019H\u00e9rault (3-0), ce week-end, dans sa salle.\u00a0S\u00e9rieux et appliqu\u00e9s, les Loz\u00e9riens ont ma\u00eetris\u00e9 la rencontre de bout en bout. L\u2019ensemble du groupe s\u2019est\u00a0illustr\u00e9, permettant \u00e0 l\u2019entra\u00eeneur Ali Kerboua faire tourner l\u2019effectif et de donner du temps de jeu \u00e0 tous ses joueurs.<\/p>\n<p>Avec ces trois nouveaux points \u00e0 domicile, le MLVB fait le plein de confiance avant un d\u00e9placement p\u00e9rilleux la semaine prochaine au Cr\u00e8s, formation r\u00e9put\u00e9e solide. De la discipline, de la rigueur et un\u00a0collectif soud\u00e9\u00a0: autant d\u2019atouts qui laissent pr\u00e9sager une belle dynamique pour la suite du championnat.<\/p>\n<p>Les autres matchs<\/p>\n<p>En R\u00e9gionale 2 f\u00e9minine, les Mendoises s\u2019imposent face \u00e0 Lattes\u00a0ASPTT Montpellier VAC 4 (3-1). Cette victoire encourageante confirme la dynamique positive du groupe, qui vise dans un premier temps\u00a0les play-offs, avec en ligne de mire une mont\u00e9e en R\u00e9gionale 1.<\/p>\n<p>En R\u00e9gionale 2 masculine le MLVB s\u2019incline\u00a03-0 face \u00e0\u00a0un adversaire solide, Narbonne. Malgr\u00e9 le score, les Loz\u00e9riens ont montr\u00e9 de belles s\u00e9quences de jeu et un esprit combatif. Des \u00e9l\u00e9ments positifs d\u00e9montrent le potentiel du groupe, encore en phase de construction.<\/p>\n","protected":false},"excerpt":{"rendered":"Victoire en Pr\u00e9nationale et en R\u00e9gionale 2 f\u00e9minine, d\u00e9faite en R\u00e9gionale 2 masculine\u00a0: le bilan du week-end du&hellip;\n","protected":false},"author":2,"featured_media":428100,"comment_status":"","ping_status":"","sticky":false,"template":"","format":"standard","meta":{"footnotes":""},"categories":[1417],"tags":[1011,27,60,1470,1469],"class_list":{"0":"post-428099","1":"post","2":"type-post","3":"status-publish","4":"format-standard","5":"has-post-thumbnail","7":"category-volley","8":"tag-fr","9":"tag-france","10":"tag-sports","11":"tag-volley","12":"tag-volleyball"},"share_on_mastodon":{"url":"https:\/\/pubeurope.com\/@fr\/115292170128175024","error":""},"_links":{"self":[{"href":"https:\/\/www.europesays.com\/fr\/wp-json\/wp\/v2\/posts\/428099","targetHints":{"allow":["GET"]}}],"collection":[{"href":"https:\/\/www.europesays.com\/fr\/wp-json\/wp\/v2\/posts"}],"about":[{"href":"https:\/\/www.europesays.com\/fr\/wp-json\/wp\/v2\/types\/post"}],"author":[{"embeddable":true,"href":"https:\/\/www.europesays.com\/fr\/wp-json\/wp\/v2\/users\/2"}],"replies":[{"embeddable":true,"href":"https:\/\/www.europesays.com\/fr\/wp-json\/wp\/v2\/comments?post=428099"}],"version-history":[{"count":0,"href":"https:\/\/www.europesays.com\/fr\/wp-json\/wp\/v2\/posts\/428099\/revisions"}],"wp:featuredmedia":[{"embeddable":true,"href":"https:\/\/www.europesays.com\/fr\/wp-json\/wp\/v2\/media\/428100"}],"wp:attachment":[{"href":"https:\/\/www.europesays.com\/fr\/wp-json\/wp\/v2\/media?parent=428099"}],"wp:term":[{"taxonomy":"category","embeddable":true,"href":"https:\/\/www.europesays.com\/fr\/wp-json\/wp\/v2\/categories?post=428099"},{"taxonomy":"post_tag","embeddable":true,"href":"https:\/\/www.europesays.com\/fr\/wp-json\/wp\/v2\/tags?post=428099"}],"curies":[{"name":"wp","href":"https:\/\/api.w.org\/{rel}","templated":true}]}}