{"id":428104,"date":"2025-09-30T07:57:11","date_gmt":"2025-09-30T07:57:11","guid":{"rendered":"https:\/\/www.europesays.com\/fr\/428104\/"},"modified":"2025-09-30T07:57:11","modified_gmt":"2025-09-30T07:57:11","slug":"miguel-oliveira-rejoint-le-worldsbk-avec-bmw","status":"publish","type":"post","link":"https:\/\/www.europesays.com\/fr\/428104\/","title":{"rendered":"Miguel Oliveira rejoint le WorldSBK avec BMW"},"content":{"rendered":"<p>Son d\u00e9part du MotoGP est d\u00e9sormais act\u00e9\u00a0:\u00a0<a href=\"https:\/\/fr.motorsport.com\/driver\/miguel-oliveira\/109382\/\" rel=\"nofollow noopener\" target=\"_blank\">Miguel Oliveira<\/a> va rejoindre le WorldSBK la saison prochaine. Ce transfert fait suite au choix de Yamaha de conserver <a href=\"https:\/\/fr.motorsport.com\/driver\/jack-miller\/96423\/\" rel=\"nofollow noopener\" target=\"_blank\">Jack Miller<\/a> aux c\u00f4t\u00e9s de <a href=\"https:\/\/fr.motorsport.com\/driver\/toprak-razgatlioglu\/178502\/\" target=\"_blank\" rel=\"noopener nofollow\">Toprak Razgatlioglu<\/a> dans le team Pramac Racing la saison prochaine, alors que l&rsquo;\u00e9quipe d&rsquo;usine de la marque sera toujours constitu\u00e9e de <a href=\"https:\/\/fr.motorsport.com\/driver\/fabio-quartararo\/109400\/\" rel=\"nofollow noopener\" target=\"_blank\">Fabio Quartararo<\/a> et <a href=\"https:\/\/fr.motorsport.com\/driver\/alex-rins\/109402\/\" rel=\"nofollow noopener\" target=\"_blank\">\u00c1lex Rins<\/a>.<\/p>\n<p><a href=\"https:\/\/fr.motorsport.com\/motogp\/news\/grille-motogp-2026-pilotes-constructeurs-equipes\/10755406\/\" target=\"_self\" rel=\"noopener nofollow\">Il ne reste aujourd&rsquo;hui plus qu&rsquo;une place \u00e0 officiellement attribuer sur la grille MotoGP<\/a>, et elle est destin\u00e9e au jeune pilote Diogo Moreira dans le team LCR Honda. Oliveira n&rsquo;avait donc d&rsquo;autre choix que de rejoindre les d\u00e9riv\u00e9es de la s\u00e9rie pour continuer sa carri\u00e8re, et c&rsquo;est avec BMW qu&rsquo;il va franchir le pas. Il va int\u00e9grer l&rsquo;\u00e9quipe officielle de la marque, que s&rsquo;appr\u00eate justement \u00e0 quitter Toprak Razgatlioglu, aujourd&rsquo;hui en t\u00eate du championnat.<\/p>\n<p>C&rsquo;est \u00e9videmment un tournant majeur dans la carri\u00e8re d&rsquo;Oliveira, \u00e2g\u00e9 de 30 ans. Il a couru \u00e0 tous les \u00e9chelons des Grands Prix depuis 2011, a gagn\u00e9 en Moto3, en Moto2 et en MotoGP, et s&rsquo;est class\u00e9 \u00e0 trois reprises dans le trio de t\u00eate du championnat dans les petites cat\u00e9gories. \u00c0 son arriv\u00e9e en MotoGP, il a d&rsquo;abord \u00e9t\u00e9 l&rsquo;un des pilotes centraux du programme de KTM et c&rsquo;est lui qui a men\u00e9 l&rsquo;\u00e9quipe Tech3 \u00e0 sa premi\u00e8re victoire, au GP de Styrie 2020. Il cumulera au total cinq victoires et montera jusqu&rsquo;au neuvi\u00e8me rang du championnat en 2020.<\/p>\n<p>Ces derni\u00e8res ann\u00e9es se sont r\u00e9v\u00e9l\u00e9es plus compliqu\u00e9es pour le Portugais, que l&rsquo;on a d&rsquo;abord vu pendant deux ans sur l&rsquo;Aprilia satellite des team RNF et Trackhouse, puis sur la Yamaha de l&rsquo;\u00e9quipe Pramac Racing cette saison. Ses d\u00e9buts sur la M1 ont \u00e9t\u00e9 grandement compliqu\u00e9s par l&rsquo;accident dont il a \u00e9t\u00e9 victime en Argentine, dont il a mis plusieurs semaines \u00e0 se remettre. Il a obtenu ses meilleurs r\u00e9sultats derni\u00e8rement, avec une s\u00e9rie en cours de quatre entr\u00e9es dans les points, parmi lesquelles deux neuvi\u00e8mes places. Le choix de Yamaha \u00e9tait toutefois d\u00e9j\u00e0 fait, et <a href=\"https:\/\/fr.motorsport.com\/motogp\/news\/oliveira-depart-pramac-sentais-comme-maillon-faible\/10756153\/\" target=\"_self\" rel=\"noopener nofollow\">Oliveira s&rsquo;y \u00e9tait r\u00e9solu tant bien que mal<\/a>.<\/p>\n<p>\u00ab\u00a0Rejoindre la famille BMW en WorldSBK repr\u00e9sente une \u00e9tape excitante de ma carri\u00e8re\u00a0\u00bb, d\u00e9clare-t-il aujourd&rsquo;hui, \u00ab\u00a0une \u00e9tape dans laquelle je per\u00e7ois un \u00e9norme potentiel. J&rsquo;int\u00e8gre un projet qui est non seulement ambitieux et comp\u00e9titif, mais qui a aussi eu un impact majeur sur le championnat et l&rsquo;industrie moto. Int\u00e9grer une nouvelle \u00e9quipe, travailler aux c\u00f4t\u00e9s de partenaires forts et rejoindre un nouveau format de championnat m&rsquo;apporte une tr\u00e8s grande motivation pour donner le meilleur de moi-m\u00eame.\u00a0\u00bb<\/p>\n<p>Miguel Oliveira fera \u00e9quipe avec un autre ancien du MotoGP, en l&rsquo;occurrence <a href=\"https:\/\/fr.motorsport.com\/driver\/danilo-petrucci\/93783\/\" target=\"_blank\" rel=\"noopener nofollow\">Danilo Petrucci<\/a> qui court d\u00e9j\u00e0 en WorldSBK depuis trois ans.<\/p>\n<p>Lire aussi :<\/p>\n","protected":false},"excerpt":{"rendered":"Son d\u00e9part du MotoGP est d\u00e9sormais act\u00e9\u00a0:\u00a0Miguel Oliveira va rejoindre le WorldSBK la saison prochaine. Ce transfert fait&hellip;\n","protected":false},"author":2,"featured_media":428105,"comment_status":"","ping_status":"","sticky":false,"template":"","format":"standard","meta":{"footnotes":""},"categories":[1413],"tags":[1011,27,3594,55689,1457,1456,1458,60,11034],"class_list":{"0":"post-428104","1":"post","2":"type-post","3":"status-publish","4":"format-standard","5":"has-post-thumbnail","7":"category-moto","8":"tag-fr","9":"tag-france","10":"tag-miguel-oliveira","11":"tag-miguel-oliveira-rejoint-le-worldsbk-avec-bmw","12":"tag-moto","13":"tag-motocycle","14":"tag-motogp","15":"tag-sports","16":"tag-worldsbk"},"share_on_mastodon":{"url":"https:\/\/pubeurope.com\/@fr\/115292186084697396","error":""},"_links":{"self":[{"href":"https:\/\/www.europesays.com\/fr\/wp-json\/wp\/v2\/posts\/428104","targetHints":{"allow":["GET"]}}],"collection":[{"href":"https:\/\/www.europesays.com\/fr\/wp-json\/wp\/v2\/posts"}],"about":[{"href":"https:\/\/www.europesays.com\/fr\/wp-json\/wp\/v2\/types\/post"}],"author":[{"embeddable":true,"href":"https:\/\/www.europesays.com\/fr\/wp-json\/wp\/v2\/users\/2"}],"replies":[{"embeddable":true,"href":"https:\/\/www.europesays.com\/fr\/wp-json\/wp\/v2\/comments?post=428104"}],"version-history":[{"count":0,"href":"https:\/\/www.europesays.com\/fr\/wp-json\/wp\/v2\/posts\/428104\/revisions"}],"wp:featuredmedia":[{"embeddable":true,"href":"https:\/\/www.europesays.com\/fr\/wp-json\/wp\/v2\/media\/428105"}],"wp:attachment":[{"href":"https:\/\/www.europesays.com\/fr\/wp-json\/wp\/v2\/media?parent=428104"}],"wp:term":[{"taxonomy":"category","embeddable":true,"href":"https:\/\/www.europesays.com\/fr\/wp-json\/wp\/v2\/categories?post=428104"},{"taxonomy":"post_tag","embeddable":true,"href":"https:\/\/www.europesays.com\/fr\/wp-json\/wp\/v2\/tags?post=428104"}],"curies":[{"name":"wp","href":"https:\/\/api.w.org\/{rel}","templated":true}]}}