{"id":428106,"date":"2025-09-30T07:58:11","date_gmt":"2025-09-30T07:58:11","guid":{"rendered":"https:\/\/www.europesays.com\/fr\/428106\/"},"modified":"2025-09-30T07:58:11","modified_gmt":"2025-09-30T07:58:11","slug":"toto-wolff-detaille-sa-rencontre-estivale-avec-max-verstappen","status":"publish","type":"post","link":"https:\/\/www.europesays.com\/fr\/428106\/","title":{"rendered":"Toto Wolff d\u00e9taille sa rencontre estivale avec Max Verstappen"},"content":{"rendered":"<p>\u00c9t\u00e9 2025. Sur les radars, un avion descend vers la Sardaigne. Le jet priv\u00e9 de <a href=\"https:\/\/www.autohebdo.fr\/pilote\/f1\/max-verstappen\" data-internallinksmanager029f6b8e52c=\"2\" title=\"Max Verstappen\" target=\"_blank\" rel=\"noopener\">Max Verstappen<\/a> se pose sur l\u2019\u00eele italienne o\u00f9 <a href=\"https:\/\/www.autohebdo.fr\/actualites\/tag\/toto-wolff\" data-internallinksmanager029f6b8e52c=\"17\" title=\"Toto Wolff\" target=\"_blank\" rel=\"noopener\">Toto Wolff<\/a> profitait incidemment d\u2019une parenth\u00e8se sal\u00e9e entre deux Grands Prix. Alors que le soleil br\u00fblant de Sardaigne se refl\u00e9tait sur la mer M\u00e9diterran\u00e9e, le directeur de l\u2019\u00e9curie <a href=\"https:\/\/www.autohebdo.fr\/actualites\/ecurie\/mercedes\" data-internallinksmanager029f6b8e52c=\"80\" title=\"Ecurie Mercedes F1\" target=\"_blank\" rel=\"noopener\">Mercedes<\/a> et le champion de <a href=\"https:\/\/www.autohebdo.fr\/actualites\/ecurie\/red-bull-racing\" data-internallinksmanager029f6b8e52c=\"78\" title=\"Ecurie F1 Red Bull Racing\" target=\"_blank\" rel=\"noopener\">Red Bull<\/a> sont immortalis\u00e9s en pleine discussion par les paparazzis. Les rumeurs bruissaient d\u00e9j\u00e0 depuis plusieurs semaines autour de tensions internes au sein de l\u2019\u00e9curie autrichienne, qui peinait en plus sur la piste, loin du niveau de performance qui avait permis \u00e0 Max Verstappen de d\u00e9crocher quatre titres d\u2019affil\u00e9e : une opportunit\u00e9 que Mercedes semblait vouloir s\u2019empresser de saisir pour attirer le champion dans ses filets. Cette vir\u00e9e en yacht paraissait donc avoir nou\u00e9 les pr\u00e9mices d\u2019un futur commun entre le le pilote Red Bull et la formation de Brackley. De facto, cela aurait compromis par ricochet l\u2019avenir du rookie Kimi Antonelli, le plus \u00e0 m\u00eame d\u2019\u00eatre \u00e9cart\u00e9 pour c\u00e9der sa place au l\u00e9gendaire n\u00e9erlandais.<\/p>\n<\/p>\n<p>Verstappen \u2013 Russell : naissance d\u2019une rivalit\u00e9 dangereuse<\/p>\n<p>Un tel sc\u00e9nario aurait ouvert la voie \u00e0 un duo explosif r\u00e9unissant George Russell (Mercedes) et son meilleur ennemi. Une perspective probablement peu r\u00e9jouissante pour le Britannique, qui s\u2019est frott\u00e9 \u2013 de trop pr\u00e8s parfois \u2013 plus d\u2019une fois au f\u00e9roce tenant du titre. Leur histoire tumultueuse trouve ses racines au GP du Qatar, l\u2019an dernier, apr\u00e8s une premi\u00e8re tension au GP d\u2019Azerba\u00efdjan 2023 suite \u00e0 un contact dans le premier tour de la course sprint. En qualifications \u00e0 Losail, Max Verstappen fait l\u2019objet d\u2019une enqu\u00eate pour avoir roul\u00e9 lentement afin de perturber le tour de George Russell. Il \u00e9copait alors d\u2019une p\u00e9nalit\u00e9 sur la grille de d\u00e9part, suite aux plaintes de son adversaire aupr\u00e8s des commissaires de course. \u00ab Je me suis rendu \u00e0 plusieurs reprises dans cette salle de r\u00e9union [des commissaires] au cours de ma carri\u00e8re, avec des personnes avec lesquelles j\u2019ai couru. Je n\u2019ai jamais vu quelqu\u2019un essayer de nuire autant \u00e0 quelqu\u2019un d\u2019autre, martelait Verstappen. J\u2019ai perdu tout respect pour lui. \u00bb<\/p>\n<p>Il aurait ensuite menac\u00e9 le Britannique de le percuter volontaire en course, selon la version du pilote Mercedes, livr\u00e9e \u00e0 Abu Dhabi, quelques jours apr\u00e8s l\u2019incident qatarien. Une menace qui sera mise \u00e0 ex\u00e9cution quelques mois plus tard au GP d\u2019Espagne 2025. \u00ab Chaque fois que les choses ne se passent pas comme il le souhaite, il se met en col\u00e8re de mani\u00e8re injustifi\u00e9e et fr\u00f4le la violence, s\u2019indignait l\u2019ancien pilote <a href=\"https:\/\/www.autohebdo.fr\/actualites\/ecurie\/williams-f1\" data-internallinksmanager029f6b8e52c=\"83\" title=\"Ecurie Williams F1 Team\" target=\"_blank\" rel=\"noopener\">Williams<\/a> \u00e0 Abou Dhabi, en d\u00e9cembre dernier. Nous l\u2019avons vu au Br\u00e9sil par le pass\u00e9 avec [Esteban] <a href=\"https:\/\/www.autohebdo.fr\/pilote\/f1\/esteban-ocon-2\" data-internallinksmanager029f6b8e52c=\"37\" title=\"Esteban Ocon\" target=\"_blank\" rel=\"noopener\">Ocon<\/a> (qu\u2019il a pouss\u00e9 \u00e0 plusieurs reprises dans le Parc ferm\u00e9 apr\u00e8s un accrochage en course, Ndlr). Nous l\u2019avons vu en 2021 avec Lewis [<a href=\"https:\/\/www.autohebdo.fr\/pilote\/f1\/lewis-hamilton-2\" data-internallinksmanager029f6b8e52c=\"41\" title=\"Lewis Hamilton\" target=\"_blank\" rel=\"noopener\">Hamilton<\/a>], au Mexique avec <a href=\"https:\/\/www.autohebdo.fr\/pilote\/f1\/lando-norris\" data-internallinksmanager029f6b8e52c=\"11\" title=\"Lando Norris\" target=\"_blank\" rel=\"noopener\">Lando Norris<\/a> (Verstappen a \u00e9cop\u00e9 de deux p\u00e9nalit\u00e9s de 10 secondes pour des d\u00e9fenses agressives sur le pilote <a href=\"https:\/\/www.autohebdo.fr\/actualites\/ecurie\/mclaren\" data-internallinksmanager029f6b8e52c=\"76\" title=\"Ecurie F1 McLaren Racing\" target=\"_blank\" rel=\"noopener\">McLaren<\/a>, Ndlr). Puis \u00e0 Budapest, alors qu\u2019il ne disposait pas de la voiture la plus performante, il a percut\u00e9 Lewis Hamilton, critiquant violemment toute son \u00e9quipe. \u00bb L\u2019atmosph\u00e8re \u00e9tait donc glaciale lors du d\u00eener annuel des pilotes \u00e0 Abou Dhabi, les deux hommes s\u2019ignorant royalement, assis chacun \u00e0 une extr\u00e9mit\u00e9 de la table.<\/p>\n<p>La menace Verstappen se mat\u00e9rialise \u00e0 Barcelone<\/p>\n<p>Alors que le feu entre les deux comp\u00e9titeurs semblait n\u2019\u00eatre plus que braises, le Grand Prix d\u2019Espagne 2025 a fait ressurgir une agressivit\u00e9 que l\u2019on pensait apais\u00e9e. Apr\u00e8s la neutralisation de la course suite \u00e0 la casse moteur d\u2019Antonelli, Max Verstappen \u00e9tait chauss\u00e9 de gommes dures \u00e0 la reprise, peinant \u00e0 trouver son rythme alors que ses rivaux en piste roulaient en pneus tendres. George Russell tentait alors de d\u00e9passer le champion du monde mais n\u2019y parvenait pas, Verstappen quittant la piste pour prot\u00e9ger sa position. Pri\u00e9 par son ing\u00e9nieur de rendre la position, il freine, laisse passer Russell, avant d\u2019acc\u00e9l\u00e9rer soudainement er de percuter volontairement la W16 n\u00b063. Un geste peu fair-play, reconna\u00eetra-t-il \u00e0 froid.<\/p>\n<p>Un tandem pareil se serait donc r\u00e9v\u00e9l\u00e9 foudroyant, \u00e0 l\u2019instar d\u2019<a href=\"https:\/\/www.autohebdo.fr\/pilote\/f1\/alain-prost\" data-internallinksmanager029f6b8e52c=\"21\" title=\"Alain Prost\" target=\"_blank\" rel=\"noopener\">Alain Prost<\/a> et Ayrton Senna, reconna\u00eet le directeur de l\u2019\u00e9curie Mercedes. La perspective d\u2019un tel chaos a refroidi l\u2019Autrichien. \u00abSi vous avez un duo Russell\/Verstappen, c\u2019est un peu comme Prost\/Senna, non ? \u00bb s\u2019interrogeait Wolff.<\/p>\n<p>Max Verstappen n\u2019ira (toujours) pas chez Mercedes en 2026<\/p>\n<p>Toto Wolff mise depuis longtemps sur le N\u00e9erlandais. En 2014 d\u00e9j\u00e0, il voulait le recruter dans le programme junior de Mercedes. Une offre rejet\u00e9e par Verstappen qui d\u00e9cidait \u00e0 l\u2019\u00e9poque d\u2019avancer avec Red Bull. Wolff est une nouvelle fois contraint d\u2019abandonner son projet cet \u00e9t\u00e9, du moins pour le moment. Le contrat du tenant du titre court effectivement jusqu\u2019en 2028. Le Viennois se disait pour sa part pr\u00e9sentement satisfait de ses effectifs. \u00ab Tout cela rel\u00e8ve plut\u00f4t, disons, d\u2019id\u00e9es ambitieuses et peu probables. Je veux en effet rester avec Kimi et George tel que c\u2019est actuellement \u00bb confessait-il au GP de Belgique. Cette conversation \u00ab devait [n\u00e9anmoins] avoir lieu \u00bb d\u00e9fend le directeur de l\u2019\u00e9curie. La rencontre m\u00e9diterran\u00e9enne des deux hommes relevait donc plut\u00f4t de la sph\u00e8re priv\u00e9e, r\u00e9v\u00e9lait Wolff : \u00ab C\u2019\u00e9tait plut\u00f4t sur un plan personnel, d\u00e9clare-t-il. Nous n\u2019avons pas vraiment discut\u00e9 de grands sujets sportifs durant l\u2019\u00e9t\u00e9 \u00bb On est en droit d\u2019en douter\u2026<\/p>\n<p><strong>\u00c0 LIRE AUSSI &gt; <a href=\"https:\/\/www.autohebdo.fr\/breves\/gt-tourisme\/verstappen-vainqueur-en-gt3-cetait-genial.html\" target=\"_blank\" rel=\"noopener\">Verstappen vainqueur en GT3 : \u00ab C\u2019\u00e9tait g\u00e9nial ! \u00bb<\/a><\/strong><\/p>\n<p>\u00c0 l\u2019heure ou Max Verstappen peut math\u00e9matiquement r\u00e9aliser l\u2019un des meilleurs comebacks du sport, Toto Wolff temporise. \u00ab Je pense qu\u2019il faut toujours rester les pieds sur terre et humble \u00bb nuance-t-il. L\u2019Autrichien note toutefois que la lutte pour le titre est encore ouverte. \u00ab Il a eu une bonne s\u00e9rie. La voiture est bonne, et Max Verstappen, il faut toujours se m\u00e9fier de ce qu\u2019il peut accomplir. Surtout s\u2019il voit que c\u2019est de nouveau possible, conc\u00e8de le mari de Susie Wolff. C\u2019est un coup de d\u00e9s. \u00bb Le tenant du titre accuse toujours soixante-neuf points de retard sur <a href=\"https:\/\/www.autohebdo.fr\/pilote\/f1\/oscar-piastri\" data-internallinksmanager029f6b8e52c=\"96\" title=\"Oscar Piastri\" target=\"_blank\" rel=\"noopener\">Oscar Piastri<\/a>, leader du championnat. Un tel retour friserait le miracle, mais tout peut encore basculer.<\/p>\n","protected":false},"excerpt":{"rendered":"\u00c9t\u00e9 2025. Sur les radars, un avion descend vers la Sardaigne. Le jet priv\u00e9 de Max Verstappen se&hellip;\n","protected":false},"author":2,"featured_media":428107,"comment_status":"","ping_status":"","sticky":false,"template":"","format":"standard","meta":{"footnotes":""},"categories":[1412],"tags":[1451,1452,1453,1454,1455,1011,27,2236,4320,2255,60,12569],"class_list":{"0":"post-428106","1":"post","2":"type-post","3":"status-publish","4":"format-standard","5":"has-post-thumbnail","7":"category-f1","8":"tag-f1","9":"tag-formula-1","10":"tag-formula1","11":"tag-formule-1","12":"tag-formule1","13":"tag-fr","14":"tag-france","15":"tag-max-verstappen","16":"tag-mercedes","17":"tag-red-bull","18":"tag-sports","19":"tag-toto-wolff"},"share_on_mastodon":{"url":"https:\/\/pubeurope.com\/@fr\/115292189783766624","error":""},"_links":{"self":[{"href":"https:\/\/www.europesays.com\/fr\/wp-json\/wp\/v2\/posts\/428106","targetHints":{"allow":["GET"]}}],"collection":[{"href":"https:\/\/www.europesays.com\/fr\/wp-json\/wp\/v2\/posts"}],"about":[{"href":"https:\/\/www.europesays.com\/fr\/wp-json\/wp\/v2\/types\/post"}],"author":[{"embeddable":true,"href":"https:\/\/www.europesays.com\/fr\/wp-json\/wp\/v2\/users\/2"}],"replies":[{"embeddable":true,"href":"https:\/\/www.europesays.com\/fr\/wp-json\/wp\/v2\/comments?post=428106"}],"version-history":[{"count":0,"href":"https:\/\/www.europesays.com\/fr\/wp-json\/wp\/v2\/posts\/428106\/revisions"}],"wp:featuredmedia":[{"embeddable":true,"href":"https:\/\/www.europesays.com\/fr\/wp-json\/wp\/v2\/media\/428107"}],"wp:attachment":[{"href":"https:\/\/www.europesays.com\/fr\/wp-json\/wp\/v2\/media?parent=428106"}],"wp:term":[{"taxonomy":"category","embeddable":true,"href":"https:\/\/www.europesays.com\/fr\/wp-json\/wp\/v2\/categories?post=428106"},{"taxonomy":"post_tag","embeddable":true,"href":"https:\/\/www.europesays.com\/fr\/wp-json\/wp\/v2\/tags?post=428106"}],"curies":[{"name":"wp","href":"https:\/\/api.w.org\/{rel}","templated":true}]}}