{"id":428114,"date":"2025-09-30T08:03:09","date_gmt":"2025-09-30T08:03:09","guid":{"rendered":"https:\/\/www.europesays.com\/fr\/428114\/"},"modified":"2025-09-30T08:03:09","modified_gmt":"2025-09-30T08:03:09","slug":"et-si-les-maisons-dedition-avaient-dit-non-aux-grands-chefs-doeuvre-de-la-litterature","status":"publish","type":"post","link":"https:\/\/www.europesays.com\/fr\/428114\/","title":{"rendered":"Et si les maisons d\u2019\u00e9dition avaient dit non aux grands chefs-d\u2019\u0153uvre de la litt\u00e9rature"},"content":{"rendered":"<p>Des lettres et des mails de refus de maisons d\u2019\u00e9dition, <a href=\"https:\/\/lorient.maville.com\/bretagne\/morbihan\/hennebont\/sa-vie-de-prof-est-un-enfer-il-en-fait-un-roman-4564637\" target=\"_self\" rel=\"noopener\">Dominique Julien<\/a> pouvait bien en faire un livre. M\u00eame s\u2019il a publi\u00e9 une dizaine de livres sur <a href=\"https:\/\/quimper.maville.com\/bretagne\/finistere\/chateaulin\/dominique-julien-presente-son-7e-ouvrage-3399321\" target=\"_self\" rel=\"noopener\">le monde des consultants,<\/a> l\u2019envers de la diplomatie ou le cyclisme, le professeur de philosophie \u2013 qui enseigne \u00e0 Brest (Finist\u00e8re) \u2013 estime avoir essuy\u00e9 un bon millier de refus.<\/p>\n<p>Cela lui a donn\u00e9 l\u2019id\u00e9e d\u2019un nouveau livre, Les \u00e9ditions F\u00e9mina ont refus\u00e9 votre manuscrit\u2026 Qu\u2019aurait pu r\u00e9pondre une maison d\u2019\u00e9dition pour refuser le manuscrit de futurs tr\u00e8s grands auteurs\u00a0? Autrement dit, comment des \u00e9diteurs peuvent passer compl\u00e8tement \u00e0 c\u00f4t\u00e9 de livres qui marqueront l\u2019histoire de la litt\u00e9rature.<\/p>\n<p>Erreur de jugement<\/p>\n<p>Il convoque donc les plus grands et imagine une maison d\u2019\u00e9dition, F\u00e9mina, qui se met \u00e0 chaque fois le doigt dans l\u2019\u0153il.<strong> \u00ab\u00a0Qu\u2019allez-vous chercher en transportant ce malheureux bambin sur cette \u00e9toile\u00a0?\u00a0\u00bb<\/strong> \u00e9crit cet \u00e9diteur \u00e0 Antoine de <a href=\"https:\/\/www.ouest-france.fr\/culture\/livres\/ecrivains\/antoine-de-saint-exupery\/\" target=\"_self\" rel=\"noopener\">Saint-Exup\u00e9ry<\/a> au sujet du Petit prince\u2026<\/p>\n<p><strong>\u00ab\u00a0Qu\u2019est-ce donc cette tendance \u00e0 ressasser les faits pass\u00e9s\u00a0? Dans le pr\u00e9sent, nous sommes d\u00e9j\u00e0 si peu de chose\u00a0\u00bb,<\/strong> envoie-t-il \u00e0 <a href=\"https:\/\/rennes.maville.com\/actu\/actudet_-patrick-modiano-un-archeologue-de-la-memoire-%5Bportrait%5D_54135-2635440_actu.Htm\" target=\"_self\" rel=\"noopener\">Patrick Modiano<\/a> pour son roman Rue des boutiques obscures.<\/p>\n<p><a href=\"https:\/\/trouville-deauville.maville.com\/actu\/actudet_-marcel-proust-a-la-recherche-de-l-air-pur-et-devenu-l-amoureux-de-la-cote-fleurie-_4-5379297_actu.Htm\" target=\"_self\" rel=\"noopener\">Marcel Proust<\/a> en prend aussi pour son grade lorsqu\u2019il envoie \u00c0 la recherche du temps perdu aux \u00e9ditions F\u00e9mina.<strong> \u00ab\u00a0Certes, il y a bien des souvenirs qui sont touchants\u2026 Mais hier et aujourd\u2019hui, c\u2019est pareil quand on a de la m\u00e9moire\u00a0\u00bb,<\/strong> estime F\u00e9mina. Encore \u00e0 c\u00f4t\u00e9 de la plaque\u00a0!<\/p>\n<p><strong>\u00ab\u00a0Des refus, j\u2019en ai re\u00e7u des paquets. Et aussi de belles promesses jamais tenues\u00a0\u00bb,<\/strong> sourit Dominique Julien. Sans compter les propositions malhonn\u00eates o\u00f9 on lui a demand\u00e9 de financer la publication d\u2019un ouvrage.<\/p>\n<p>Pour autant, son petit livre dr\u00f4le et bien envoy\u00e9 n\u2019est jamais m\u00e9chant. Et heureusement, il a trouv\u00e9 une maison d\u2019\u00e9dition.<\/p>\n<p>Les \u00e9ditions F\u00e9mina ont refus\u00e9 votre manuscrit, \u00e9ditions Les impliqu\u00e9s, 82\u00a0pages, 12\u00a0\u20ac.<\/p>\n<p>\u00a0<\/p>\n","protected":false},"excerpt":{"rendered":"Des lettres et des mails de refus de maisons d\u2019\u00e9dition, Dominique Julien pouvait bien en faire un livre.&hellip;\n","protected":false},"author":2,"featured_media":428115,"comment_status":"","ping_status":"","sticky":false,"template":"","format":"standard","meta":{"footnotes":""},"categories":[1357],"tags":[1438,1379,55690,2827,58,4660,59,1011,26,27,4058,1351,1380,8661,2828,5773],"class_list":{"0":"post-428114","1":"post","2":"type-post","3":"status-publish","4":"format-standard","5":"has-post-thumbnail","7":"category-livres","8":"tag-angers","9":"tag-books","10":"tag-chefs-d","11":"tag-dit","12":"tag-divertissement","13":"tag-edition","14":"tag-entertainment","15":"tag-fr","16":"tag-francaise","17":"tag-france","18":"tag-grands","19":"tag-litterature","20":"tag-livres","21":"tag-maisons","22":"tag-non","23":"tag-uvre"},"share_on_mastodon":{"url":"https:\/\/pubeurope.com\/@fr\/115292209360904034","error":""},"_links":{"self":[{"href":"https:\/\/www.europesays.com\/fr\/wp-json\/wp\/v2\/posts\/428114","targetHints":{"allow":["GET"]}}],"collection":[{"href":"https:\/\/www.europesays.com\/fr\/wp-json\/wp\/v2\/posts"}],"about":[{"href":"https:\/\/www.europesays.com\/fr\/wp-json\/wp\/v2\/types\/post"}],"author":[{"embeddable":true,"href":"https:\/\/www.europesays.com\/fr\/wp-json\/wp\/v2\/users\/2"}],"replies":[{"embeddable":true,"href":"https:\/\/www.europesays.com\/fr\/wp-json\/wp\/v2\/comments?post=428114"}],"version-history":[{"count":0,"href":"https:\/\/www.europesays.com\/fr\/wp-json\/wp\/v2\/posts\/428114\/revisions"}],"wp:featuredmedia":[{"embeddable":true,"href":"https:\/\/www.europesays.com\/fr\/wp-json\/wp\/v2\/media\/428115"}],"wp:attachment":[{"href":"https:\/\/www.europesays.com\/fr\/wp-json\/wp\/v2\/media?parent=428114"}],"wp:term":[{"taxonomy":"category","embeddable":true,"href":"https:\/\/www.europesays.com\/fr\/wp-json\/wp\/v2\/categories?post=428114"},{"taxonomy":"post_tag","embeddable":true,"href":"https:\/\/www.europesays.com\/fr\/wp-json\/wp\/v2\/tags?post=428114"}],"curies":[{"name":"wp","href":"https:\/\/api.w.org\/{rel}","templated":true}]}}