{"id":428130,"date":"2025-09-30T08:11:11","date_gmt":"2025-09-30T08:11:11","guid":{"rendered":"https:\/\/www.europesays.com\/fr\/428130\/"},"modified":"2025-09-30T08:11:11","modified_gmt":"2025-09-30T08:11:11","slug":"la-consommation-atone-des-menages-francais-expliquee-en-trois-graphiques","status":"publish","type":"post","link":"https:\/\/www.europesays.com\/fr\/428130\/","title":{"rendered":"La consommation atone des m\u00e9nages fran\u00e7ais expliqu\u00e9e en trois graphiques"},"content":{"rendered":"<p><strong>INFOGRAPHIES<\/strong> \u2013 La consommation des m\u00e9nages a l\u00e9g\u00e8rement progress\u00e9 de 0,1% sur le mois d\u2019ao\u00fbt.<\/p>\n<p class=\"fig-paragraph\"><a href=\"http:\/\/www.lefigaro.fr\/flash-eco\/la-consommation-des-menages-s-est-acceleree-en-juin-0-6-selon-l-insee-20250730\" data-fig-type=\"NewsFlash\" data-gtm-custom-categorie=\"navigation\" data-gtm-custom-action=\"crossclick\" data-gtm-custom-label=\"Contextuel\" data-gtm-event=\"customEventSPE\" data-fig-domain=\"LEFIGARO\" rel=\"nofollow noopener\" target=\"_blank\">Apr\u00e8s un repli en juillet (-0,6%)<\/a>, la consommation des m\u00e9nages a invers\u00e9 la tendance en augmentant de 0,1% en ao\u00fbt, selon les chiffres publi\u00e9s ce mardi par l\u2019Insee. Ces d\u00e9penses en biens, que les m\u00e9nages supportent directement, regroupent aujourd\u2019hui trois grands postes\u00a0: l\u2019alimentation, l\u2019\u00e9nergie (gaz, \u00e9lectricit\u00e9, p\u00e9trole) et les biens fabriqu\u00e9s (textile, meubles, informatique, automobiles&#8230;). Pour le mois dernier, la consommation en biens fabriqu\u00e9s \u00e9tait en hausse (+0,3%), tandis que la consommation alimentaire et celle en \u00e9nergie sont quasi stables.<\/p>\n<p class=\"fig-paragraph\">\u00abEn ao\u00fbt 2025, les d\u00e9penses en habillement-textile rebondissent nettement (+1,8 % apr\u00e8s -2,6 % en juillet 2025), du fait d\u2019une hausse des d\u00e9penses d\u2019habillement.\u00bb indique l\u2019institut des statistiques publiques.<\/p>\n<p>                                    <a class=\"fig-a11y-skip a11y-hidden\" href=\"#fig-a11y-skip-main-inarticle\"><br \/>\n        Passer la publicit\u00e9<br \/>\n    <\/a><\/p>\n<p>Le moteur gripp\u00e9 de la croissance<\/p>\n<p class=\"fig-paragraph\">Mesur\u00e9e en volume, la consommation des m\u00e9nages n\u2019a pas renou\u00e9 avec son rythme d\u2019avant-crise. Avant la crise financi\u00e8re, elle progressait en moyenne de 2,2% par an. Elle n\u2019a cr\u00fb que de 0,9% chaque ann\u00e9e apr\u00e8s 2008. Relanc\u00e9e entre 2015 et 2019, elle a ensuite \u00e9t\u00e9 stopp\u00e9e net par la crise du Covid-19.<\/p>\n<p class=\"fig-paragraph\"><strong>Si la consommation repart l\u00e9g\u00e8rement,<\/strong> elle reste loin de son r\u00f4le traditionnel de moteur de la croissance. Selon la derni\u00e8re note de conjoncture de l\u2019Insee, la situation est paradoxale\u00a0: l\u2019inflation, plus faible en France que dans le reste de la Zone euro (+1,2% attendu en 2025), a permis un gain de pouvoir d\u2019achat sup\u00e9rieur \u00e0 la moyenne europ\u00e9enne. Pourtant, les m\u00e9nages tricolores continuent d\u2019\u00e9pargner massivement, freinant la reprise.<\/p>\n<p><strong>Les craintes sur le pouvoir d\u2019achat persistent<\/strong><\/p>\n<p class=\"fig-paragraph\">Le blocage s\u2019explique en partie\u00a0<a href=\"http:\/\/www.lefigaro.fr\/conso\/les-francais-n-ont-pas-le-moral-la-possible-chute-du-gouvernement-un-nouveau-coup-dur-pour-la-consommation-20250902\" data-fig-type=\"Article\" data-gtm-custom-categorie=\"navigation\" data-gtm-custom-action=\"crossclick\" data-gtm-custom-label=\"Contextuel\" data-gtm-event=\"customEventSPE\" data-fig-domain=\"LEFIGARO\" rel=\"nofollow noopener\" target=\"_blank\">par le pessimisme des Fran\u00e7ais<\/a>. Le climat reste morose du c\u00f4t\u00e9 des m\u00e9nages. L\u2019indicateur de confiance publi\u00e9 par l\u2019Insee est tomb\u00e9 \u00e0 87 en ao\u00fbt, loin de sa moyenne de long terme (100). Lorsqu\u2019on les interroge sur l\u2019\u00e9volution de leur niveau de vie, leur situation financi\u00e8re personnelle ou la situation \u00e9conomique du pays, les Fran\u00e7ais se disent inquiets. Ils sont aussi un nombre croissant \u00e0 anticiper des hausses de prix, ce qui entretient les craintes \u00e0 propos du pouvoir d\u2019achat et freine ainsi leurs achats.<\/p>\n","protected":false},"excerpt":{"rendered":"INFOGRAPHIES \u2013 La consommation des m\u00e9nages a l\u00e9g\u00e8rement progress\u00e9 de 0,1% sur le mois d\u2019ao\u00fbt. Apr\u00e8s un repli&hellip;\n","protected":false},"author":2,"featured_media":428131,"comment_status":"","ping_status":"","sticky":false,"template":"","format":"standard","meta":{"footnotes":""},"categories":[6],"tags":[35,130,33,34,1011,27,2066],"class_list":{"0":"post-428130","1":"post","2":"type-post","3":"status-publish","4":"format-standard","5":"has-post-thumbnail","7":"category-economie","8":"tag-business","9":"tag-consommation","10":"tag-economie","11":"tag-economy","12":"tag-fr","13":"tag-france","14":"tag-insee"},"share_on_mastodon":{"url":"https:\/\/pubeurope.com\/@fr\/115292240947286284","error":""},"_links":{"self":[{"href":"https:\/\/www.europesays.com\/fr\/wp-json\/wp\/v2\/posts\/428130","targetHints":{"allow":["GET"]}}],"collection":[{"href":"https:\/\/www.europesays.com\/fr\/wp-json\/wp\/v2\/posts"}],"about":[{"href":"https:\/\/www.europesays.com\/fr\/wp-json\/wp\/v2\/types\/post"}],"author":[{"embeddable":true,"href":"https:\/\/www.europesays.com\/fr\/wp-json\/wp\/v2\/users\/2"}],"replies":[{"embeddable":true,"href":"https:\/\/www.europesays.com\/fr\/wp-json\/wp\/v2\/comments?post=428130"}],"version-history":[{"count":0,"href":"https:\/\/www.europesays.com\/fr\/wp-json\/wp\/v2\/posts\/428130\/revisions"}],"wp:featuredmedia":[{"embeddable":true,"href":"https:\/\/www.europesays.com\/fr\/wp-json\/wp\/v2\/media\/428131"}],"wp:attachment":[{"href":"https:\/\/www.europesays.com\/fr\/wp-json\/wp\/v2\/media?parent=428130"}],"wp:term":[{"taxonomy":"category","embeddable":true,"href":"https:\/\/www.europesays.com\/fr\/wp-json\/wp\/v2\/categories?post=428130"},{"taxonomy":"post_tag","embeddable":true,"href":"https:\/\/www.europesays.com\/fr\/wp-json\/wp\/v2\/tags?post=428130"}],"curies":[{"name":"wp","href":"https:\/\/api.w.org\/{rel}","templated":true}]}}