{"id":428134,"date":"2025-09-30T08:13:14","date_gmt":"2025-09-30T08:13:14","guid":{"rendered":"https:\/\/www.europesays.com\/fr\/428134\/"},"modified":"2025-09-30T08:13:14","modified_gmt":"2025-09-30T08:13:14","slug":"750-000-personnes-agees-vivent-en-situation-disolement-extreme-selon-les-petits-freres-des-pauvres","status":"publish","type":"post","link":"https:\/\/www.europesays.com\/fr\/428134\/","title":{"rendered":"750.000 personnes \u00e2g\u00e9es vivent en situation d\u2019isolement extr\u00eame, selon Les Petits Fr\u00e8res des pauvres"},"content":{"rendered":"<p>Quelque 750.000 seniors, soit 4 % des plus de 60 ans, vivent en \u00abmort sociale\u00bb, sans aucun lien familial, amical ou de voisinage. Leur nombre a bondi de 150 % en huit ans, selon le barom\u00e8tre des Petits Fr\u00e8res des pauvres.<\/p>\n<p class=\"fig-paragraph\">Quelque 750.000\u00a0<a href=\"http:\/\/www.lefigaro.fr\/conjoncture\/retraites-la-france-est-elle-vraiment-le-paradis-des-seniors-que-decrit-le-financial-times-20250917\" data-fig-type=\"Article\" data-gtm-custom-categorie=\"navigation\" data-gtm-custom-action=\"crossclick\" data-gtm-custom-label=\"Contextuel\" data-gtm-event=\"customEventSPE\" data-fig-domain=\"LEFIGARO\" rel=\"nofollow noopener\" target=\"_blank\">seniors<\/a>, en situation de\u00a0<a href=\"http:\/\/www.lefigaro.fr\/demain\/sante\/vivre-isole-est-aussi-mauvais-pour-la-sante-que-fumer-quinze-cigarettes-par-jour-20250618\" data-fig-type=\"Article\" data-gtm-custom-categorie=\"navigation\" data-gtm-custom-action=\"crossclick\" data-gtm-custom-label=\"Contextuel\" data-gtm-event=\"customEventSPE\" data-fig-domain=\"LEFIGARO\" rel=\"nofollow noopener\" target=\"_blank\">\u00abmort sociale\u00bb<\/a>, ne rencontrent jamais ou quasiment jamais personne. La solitude extr\u00eame des personnes \u00e2g\u00e9es a augment\u00e9 de 150% en huit ans, alerte mardi l&rsquo;association\u00a0<a href=\"http:\/\/www.lefigaro.fr\/actualite-france\/les-generations-interagissent-moins-entre-elles-alerte-un-rapport-des-petits-freres-des-pauvres-20230928\" data-fig-type=\"NewsFlash\" data-gtm-custom-categorie=\"navigation\" data-gtm-custom-action=\"crossclick\" data-gtm-custom-label=\"Contextuel\" data-gtm-event=\"customEventSPE\" data-fig-domain=\"LEFIGARO\" rel=\"nofollow noopener\" target=\"_blank\">Les Petits Fr\u00e8res des pauvres.<\/a><\/p>\n<p class=\"fig-paragraph\">Ces personnes &#8211; 4% des 18 millions de plus de 60 ans &#8211; n&rsquo;ont aucun contact avec de la famille, des amis, le voisinage ou des associations, selon une \u00e9tude CSA r\u00e9alis\u00e9e en avril 2025 par l&rsquo;association, qui mesure tous les 4 ans depuis 2017 leur isolement en prenant en compte ces quatre cercles de sociabilit\u00e9. Leur nombre a augment\u00e9 de 42% par rapport au pr\u00e9c\u00e9dent barom\u00e8tre de 2021,\u00a0<a href=\"http:\/\/www.lefigaro.fr\/medias\/apres-l-euphorie-des-annees-covid-l-hecatombe-des-librairies-specialisees-dans-le-manga-20250422\" data-fig-type=\"NewsFlash\" data-gtm-custom-categorie=\"navigation\" data-gtm-custom-action=\"crossclick\" data-gtm-custom-label=\"Contextuel\" data-gtm-event=\"customEventSPE\" data-fig-domain=\"LEFIGARO\" rel=\"nofollow noopener\" target=\"_blank\">ann\u00e9e du Covid<\/a>. En 2017, elles n&rsquo;\u00e9taient \u00abque\u00bb 300.000 dans cette situation.<\/p>\n<p>                                    <a class=\"fig-a11y-skip a11y-hidden\" href=\"#fig-a11y-skip-main-inarticle\"><br \/>\n        Passer la publicit\u00e9<br \/>\n    <\/a><\/p>\n<p class=\"fig-paragraph\">\u00abJe n&rsquo;ai jamais \u00e9t\u00e9 mari\u00e9e, et n&rsquo;ai pas eu d&rsquo;enfants. Je me suis beaucoup occup\u00e9e de mes parents et \u00e0 leur mort je me suis retrouv\u00e9e dans une grande solitude\u00bb, confie Michelle S., ancienne formatrice dans une multinationale, \u00e2g\u00e9e de 83 ans. Ses liens sociaux se r\u00e9sument \u00e0 une conversation \u00e9pisodique avec une amie en province, une balade une fois par mois avec un couple de voisin. \u00abJ&rsquo;ai l&rsquo;impression d&rsquo;\u00eatre inutile, je me demande pourquoi je suis sur Terre car je n&rsquo;ai pas de but, sans enfant, ni famille\u00bb, confie-t-elle, avouant avoir trouv\u00e9 refuge dans l&rsquo;alcool.<\/p>\n<p>Un taux de suicide deux fois plus \u00e9lev\u00e9<\/p>\n<p class=\"fig-paragraph\">Deux millions de seniors sont isol\u00e9s des cercles familiaux et amicaux, un nombre qui a plus que doubl\u00e9 (+120%) depuis 2017, selon le barom\u00e8tre. Le vieillissement de la population explique cette explosion, ainsi que la rupture des liens sociaux pendant la crise du Covid: les plus fragiles n&rsquo;ont jamais retrouv\u00e9 leurs habitudes d&rsquo;avant, selon les Petits Fr\u00e8res des Pauvres.<\/p>\n<p class=\"fig-paragraph\">\u00abAutour de 80 ans, avec le d\u00e9c\u00e8s du conjoint, des amis et des voisins du m\u00eame \u00e2ge, les seniors sortent moins, car ils sont moins autonomes, ne conduisent plus\u00bb, ajoute la responsable du p\u00f4le plaidoyer Isabelle S\u00e9n\u00e9cal. En effet 1,5 million de personnes \u00e2g\u00e9es ne voient jamais ou quasiment jamais leurs enfants et petits-enfants, contre 470.000 en 2017, selon le barom\u00e8tre. S&rsquo;y ajoutent 3,2 millions de personnes sans enfants ou petits-enfants.<\/p>\n<p class=\"fig-paragraph\">La baisse de la natalit\u00e9 pourrait aggraver cet isolement \u00e0 l&rsquo;avenir. \u00abOn a besoin de natalit\u00e9 pas seulement pour financer les retraites mais pour \u00e9viter l&rsquo;isolement au grand \u00e2ge, facteur de perte d&rsquo;autonomie, de mal-\u00eatre, voire de d\u00e9pression. Car les premiers aidants sont la famille\u00bb, selon Isabelle S\u00e9n\u00e9cal. Le taux de suicide des 85-94 ans \u00e9tait de 35,2 pour 100.000 en 2022, deux fois plus \u00e9lev\u00e9 que la population g\u00e9n\u00e9rale.<\/p>\n<p>\u00abBonjour-bonsoir\u00bb<\/p>\n<p class=\"fig-paragraph\">Daniel L., 77 ans, a bascul\u00e9 dans la solitude \u00e0 la mort de sa femme en 2021. \u00abNi moi ni ma s\u0153ur n&rsquo;avons d&rsquo;enfant. Mes amis ont des probl\u00e8mes de sant\u00e9, je les ai perdus de vue\u00bb, dit l&rsquo;ancien technicien chimiste dans l&rsquo;agroalimentaire. 1,1 million de personnes \u00e2g\u00e9es n&rsquo;ont quasiment pas de lien avec des amis et 2,7 avec leurs voisins au-del\u00e0 d&rsquo;un simple \u00abbonjour-bonsoir\u00bb, selon l&rsquo;\u00e9tude.<\/p>\n<p>                                    <a class=\"fig-a11y-skip a11y-hidden\" href=\"#fig-a11y-skip-main-inarticle_mtf\"><br \/>\n        Passer la publicit\u00e9<br \/>\n    <\/a><\/p>\n<p class=\"fig-paragraph\">\u00catre sans famille proche, ne pas utiliser internet, avoir des revenus faibles, \u00eatre en perte d&rsquo;autonomie sont des facteurs de risques menant \u00e0 la \u00abmort sociale\u00bb, rel\u00e8ve l&rsquo;association. \u00abUne personne \u00e2g\u00e9e sur deux ne sort pas de chez elle tous les jours. Surtout en milieu rural, o\u00f9 elles disposent moins de commerces, d&rsquo;associations ou transports en commun\u00bb, indique Isabelle S\u00e9n\u00e9cal.<\/p>\n<p class=\"fig-paragraph\">\u00abAux d\u00e9serts m\u00e9dicaux s&rsquo;ajoutent de plus en plus des d\u00e9serts commerciaux\u00bb, note Yves Lasnier, pr\u00e9sident des Petits Fr\u00e8res des Pauvres. Quant aux associations, elles r\u00e9duisent leurs activit\u00e9s, faute de soutien financier, souligne-t-il. Le r\u00e9seau Monalisa (Mobilisation nationale contre l&rsquo;isolement des \u00e2g\u00e9s), qui f\u00e9d\u00e8re 600 organisations et 1000 \u00ab\u00e9quipes citoyennes\u00bb, compte mobiliser les citoyens pour maintenir le lien social malgr\u00e9 les contraintes budg\u00e9taires.<\/p>\n<p class=\"fig-paragraph\">\u00abSi on ne compte que sur des professionnels, de moins en moins nombreux, ils vont s&rsquo;\u00e9puiser\u00bb, explique Boris Callen, son d\u00e9l\u00e9gu\u00e9 g\u00e9n\u00e9ral. \u00abNous engageons un r\u00e9seau de proximit\u00e9 de citoyens qui peut venir en compl\u00e9mentarit\u00e9 d&rsquo;une infirmi\u00e8re ou aide \u00e0 domicile\u00bb, assure-t-il.<\/p>\n","protected":false},"excerpt":{"rendered":"Quelque 750.000 seniors, soit 4 % des plus de 60 ans, vivent en \u00abmort sociale\u00bb, sans aucun lien&hellip;\n","protected":false},"author":2,"featured_media":428135,"comment_status":"","ping_status":"","sticky":false,"template":"","format":"standard","meta":{"footnotes":""},"categories":[4],"tags":[11,1011,27,26903,12,2571,25],"class_list":{"0":"post-428134","1":"post","2":"type-post","3":"status-publish","4":"format-standard","5":"has-post-thumbnail","7":"category-france","8":"tag-actualites","9":"tag-fr","10":"tag-france","11":"tag-isolement","12":"tag-news","13":"tag-personnes-agees","14":"tag-republique-francaise"},"share_on_mastodon":{"url":"https:\/\/pubeurope.com\/@fr\/115292248785372183","error":""},"_links":{"self":[{"href":"https:\/\/www.europesays.com\/fr\/wp-json\/wp\/v2\/posts\/428134","targetHints":{"allow":["GET"]}}],"collection":[{"href":"https:\/\/www.europesays.com\/fr\/wp-json\/wp\/v2\/posts"}],"about":[{"href":"https:\/\/www.europesays.com\/fr\/wp-json\/wp\/v2\/types\/post"}],"author":[{"embeddable":true,"href":"https:\/\/www.europesays.com\/fr\/wp-json\/wp\/v2\/users\/2"}],"replies":[{"embeddable":true,"href":"https:\/\/www.europesays.com\/fr\/wp-json\/wp\/v2\/comments?post=428134"}],"version-history":[{"count":0,"href":"https:\/\/www.europesays.com\/fr\/wp-json\/wp\/v2\/posts\/428134\/revisions"}],"wp:featuredmedia":[{"embeddable":true,"href":"https:\/\/www.europesays.com\/fr\/wp-json\/wp\/v2\/media\/428135"}],"wp:attachment":[{"href":"https:\/\/www.europesays.com\/fr\/wp-json\/wp\/v2\/media?parent=428134"}],"wp:term":[{"taxonomy":"category","embeddable":true,"href":"https:\/\/www.europesays.com\/fr\/wp-json\/wp\/v2\/categories?post=428134"},{"taxonomy":"post_tag","embeddable":true,"href":"https:\/\/www.europesays.com\/fr\/wp-json\/wp\/v2\/tags?post=428134"}],"curies":[{"name":"wp","href":"https:\/\/api.w.org\/{rel}","templated":true}]}}