{"id":428144,"date":"2025-09-30T08:21:38","date_gmt":"2025-09-30T08:21:38","guid":{"rendered":"https:\/\/www.europesays.com\/fr\/428144\/"},"modified":"2025-09-30T08:21:38","modified_gmt":"2025-09-30T08:21:38","slug":"enzo-herve-quitte-toulon-pour-un-autre-club-de-top-14","status":"publish","type":"post","link":"https:\/\/www.europesays.com\/fr\/428144\/","title":{"rendered":"Enzo Herv\u00e9 quitte Toulon pour un autre club de Top 14"},"content":{"rendered":"<p style=\"text-align: justify;\"><strong>TRANSFERTS RUGBY \u2013 Selon <a href=\"https:\/\/www.lequipe.fr\/Rugby\/Actualites\/Enzo-herve-s-engage-avec-le-castres-olympique-pour-pallier-la-blessure-de-louis-le-brun\/1596935\" target=\"_blank\" rel=\"noopener\">L\u2019\u00c9quipe<\/a>, Enzo Herv\u00e9 quitte le RC Toulon pour s\u2019engager avec Castres comme joker m\u00e9dical.<br \/><\/strong><\/p>\n<p style=\"text-align: justify;\">Lourdement battu par le <strong>Stade<\/strong> <strong>Toulousain<\/strong> samedi soir, le <strong>Castres<\/strong> <strong>Olympique<\/strong> a vu <strong>Pierre<\/strong> <strong>Popelin<\/strong> se blesser aux ischio-jambiers. L\u2019ouvreur devrait manquer \u00e0 minima plusieurs semaines de comp\u00e9tition, et rejoint \u00e0 l\u2019infirmerie <strong>Louis Le<\/strong> <strong>Brun,<\/strong> qui est forfait pour de nombreux mois \u00e0 cause d\u2019une blessure au genou.<\/p>\n<p>Castres a choisi Enzo Herv\u00e9<\/p>\n<p style=\"text-align: justify;\">Les <strong>Tarnais<\/strong> n\u2019ont donc plus que le jeune <strong>Louka<\/strong> <strong>Guilhot<\/strong> comme ouvreur de m\u00e9tier apte. M\u00eame avant la blessure de <strong>Pierre<\/strong> <strong>Popelin<\/strong>, un joker m\u00e9dical \u00e9tait recherch\u00e9 par le <strong>Castres<\/strong> <strong>Olympique<\/strong>. <strong>Thomas<\/strong> <strong>Vincent<\/strong> \u00e9tait courtis\u00e9, mais <strong>Montpellier<\/strong> a ferm\u00e9 la porte \u00e0 un d\u00e9part imm\u00e9diat. Le <strong>CO<\/strong> s\u2019est donc rabattu sur <strong>Enzo Herv\u00e9<\/strong>, qui va s\u2019engager dans les heures \u00e0 venir.<\/p>\n<p style=\"text-align: justify;\">Alors qu\u2019il n\u2019a toujours pas jou\u00e9 la moindre minute avec <strong>Toulon<\/strong>, <strong>Enzo<\/strong> <strong>Herv\u00e9<\/strong> ne semble pas dans les plans de <strong>Pierre<\/strong> <strong>Mignoni<\/strong>. En fin de contrat avec le <strong>RCT<\/strong> l\u2019\u00e9t\u00e9 dernier, il avait activ\u00e9 son option alors que le club semblait vouloir s\u2019en s\u00e9parer. L\u2019ancien joueur de <strong>Brive<\/strong> va donc pouvoir se relancer dans le Tarn, o\u00f9 il devrait avoir beaucoup de temps de jeu.<\/p>\n<p>\u00c0 lire aussi<br \/>\n<a href=\"https:\/\/dicodusport.fr\/blog\/top-14-le-classement-des-budgets-devoile-toulouse-loin-devant-montauban\/\" class=\"vlp-link\" title=\"Top 14 : le classement des budgets d\u00e9voil\u00e9, Toulouse loin devant Montauban\" target=\"_blank\" rel=\"noopener\"><img loading=\"lazy\" decoding=\"async\" style=\"max-width: 792px;\" width=\"792\" height=\"445\" class=\"attachment-800x445 size-800x445 perfmatters-lazy\" alt=\"Top 14 le classement des budgets d\u00e9voil\u00e9, Toulouse loin devant Montauban\" src=\"https:\/\/www.europesays.com\/fr\/wp-content\/uploads\/2025\/09\/Top-14-le-classement-des-budgets-devoile-Toulouse-loin-devant-Montauban.png\"  data-\/><\/p>\n<p>Top 14 : le classement des budgets d\u00e9voil\u00e9, Toulouse loin devant Montauban<\/p>\n<p>Ce mardi, nos confr\u00e8res de Rugbyrama ont d\u00e9voil\u00e9 le classement des budgets des clubs de Top 14 pour la saison 2025-2026 du championnat de premi\u00e8re division.<\/p>\n<p>Lire l&rsquo;article<\/p>\n<p>dicodusport.fr<\/p>\n","protected":false},"excerpt":{"rendered":"TRANSFERTS RUGBY \u2013 Selon L\u2019\u00c9quipe, Enzo Herv\u00e9 quitte le RC Toulon pour s\u2019engager avec Castres comme joker m\u00e9dical.&hellip;\n","protected":false},"author":2,"featured_media":428145,"comment_status":"","ping_status":"","sticky":false,"template":"","format":"standard","meta":{"footnotes":""},"categories":[9619],"tags":[1111,11,2113,1777,674,1011,27,12,882,25,478,2310,477],"class_list":{"0":"post-428144","1":"post","2":"type-post","3":"status-publish","4":"format-standard","5":"has-post-thumbnail","7":"category-toulon","8":"tag-actu","9":"tag-actualites","10":"tag-breve","11":"tag-eu","12":"tag-europe","13":"tag-fr","14":"tag-france","15":"tag-news","16":"tag-provence-alpes-cote-dazur","17":"tag-republique-francaise","18":"tag-top-14","19":"tag-toulon","20":"tag-transferts-rugby"},"share_on_mastodon":{"url":"https:\/\/pubeurope.com\/@fr\/115292280601751029","error":""},"_links":{"self":[{"href":"https:\/\/www.europesays.com\/fr\/wp-json\/wp\/v2\/posts\/428144","targetHints":{"allow":["GET"]}}],"collection":[{"href":"https:\/\/www.europesays.com\/fr\/wp-json\/wp\/v2\/posts"}],"about":[{"href":"https:\/\/www.europesays.com\/fr\/wp-json\/wp\/v2\/types\/post"}],"author":[{"embeddable":true,"href":"https:\/\/www.europesays.com\/fr\/wp-json\/wp\/v2\/users\/2"}],"replies":[{"embeddable":true,"href":"https:\/\/www.europesays.com\/fr\/wp-json\/wp\/v2\/comments?post=428144"}],"version-history":[{"count":0,"href":"https:\/\/www.europesays.com\/fr\/wp-json\/wp\/v2\/posts\/428144\/revisions"}],"wp:featuredmedia":[{"embeddable":true,"href":"https:\/\/www.europesays.com\/fr\/wp-json\/wp\/v2\/media\/428145"}],"wp:attachment":[{"href":"https:\/\/www.europesays.com\/fr\/wp-json\/wp\/v2\/media?parent=428144"}],"wp:term":[{"taxonomy":"category","embeddable":true,"href":"https:\/\/www.europesays.com\/fr\/wp-json\/wp\/v2\/categories?post=428144"},{"taxonomy":"post_tag","embeddable":true,"href":"https:\/\/www.europesays.com\/fr\/wp-json\/wp\/v2\/tags?post=428144"}],"curies":[{"name":"wp","href":"https:\/\/api.w.org\/{rel}","templated":true}]}}