{"id":428157,"date":"2025-09-30T08:28:12","date_gmt":"2025-09-30T08:28:12","guid":{"rendered":"https:\/\/www.europesays.com\/fr\/428157\/"},"modified":"2025-09-30T08:28:12","modified_gmt":"2025-09-30T08:28:12","slug":"comment-lexpliquer-et-jusqua-quand-va-t-il-durer","status":"publish","type":"post","link":"https:\/\/www.europesays.com\/fr\/428157\/","title":{"rendered":"comment l&rsquo;expliquer et jusqu&rsquo;\u00e0 quand va-t-il durer\u00a0?"},"content":{"rendered":"<p>            Par<br \/>\n        <strong><br \/>\n            <a href=\"https:\/\/actu.fr\/auteur\/brian-legoff\" title=\"Consulter tous les articles de Brian Le Goff\" target=\"_blank\" rel=\"noopener\">Brian Le Goff<\/a><br \/>\n        <\/strong><\/p>\n<p>        Publi\u00e9 le<\/p>\n<p>            30 sept. 2025 \u00e0 10h19        <\/p>\n<p>Si vous avez cru voir flou ce matin, en jetant un regard par le fen\u00eatre au r\u00e9veil ou en sortant de chez vous, <strong>on vous rassure :<\/strong> cela ne vient pas de vous.<\/p>\n<p class=\" wall-content\">Depuis le lever du jour, mardi 30 septembre, la visibilit\u00e9 est tr\u00e8s r\u00e9duite \u00e0 <a href=\"https:\/\/actu.fr\/rennes\/\" target=\"_blank\" rel=\"noopener\">Rennes<\/a>. Un <strong>brouillard tr\u00e8s intense<\/strong> recouvre en effet la m\u00e9tropole. Comment l\u2019expliquer et jusqu\u2019\u00e0 quand va-t-il durer ?<strong> La r\u00e9ponse avec St\u00e9ven Tual,<\/strong> fondateur de <a href=\"https:\/\/www.facebook.com\/p\/Temps-Breton-61558051888132\/\" target=\"_blank\" rel=\"noopener\">Temps Breton<\/a>.<\/p>\n<p>    <img   decoding=\"async\" loading=\"lazy\" src=\"https:\/\/www.europesays.com\/fr\/wp-content\/uploads\/2025\/09\/brouillard-rennes-2-960x640.jpeg\" alt=\"\u00c0 certains endroits, on peut distinguer le soleil percer un peu le brouillard, mais sans s'imposer pour l'heure.\" width=\"960\" height=\"640\"\/><br \/>\n    \u00c0 certains endroits, on peut distinguer le soleil percer un peu le brouillard, mais sans s\u2019imposer pour l\u2019heure. (\u00a9Emma Derome \/ actu.fr)<\/p>\n<p class=\" wall-content\">D\u2019abord, au-dessus de nos t\u00eates (m\u00eame si cela ne se voit pas actuellement), nous sommes <strong>dans des conditions anticycloniques<\/strong>, de haute pression, ce qui veut dire \u00e9galement qu\u2019il y a une absence de vent.<\/p>\n<blockquote class=\"ac-article-quote wall-content\">\n<p>Avec l&rsquo;automne, les nuits sont plus fra\u00eeches et favorisent la condensation, c&rsquo;est-\u00e0-dire la pr\u00e9sence de petites gouttelettes en suspension dans l&rsquo;atmosph\u00e8re. Mais l\u00e0, on assiste \u00e0 une saturation de l&rsquo;air en humidit\u00e9.<\/p>\n<p>    <strong>St\u00e9ven Tual<\/strong><br \/>\n        Fondateur de Temps Breton    <\/p><\/blockquote>\n<p class=\" wall-content\">Ainsi, dans les basses couches de l\u2019atmosph\u00e8re, la formation d\u2019un brouillard tr\u00e8s intense a lieu. \u00ab\u00a0Par ailleurs, on parle de<strong> brouillard <\/strong>quand la <strong>visibilit\u00e9 <\/strong>est r\u00e9duite<strong> en de\u00e7\u00e0 d\u2019un kilom\u00e8tre<\/strong> et de<strong> brume<\/strong> quand la visibilit\u00e9 se situe <strong>entre 1 et 5 km\u00a0\u00bb<\/strong>, abonde St\u00e9ven Tual.<\/p>\n<p>    <img   decoding=\"async\" loading=\"lazy\" src=\"https:\/\/www.europesays.com\/fr\/wp-content\/uploads\/2025\/09\/brouillard-rennes-960x640.jpg\" alt=\"Le brouillard laissera-t-il la place \u00e0 un temps ensoleill\u00e9 dans l'apr\u00e8s-midi, mardi 30 septembre ?\" width=\"960\" height=\"640\"\/><br \/>\n    Le brouillard laissera-t-il la place \u00e0 un temps ensoleill\u00e9 dans l\u2019apr\u00e8s-midi, mardi 30 septembre ? (\u00a9Brian Le Goff \/ actu Rennes)<\/p>\n<p class=\" wall-content\">Ce temps charg\u00e9 d\u2019humidit\u00e9 <strong>concerne l\u2019Ille-et-Vilaine, le nord de la Loire-Atlantique et le Centre-Bretagne<\/strong>. \u00ab\u00a0Le brouillard, ce sont des nuages qui touchent le sol. On les appelle les <strong>Stratus<\/strong>.\u00a0\u00bb<\/p>\n<p>Votre r\u00e9gion, votre actu !<\/p>\n<p>Recevez chaque jour les infos qui comptent pour vous.<\/p>\n<p>\t<a href=\"https:\/\/actu.fr\/newsletter\" class=\"ac-btn ac-btn--corner ac-btn--medium ac-btn--blue800\" target=\"_blank\" rel=\"noopener\">S&rsquo;incrire<\/a><br \/>\nJusqu\u2019\u00e0 quand va-t-on rester dans cette atmosph\u00e8re ?<\/p>\n<p class=\" wall-content\">Interrog\u00e9 sur la dur\u00e9e de cet \u00e9pisode m\u00e9t\u00e9orologique, St\u00e9ven Tual explique que, <strong>\u00ab\u00a0pour qu\u2019un brouillard se dissipe, il faut soit du vent, soit que l\u2019atmosph\u00e8re se r\u00e9chauffe<\/strong> naturellement afin d\u2019avoir moins d\u2019humidit\u00e9 et ainsi une moins forte condensation.\u00a0\u00bb\u00a0<\/p>\n<p class=\" wall-content\">Selon lui, il est fort <strong>probable<\/strong> qu\u2019\u00e0 l\u2019aune de la <strong>mont\u00e9e des temp\u00e9ratures jusqu\u2019\u00e0 20-21 \u00b0C<\/strong> au cours de la journ\u00e9e, le brouillard se <strong>dissipe<\/strong>, \u00ab\u00a0mais il y a toujours une incertitude\u00a0\u00bb.<\/p>\n<p class=\" wall-content\">En revanche, ce <strong>temps n\u2019a rien d\u2019exceptionnel<\/strong> pour cette p\u00e9riode de l\u2019ann\u00e9e. Toutefois, ce ph\u00e9nom\u00e8ne reste impressionnant quand du jour au lendemain, on ne s\u2019y attend pas.<\/p>\n<p class=\" wall-content\">Personnalisez votre actualit\u00e9 en ajoutant vos villes et m\u00e9dias en favori avec <a href=\"https:\/\/moncompte.actu.fr\" title=\"D\u00e9couvez Mon Actu\" rel=\"nofollow noopener\" data-trk=\"{&quot;cta&quot;:{&quot;action&quot;:&quot;https:\\\/\\\/moncompte.actu.fr&quot;,&quot;category&quot;:&quot;mon compte&quot;,&quot;from&quot;:&quot;article footer&quot;,&quot;name&quot;:&quot;Mon actu&quot;,&quot;type&quot;:&quot;cta&quot;}}\" target=\"_blank\">Mon Actu<\/a>.<\/p>\n","protected":false},"excerpt":{"rendered":"Par Brian Le Goff Publi\u00e9 le 30 sept. 2025 \u00e0 10h19 Si vous avez cru voir flou ce&hellip;\n","protected":false},"author":2,"featured_media":428158,"comment_status":"","ping_status":"","sticky":false,"template":"","format":"standard","meta":{"footnotes":""},"categories":[2821],"tags":[1111,11,829,1777,674,1011,27,2487,2357,12,584,25],"class_list":{"0":"post-428157","1":"post","2":"type-post","3":"status-publish","4":"format-standard","5":"has-post-thumbnail","7":"category-rennes","8":"tag-actu","9":"tag-actualites","10":"tag-bretagne","11":"tag-eu","12":"tag-europe","13":"tag-fr","14":"tag-france","15":"tag-meteo","16":"tag-meteo-france","17":"tag-news","18":"tag-rennes","19":"tag-republique-francaise"},"share_on_mastodon":{"url":"https:\/\/pubeurope.com\/@fr\/115292308870962165","error":""},"_links":{"self":[{"href":"https:\/\/www.europesays.com\/fr\/wp-json\/wp\/v2\/posts\/428157","targetHints":{"allow":["GET"]}}],"collection":[{"href":"https:\/\/www.europesays.com\/fr\/wp-json\/wp\/v2\/posts"}],"about":[{"href":"https:\/\/www.europesays.com\/fr\/wp-json\/wp\/v2\/types\/post"}],"author":[{"embeddable":true,"href":"https:\/\/www.europesays.com\/fr\/wp-json\/wp\/v2\/users\/2"}],"replies":[{"embeddable":true,"href":"https:\/\/www.europesays.com\/fr\/wp-json\/wp\/v2\/comments?post=428157"}],"version-history":[{"count":0,"href":"https:\/\/www.europesays.com\/fr\/wp-json\/wp\/v2\/posts\/428157\/revisions"}],"wp:featuredmedia":[{"embeddable":true,"href":"https:\/\/www.europesays.com\/fr\/wp-json\/wp\/v2\/media\/428158"}],"wp:attachment":[{"href":"https:\/\/www.europesays.com\/fr\/wp-json\/wp\/v2\/media?parent=428157"}],"wp:term":[{"taxonomy":"category","embeddable":true,"href":"https:\/\/www.europesays.com\/fr\/wp-json\/wp\/v2\/categories?post=428157"},{"taxonomy":"post_tag","embeddable":true,"href":"https:\/\/www.europesays.com\/fr\/wp-json\/wp\/v2\/tags?post=428157"}],"curies":[{"name":"wp","href":"https:\/\/api.w.org\/{rel}","templated":true}]}}