{"id":428165,"date":"2025-09-30T08:32:11","date_gmt":"2025-09-30T08:32:11","guid":{"rendered":"https:\/\/www.europesays.com\/fr\/428165\/"},"modified":"2025-09-30T08:32:11","modified_gmt":"2025-09-30T08:32:11","slug":"universite-cote-dazur-place-la-sante-durable-au-coeur-de-son-projet","status":"publish","type":"post","link":"https:\/\/www.europesays.com\/fr\/428165\/","title":{"rendered":"Universit\u00e9 C\u00f4te d\u2019Azur place la sant\u00e9 durable au c\u0153ur de son projet (\u2026)"},"content":{"rendered":"<p>                    <img loading=\"lazy\" decoding=\"async\" src=\"https:\/\/www.europesays.com\/fr\/wp-content\/uploads\/2025\/09\/651eb51aec556e81afcd51d9596a3d.jpg\" class=\"img-responsive post-image\" width=\"680\" height=\"510\" alt=\"Universit\u00e9 C\u00f4te d'Azur\" title=\"Universit\u00e9 C\u00f4te d'Azur place la sant\u00e9 durable au c\u0153ur de son projet d'\u00e9tablissement\"\/><\/p>\n<p class=\"chapo\">Universit\u00e9 C\u00f4te d\u2019Azur a officiellement adopt\u00e9, le 26 septembre, les principes de la Charte de l\u2019Okanagan et lanc\u00e9 son projet \u00ab\u00a0UniCA promotrice de sant\u00e9 durable\u00a0\u00bb. L\u2019\u00e9tablissement devient ainsi l\u2019une des premi\u00e8res universit\u00e9s fran\u00e7aises \u00e0 inscrire la promotion de la sant\u00e9 durable dans toutes ses missions\u00a0: formation, recherche, vie universitaire, ressources humaines et am\u00e9nagement des campus.<\/p>\n<p>                    Une vision globale et transformatrice<\/p>\n<p>L\u2019universit\u00e9 s\u2019appuie sur une approche \u00e9largie de la sant\u00e9, int\u00e9grant ses dimensions physiques, mentales, sociales, culturelles et environnementales. Cette orientation s\u2019inscrit dans l\u2019axe strat\u00e9gique \u00ab\u00a0Agir pour la sant\u00e9 et le bien-\u00eatre de chacun\u00a0\u00bb.<br class=\"autobr\"\/><br \/>\n\u00ab\u00a0En inscrivant la sant\u00e9 durable au c\u0153ur de notre projet d\u2019\u00e9tablissement, nous affirmons une conviction forte\u00a0: la r\u00e9ussite et l\u2019\u00e9panouissement de nos \u00e9tudiants et personnels d\u00e9pendent d\u2019environnements de vie, d\u2019\u00e9tude et de travail favorables au bien-\u00eatre. Faire de la sant\u00e9 un levier strat\u00e9gique, c\u2019est transformer notre universit\u00e9 pour qu\u2019elle soit plus inclusive, r\u00e9siliente et actrice du d\u00e9veloppement durable de son territoire\u00a0\u00bb, explique <strong>Jeanick Brisswalter,<\/strong> pr\u00e9sident d\u2019Universit\u00e9 C\u00f4te d\u2019Azur.<\/p>\n<p>Trois engagements structurants<\/p>\n<p>Le projet \u00ab\u00a0UniCA promotrice de sant\u00e9 durable\u00a0\u00bb repose sur trois axes prioritaires\u00a0:<br class=\"autobr\"\/><br \/>\n<strong>&#8211; Cr\u00e9er des environnements favorables \u00e0 la sant\u00e9 et au bien-\u00eatre<\/strong>\u00a0: am\u00e9lioration des conditions d\u2019\u00e9tude et de travail, pr\u00e9vention des risques psychosociaux, lutte contre la pr\u00e9carit\u00e9 \u00e9tudiante, acc\u00e8s \u00e0 une alimentation saine, encouragement de l\u2019activit\u00e9 physique et valorisation de la culture comme facteur de bien-\u00eatre.<br class=\"autobr\"\/><br \/>\n<strong>&#8211; D\u00e9ployer une offre de soins et de soutien accessible et coordonn\u00e9e<\/strong>\u00a0: d\u00e9veloppement de la t\u00e9l\u00e9consultation, accompagnement des publics vuln\u00e9rables et renforcement des dispositifs de pr\u00e9vention et d\u2019\u00e9coute.<br class=\"autobr\"\/><br \/>\n<strong>&#8211; Renforcer l\u2019impact par la coop\u00e9ration et la recherche<\/strong>\u00a0: adossement scientifique des actions, co-construction avec la communaut\u00e9 et participation active aux r\u00e9seaux nationaux et internationaux.<\/p>\n<p>Pour <strong>David Darmon<\/strong>, vice-pr\u00e9sident sant\u00e9 de l\u2019\u00e9tablissement, \u00ab\u00a0 le projet Universit\u00e9 C\u00f4te d\u2019Azur promotrice de sant\u00e9 durable incarne la volont\u00e9 de notre \u00e9tablissement d\u2019avoir une action coh\u00e9rente et f\u00e9d\u00e9ratrice pour promouvoir la sant\u00e9 dans toutes ses dimensions et cela en incluant la recherche et l\u2019enseignement. (\u2026) Ce projet sera un soutien aux initiatives concr\u00e8tes en faveur de la sant\u00e9 globale et un catalyseur de mise en lien entre des porteurs d\u2019initiatives et tous les membres de notre communaut\u00e9.\u00a0\u00bb<\/p>\n<p>Une d\u00e9marche collective et scientifique<\/p>\n<p>La dimension collaborative est au c\u0153ur de cette strat\u00e9gie. \u00ab\u00a0\u201cUniCA promotrice de sant\u00e9 durable\u201d repose sur une approche fond\u00e9e sur l\u2019\u00e9vidence scientifique et sur la co-construction avec notre communaut\u00e9 universitaire. En articulant recherche, action et participation, nous souhaitons faire de la sant\u00e9 un vecteur de coh\u00e9sion, de performance et de sens. (\u2026) En contribuant \u00e0 la mise en place d\u2019un r\u00e9seau des Universit\u00e9s Promotrices de Sant\u00e9, Universit\u00e9 C\u00f4te d\u2019Azur affirme son engagement pour une transformation syst\u00e9mique du monde acad\u00e9mique autour du bien-\u00eatre et de la sant\u00e9 durable\u00a0\u00bb, souligne <strong>Fabienne d\u2019Arripe-Longueville, <\/strong> vice-pr\u00e9sidente Ressources Humaines.<\/p>\n<p>Un engagement local et international<\/p>\n<p>En rejoignant le r\u00e9seau international des universit\u00e9s promotrices de sant\u00e9 et en participant \u00e0 la structuration d\u2019un r\u00e9seau national en France, Universit\u00e9 C\u00f4te d\u2019Azur confirme sa volont\u00e9 d\u2019assumer une responsabilit\u00e9 soci\u00e9tale forte. L\u2019\u00e9tablissement entend ainsi contribuer au d\u00e9veloppement durable de son territoire tout en s\u2019inscrivant dans une dynamique globale en faveur du bien-\u00eatre et de la sant\u00e9 durable.<\/p>\n<p>Visuel de Une\u00a0: Jeanick Brisswalter signant la convention de l\u2019Okanagan le 26 septembre 2025 \u00a9Universit\u00e9 C\u00f4te d\u2019Azur<\/p>\n","protected":false},"excerpt":{"rendered":"Universit\u00e9 C\u00f4te d\u2019Azur a officiellement adopt\u00e9, le 26 septembre, les principes de la Charte de l\u2019Okanagan et lanc\u00e9&hellip;\n","protected":false},"author":2,"featured_media":428166,"comment_status":"","ping_status":"","sticky":false,"template":"","format":"standard","meta":{"footnotes":""},"categories":[2819],"tags":[1111,11,2408,1777,674,1011,27,12,2401,882,25],"class_list":{"0":"post-428165","1":"post","2":"type-post","3":"status-publish","4":"format-standard","5":"has-post-thumbnail","7":"category-nice","8":"tag-actu","9":"tag-actualites","10":"tag-appels-d","11":"tag-eu","12":"tag-europe","13":"tag-fr","14":"tag-france","15":"tag-news","16":"tag-nice","17":"tag-provence-alpes-cote-dazur","18":"tag-republique-francaise"},"share_on_mastodon":{"url":"https:\/\/pubeurope.com\/@fr\/115292324006133805","error":""},"_links":{"self":[{"href":"https:\/\/www.europesays.com\/fr\/wp-json\/wp\/v2\/posts\/428165","targetHints":{"allow":["GET"]}}],"collection":[{"href":"https:\/\/www.europesays.com\/fr\/wp-json\/wp\/v2\/posts"}],"about":[{"href":"https:\/\/www.europesays.com\/fr\/wp-json\/wp\/v2\/types\/post"}],"author":[{"embeddable":true,"href":"https:\/\/www.europesays.com\/fr\/wp-json\/wp\/v2\/users\/2"}],"replies":[{"embeddable":true,"href":"https:\/\/www.europesays.com\/fr\/wp-json\/wp\/v2\/comments?post=428165"}],"version-history":[{"count":0,"href":"https:\/\/www.europesays.com\/fr\/wp-json\/wp\/v2\/posts\/428165\/revisions"}],"wp:featuredmedia":[{"embeddable":true,"href":"https:\/\/www.europesays.com\/fr\/wp-json\/wp\/v2\/media\/428166"}],"wp:attachment":[{"href":"https:\/\/www.europesays.com\/fr\/wp-json\/wp\/v2\/media?parent=428165"}],"wp:term":[{"taxonomy":"category","embeddable":true,"href":"https:\/\/www.europesays.com\/fr\/wp-json\/wp\/v2\/categories?post=428165"},{"taxonomy":"post_tag","embeddable":true,"href":"https:\/\/www.europesays.com\/fr\/wp-json\/wp\/v2\/tags?post=428165"}],"curies":[{"name":"wp","href":"https:\/\/api.w.org\/{rel}","templated":true}]}}