{"id":428169,"date":"2025-09-30T08:34:27","date_gmt":"2025-09-30T08:34:27","guid":{"rendered":"https:\/\/www.europesays.com\/fr\/428169\/"},"modified":"2025-09-30T08:34:27","modified_gmt":"2025-09-30T08:34:27","slug":"carquefou-cinq-rencontres-de-quartiers-organisees-du-6-au-15-octobre","status":"publish","type":"post","link":"https:\/\/www.europesays.com\/fr\/428169\/","title":{"rendered":"Carquefou. Cinq rencontres de quartiers organis\u00e9es du 6 au 15\u00a0octobre"},"content":{"rendered":"<p>Comme chaque ann\u00e9e, l\u2019\u00e9quipe municipale invite les Carquefoliens \u00e0 des r\u00e9unions aux cours desquelles sont recueillis l\u2019avis et les dol\u00e9ances des habitants.<\/p>\n<p>Temps d\u2019informations et d\u2019\u00e9changes entre habitants, \u00e9lus et services municipaux, ces rencontres permettent chaque ann\u00e9e d\u2019aborder les sujets structurants, les actualit\u00e9s, les probl\u00e9matiques propres \u00e0 chaque secteur mais aussi de recueillir l\u2019avis des habitants et d\u2019apporter des r\u00e9ponses op\u00e9rationnelles.<\/p>\n<p>Apr\u00e8s des informations th\u00e9matiques sur les grands projets de la Ville, les actions solidaires, le budget participatif et les actualit\u00e9s du moment, les rencontres se concentreront sur des points sp\u00e9cifiques \u00e0 chacun des secteurs.<\/p>\n<p>Le calendrier est le suivant\u00a0:<\/p>\n<p>&#8211; le <strong>lundi 6\u00a0octobre<\/strong> ce seront les habitants des quartiers Madeleine et Picaudi\u00e8re de se retrouver \u00e0 20\u00a0h salle de la D\u00e9sirade.<\/p>\n<p>&#8211; le <strong>mercredi 8\u00a0octobre<\/strong> les quartiers Housseau, Ch\u00eane Vert, Br\u00e9cheti\u00e8re, \u00c9pinay, P\u00e9pini\u00e8re, Savaudi\u00e8re, Fauveli\u00e8re et Rivi\u00e8res se retrouveront \u00e0 20\u00a0h \u00e0 l\u2019H\u00f4tel de Ville.<\/p>\n<p>&#8211; le <strong>jeudi 9\u00a0octobre<\/strong> les quartiers Fleuriaye, Souchais, Monceaux\u2026 de se retrouver salle du Puy d\u2019Arl\u00e8ze \u00e0 20\u00a0h.<\/p>\n<p>&#8211; le <strong>lundi 13\u00a0octobre<\/strong>\u00a0: Centre-ville, Bois Saint-Lys, Moulin Boisseau \u00e0 20\u00a0h, \u00e0 H\u00f4tel de Ville.<\/p>\n<p>Pour conclure ce cycle de rendez-vous, les quartiers et villages\u00a0( Tourni\u00e8re, Pintini\u00e8re, Gouach\u00e8re, Tacti\u00e8re, \u00c9peau, La Salle, Le Chemin Nantais, Charmeli\u00e8re, Provoti\u00e8re, Gralan, La Vincendi\u00e8re) se r\u00e9uniront le <strong>mercredi 15\u00a0octobre,<\/strong> \u00e0 20\u00a0h au Centre de Secours (SDIS).<\/p>\n<p>\u00a0<\/p>\n","protected":false},"excerpt":{"rendered":"Comme chaque ann\u00e9e, l\u2019\u00e9quipe municipale invite les Carquefoliens \u00e0 des r\u00e9unions aux cours desquelles sont recueillis l\u2019avis et&hellip;\n","protected":false},"author":2,"featured_media":428170,"comment_status":"","ping_status":"","sticky":false,"template":"","format":"standard","meta":{"footnotes":""},"categories":[2818],"tags":[9284,28015,1111,11,3862,1777,674,1011,27,766,12,7518,20992,2636,5116,10270,25],"class_list":{"0":"post-428169","1":"post","2":"type-post","3":"status-publish","4":"format-standard","5":"has-post-thumbnail","7":"category-nantes","8":"tag-9284","9":"tag-28015","10":"tag-actu","11":"tag-actualites","12":"tag-carquefou","13":"tag-eu","14":"tag-europe","15":"tag-fr","16":"tag-france","17":"tag-nantes","18":"tag-news","19":"tag-octobre","20":"tag-organisees","21":"tag-pays-de-la-loire","22":"tag-quartiers","23":"tag-rencontres","24":"tag-republique-francaise"},"share_on_mastodon":{"url":"https:\/\/pubeurope.com\/@fr\/115292331468498523","error":""},"_links":{"self":[{"href":"https:\/\/www.europesays.com\/fr\/wp-json\/wp\/v2\/posts\/428169","targetHints":{"allow":["GET"]}}],"collection":[{"href":"https:\/\/www.europesays.com\/fr\/wp-json\/wp\/v2\/posts"}],"about":[{"href":"https:\/\/www.europesays.com\/fr\/wp-json\/wp\/v2\/types\/post"}],"author":[{"embeddable":true,"href":"https:\/\/www.europesays.com\/fr\/wp-json\/wp\/v2\/users\/2"}],"replies":[{"embeddable":true,"href":"https:\/\/www.europesays.com\/fr\/wp-json\/wp\/v2\/comments?post=428169"}],"version-history":[{"count":0,"href":"https:\/\/www.europesays.com\/fr\/wp-json\/wp\/v2\/posts\/428169\/revisions"}],"wp:featuredmedia":[{"embeddable":true,"href":"https:\/\/www.europesays.com\/fr\/wp-json\/wp\/v2\/media\/428170"}],"wp:attachment":[{"href":"https:\/\/www.europesays.com\/fr\/wp-json\/wp\/v2\/media?parent=428169"}],"wp:term":[{"taxonomy":"category","embeddable":true,"href":"https:\/\/www.europesays.com\/fr\/wp-json\/wp\/v2\/categories?post=428169"},{"taxonomy":"post_tag","embeddable":true,"href":"https:\/\/www.europesays.com\/fr\/wp-json\/wp\/v2\/tags?post=428169"}],"curies":[{"name":"wp","href":"https:\/\/api.w.org\/{rel}","templated":true}]}}