{"id":428177,"date":"2025-09-30T08:38:12","date_gmt":"2025-09-30T08:38:12","guid":{"rendered":"https:\/\/www.europesays.com\/fr\/428177\/"},"modified":"2025-09-30T08:38:12","modified_gmt":"2025-09-30T08:38:12","slug":"passer-le-permis-de-conduire-a-toulouse-est-un-enfer-les-auto-ecoles-en-greve","status":"publish","type":"post","link":"https:\/\/www.europesays.com\/fr\/428177\/","title":{"rendered":"passer le permis de conduire \u00e0 Toulouse est un enfer, les auto-\u00e9coles en gr\u00e8ve"},"content":{"rendered":"<p>            Par<br \/>\n        <strong><br \/>\n            <a href=\"https:\/\/actu.fr\/auteur\/mareva-laville-actu-fr\" title=\"Consulter tous les articles de Mar\u00e9va Laville\" target=\"_blank\" rel=\"noopener\">Mar\u00e9va Laville<\/a><br \/>\n        <\/strong><\/p>\n<p>        Publi\u00e9 le<\/p>\n<p>            30 sept. 2025 \u00e0 10h02        <\/p>\n<p>La date du 29 septembre 2025 r\u00e9sonnait dans toutes les<strong> auto-\u00e9coles syndiqu\u00e9es de <a href=\"http:\/\/www.actu.fr\/toulouse\" target=\"_blank\" rel=\"noopener\">Toulouse<\/a>.<\/strong> Elles ont \u00e9t\u00e9 appel\u00e9es, si elles le peuvent, \u00e0 <a href=\"https:\/\/actu.fr\/ile-de-france\/paris_75056\/les-auto-ecoles-veulent-bloquer-paris-la-manifestation-pourraient-creer-une-belle-pagaille-dans-la-capitale_63223550.html\" target=\"_blank\" rel=\"noopener\">manifester \u00e0 Paris<\/a> pour la premi\u00e8re fois <a href=\"https:\/\/actu.fr\/societe\/auto-ecole-pourquoi-les-moniteurs-et-examinateurs-manifestent-ensemble-ce-lundi_63219527.html\" target=\"_blank\" rel=\"noopener\">de mani\u00e8re conjointe avec les inspecteurs<\/a>. Leur cheval de bataille\u2009? Les <strong>d\u00e9lais de passage \u00e0 l\u2019examen du permis de conduire<\/strong> beaucoup trop longs.<\/p>\n<p>Entre 4 et 6\u00a0mois d\u2019attente entre deux passages<\/p>\n<p class=\" wall-content\">\u00ab\u2009Surtout lorsqu\u2019il y a un \u00e9chec\u2009! C\u2019est entre quatre et six mois d\u2019attente en fonction du nombre de formateurs pour pouvoir repasser l\u2019examen\u2009\u00bb, explique<strong> Yann Thomas, \u00e9lu au niveau d\u00e9partemental du syndicat des m\u00e9tiers de l\u2019automobile, Mobilians,<\/strong> et patron de deux auto-\u00e9coles \u00e0 Toulouse et Saint-Paul-sur-Save. C\u2019est moins qu\u2019en \u00cele-de-France o\u00f9 il faut patienter entre six et huit mois, mais c\u2019est tout de m\u00eame \u00e9lev\u00e9. \u00ab\u2009Les d\u00e9lais ne cessent d\u2019accro\u00eetre\u2009\u00bb.<\/p>\n<p class=\" wall-content\">L\u2019affaire concerne essentiellement les \u00e9l\u00e8ves qui passent le <strong>permis B classique,<\/strong> sans conduite supervis\u00e9e ni conduite accompagn\u00e9e. Ceux-l\u00e0 sont un peu plus de 50\u2009% \u00e0 rater leur premier passage \u00e0 l\u2019examen, tandis que 80\u2009% des conducteurs accompagn\u00e9s l\u2019obtiennent haut la main. Et c\u2019est l\u00e0 que le b\u00e2t blesse\u2026<\/p>\n<p>Les candidats aux permis B classique de plus en plus nombreux<\/p>\n<p class=\" wall-content\">Les amateurs de<strong> la formule classique<\/strong> \u2013 mais plus rapide \u2013 sont <strong>de plus en plus nombreux.<\/strong> Apr\u00e8s la <a href=\"https:\/\/actu.fr\/societe\/coronavirus\/c-est-une-nouvelle-vague-le-rebond-du-covid-19-confirme-en-france-le-variant-xfg-en-cause_63211142.html\" target=\"_blank\" rel=\"noopener\">pand\u00e9mie de Covid<\/a>, deux nouveaux profils se sont ajout\u00e9s aux \u00e9tudiants lambda et conduites accompagn\u00e9es\u2009: les tr\u00e8s jeunes, pouvant d\u00e9sormais passer le <strong>permis \u00e0 17\u00a0ans,<\/strong> et les candidats pass\u00e9s par leur <strong>compte professionnel de formation (CPF).<\/strong><\/p>\n<p class=\" wall-content\">\u00ab\u2009Plut\u00f4t que de passer le permis \u00e0 18\u00a0ans en m\u00eame temps que le bac, les jeunes pr\u00e9f\u00e8rent anticiper. On a une augmentation de 30 \u00e0 40\u2009% de tr\u00e8s jeunes inscrits\u2009\u00bb, explique Yann Thomas, directeur de Stop Auto-\u00e9cole. Et puis de l\u2019autre c\u00f4t\u00e9 de la majorit\u00e9, il y a ceux qui ne s\u2019\u00e9taient pas lanc\u00e9s dans l\u2019aventure du permis de conduire, faute de moyens \u00e9tant plus jeunes. Ils profitent dor\u00e9navant du compte CPF pour s\u2019offrir le pr\u00e9cieux papier.<\/p>\n<p>Vid\u00e9os : en ce moment sur ActuLe compte CPF, machine \u00e0 permis de conduire\u2009?<\/p>\n<p class=\" wall-content\">C\u2019est le cas de Gr\u00e9gory, interrog\u00e9 par Actu Toulouse. \u00c0 25 ans, ce jeune g\u00e9rant en restauration, a clairement saisi l\u2019opportunit\u00e9 du compte CPF pour passer son permis cette ann\u00e9e. S\u00e9same pour d\u00e9m\u00e9nager en p\u00e9riph\u00e9rie de Toulouse et se rapprocher de son travail.<\/p>\n<blockquote class=\"ac-article-quote wall-content\">\n<p>Vu les prix pour passer le permis, sans CPF, je me serais pass\u00e9 de le faire. Et je pense que je ne suis pas le seul, d&rsquo;autant plus qu&rsquo;on habite dans une grande ville donc ce n&rsquo;est pas la priorit\u00e9. L\u00e0, j&rsquo;ai d\u00e9pens\u00e9 que 100 \u20ac sur les 1 600 \u20ac de formation gr\u00e2ce \u00e0 mon compte.<\/p>\n<p>    <strong>Gr\u00e9gory<\/strong>\n            <\/p><\/blockquote>\n<p>Votre r\u00e9gion, votre actu !<\/p>\n<p>Recevez chaque jour les infos qui comptent pour vous.<\/p>\n<p>\t<a href=\"https:\/\/actu.fr\/newsletter\" class=\"ac-btn ac-btn--corner ac-btn--medium ac-btn--blue800\" target=\"_blank\" rel=\"noopener\">S&rsquo;incrire<\/a><\/p>\n<p class=\" wall-content\">\u00c0 ce prix, le jeune actif s\u2019est m\u00eame accord\u00e9 le maximum\u2009: un forfait de 30\u00a0heures. La moyenne, en r\u00e9alit\u00e9, pour apprendre \u00e0 conduire dans une ville comme Toulouse o\u00f9 pi\u00e9tons, trottinettes, cyclistes et voitures cohabitent.<\/p>\n<p class=\" wall-content\">Il a bien fait de voir large. Car celui qui a obtenu son code de la route au mois de mai doit encore patienter jusqu\u2019\u00e0 la mi-octobre pour tenter l\u2019examen. \u00ab<strong>\u2009J\u2019ai d\u00fb attendre deux mois d\u00e9j\u00e0 pour trouver un moniteur<\/strong> [via une application], et apr\u00e8s mes 20\u00a0heures de conduite, j\u2019avais une date <a href=\"https:\/\/actu.fr\/occitanie\/toulouse_31555\/greve-du-18-septembre-trace-horaires-organisation-tout-savoir-sur-la-manif-a-toulouse_63161881.html\" target=\"_blank\" rel=\"noopener\">le 18\u00a0septembre<\/a>, mais elle a \u00e9t\u00e9 annul\u00e9e <a href=\"https:\/\/actu.fr\/occitanie\/toulouse_31555\/greve-du-18-septembre-entre-18-000-et-40-000-personnes-rassemblees-dans-les-rues-de-toulouse_63181496.html#:~:text=du%2018%20septembre.-,Entre%2018%20000%20et%2040%20000%20personnes%20rassembl%C3%A9es%20dans%20les,manifestation%20lanc%C3%A9e%20par%20l&#039;intersyndicale.\" target=\"_blank\" rel=\"noopener\">\u00e0 cause des manifestations<\/a>\u2009\u00bb, raconte Gr\u00e9gory.<\/p>\n<p class=\" wall-content\">Lui, a eu de la chance et a pu reprogrammer son examen un mois plus tard, tout en continuant \u00e0 \u00e9couler ses heures de conduite. Mais tous ne peuvent pas en dire de m\u00eame.<\/p>\n<p>\u00ab\u2009Certains roulent sans permis en attendant\u2009\u00bb<\/p>\n<p class=\" wall-content\">Faute de place, certains doivent attendre <strong>jusqu\u2019\u00e0 six mois<\/strong>. Et payer, de nouveau, des heures de conduite, dans le cas o\u00f9 ils ne pourraient pas passer en conduite supervis\u00e9e\u2026.<\/p>\n<blockquote class=\"ac-article-quote wall-content\">\n<p>Six mois, c&rsquo;est beaucoup pour celui qui a besoin de son permis pour trouver un travail ! R\u00e9sultat, certains roulent sans permis en attendant.<\/p>\n<p>    <strong> Yann Thomas<\/strong><br \/>\n        \u00e9lu Mobilians au d\u00e9partement de Haute-Garonne     <\/p><\/blockquote>\n<p>Une vingtaine d\u2019inspecteurs \u00e0 Toulouse (seulement)<\/p>\n<p class=\" wall-content\">La Ville rose compte <strong>22 inspecteurs<\/strong>. Un nombre qui ne r\u00e9pond pas \u00e0 la demande. \u00ab\u2009Tous ne sont pas \u00e0 plein temps et \u00e0 plein temps, \u00e7a correspond \u00e0 10 ou 12 places par jour. Par rapport au nombre d\u2019inscriptions, <strong>ce n\u2019est pas suffisant\u2009!\u2009\u00bb<\/strong>, bl\u00e2me le g\u00e9rant d\u2019\u00e9coles de conduites toulousaines. \u00ab\u2009Voil\u00e0 pourquoi les auto-\u00e9coles disent \u2018\u00e7a suffit\u2009!\u2019\u2009\u00bb<\/p>\n<p class=\" wall-content\">Et elles ne sont pas les seules. Les inspecteurs aussi d\u00e9noncent <strong>un syst\u00e8me \u00ab\u2009\u00e0 la limite de l\u2019implosion<\/strong>\u2009\u00bb. Si 102 postes ont \u00e9t\u00e9 pourvus cette ann\u00e9e au niveau national, \u00ab\u2009\u00e7a ne reste qu\u2019une ou deux personnes de plus sur Toulouse\u2009\u00bb, glisse l\u2019\u00e9lu syndical. Encore pas assez\u2026<\/p>\n<p class=\" wall-content\">Lui serait davantage partisan de trouver d\u2019autres solutions. Commencer la conduite accompagn\u00e9e \u00e0 14\u00a0ans ou, a minima, ouvrir la conduite supervis\u00e9e aux candidats de 17\u00a0ans \u2013 contre 18\u00a0ans actuellement, NDLR -, par exemple. Une mani\u00e8re temporaire de se d\u00e9placer, en attendant une prochaine date d\u2019examen. \u00c0 condition d\u2019avoir un accompagnateur et une voiture\u2026<\/p>\n<p class=\" wall-content\">Personnalisez votre actualit\u00e9 en ajoutant vos villes et m\u00e9dias en favori avec <a href=\"https:\/\/moncompte.actu.fr\" title=\"D\u00e9couvez Mon Actu\" rel=\"nofollow noopener\" data-trk=\"{&quot;cta&quot;:{&quot;action&quot;:&quot;https:\\\/\\\/moncompte.actu.fr&quot;,&quot;category&quot;:&quot;mon compte&quot;,&quot;from&quot;:&quot;article footer&quot;,&quot;name&quot;:&quot;Mon actu&quot;,&quot;type&quot;:&quot;cta&quot;}}\" target=\"_blank\">Mon Actu<\/a>.<\/p>\n","protected":false},"excerpt":{"rendered":"Par Mar\u00e9va Laville Publi\u00e9 le 30 sept. 2025 \u00e0 10h02 La date du 29 septembre 2025 r\u00e9sonnait dans&hellip;\n","protected":false},"author":2,"featured_media":428178,"comment_status":"","ping_status":"","sticky":false,"template":"","format":"standard","meta":{"footnotes":""},"categories":[2816],"tags":[1111,11,1777,674,1011,27,6151,12,2680,5007,25,104,2312],"class_list":{"0":"post-428177","1":"post","2":"type-post","3":"status-publish","4":"format-standard","5":"has-post-thumbnail","7":"category-toulouse","8":"tag-actu","9":"tag-actualites","10":"tag-eu","11":"tag-europe","12":"tag-fr","13":"tag-france","14":"tag-greve","15":"tag-news","16":"tag-occitanie","17":"tag-permis-de-conduire","18":"tag-republique-francaise","19":"tag-societe","20":"tag-toulouse"},"share_on_mastodon":{"url":"https:\/\/pubeurope.com\/@fr\/115292347260873984","error":""},"_links":{"self":[{"href":"https:\/\/www.europesays.com\/fr\/wp-json\/wp\/v2\/posts\/428177","targetHints":{"allow":["GET"]}}],"collection":[{"href":"https:\/\/www.europesays.com\/fr\/wp-json\/wp\/v2\/posts"}],"about":[{"href":"https:\/\/www.europesays.com\/fr\/wp-json\/wp\/v2\/types\/post"}],"author":[{"embeddable":true,"href":"https:\/\/www.europesays.com\/fr\/wp-json\/wp\/v2\/users\/2"}],"replies":[{"embeddable":true,"href":"https:\/\/www.europesays.com\/fr\/wp-json\/wp\/v2\/comments?post=428177"}],"version-history":[{"count":0,"href":"https:\/\/www.europesays.com\/fr\/wp-json\/wp\/v2\/posts\/428177\/revisions"}],"wp:featuredmedia":[{"embeddable":true,"href":"https:\/\/www.europesays.com\/fr\/wp-json\/wp\/v2\/media\/428178"}],"wp:attachment":[{"href":"https:\/\/www.europesays.com\/fr\/wp-json\/wp\/v2\/media?parent=428177"}],"wp:term":[{"taxonomy":"category","embeddable":true,"href":"https:\/\/www.europesays.com\/fr\/wp-json\/wp\/v2\/categories?post=428177"},{"taxonomy":"post_tag","embeddable":true,"href":"https:\/\/www.europesays.com\/fr\/wp-json\/wp\/v2\/tags?post=428177"}],"curies":[{"name":"wp","href":"https:\/\/api.w.org\/{rel}","templated":true}]}}