{"id":428181,"date":"2025-09-30T08:40:11","date_gmt":"2025-09-30T08:40:11","guid":{"rendered":"https:\/\/www.europesays.com\/fr\/428181\/"},"modified":"2025-09-30T08:40:11","modified_gmt":"2025-09-30T08:40:11","slug":"jeu-concours-20-places-a-gagner-pour-la-conference-de-votre-choix-avec-luniversite-catholique-de-lille","status":"publish","type":"post","link":"https:\/\/www.europesays.com\/fr\/428181\/","title":{"rendered":"Jeu-concours. 20 places \u00e0 gagner pour la conf\u00e9rence de votre choix avec l\u2019Universit\u00e9 catholique de Lille"},"content":{"rendered":"<p>            Par<br \/>\n        <strong><br \/>\n            <a href=\"https:\/\/actu.fr\/auteur\/nicolas-demollien\" title=\"Consulter tous les articles de Nicolas Demollien\" target=\"_blank\" rel=\"noopener\">Nicolas Demollien<\/a><br \/>\n        <\/strong><\/p>\n<p>        Publi\u00e9 le<\/p>\n<p>            30 sept. 2025 \u00e0 10h06        <\/p>\n<p>L\u2019<a href=\"https:\/\/actu.fr\/tag\/universite-catholique-de-lille\" target=\"_blank\" rel=\"noopener\">Universit\u00e9 catholique de Lille<\/a> (Nord) organise son <b>grand festival du futur ECOPOSS<\/b> du jeudi\u00a09 au dimanche 12\u00a0octobre 2025 avec, entre autres, de <b>magnifiques talks<\/b>. Les organisateurs ont d\u00e9cid\u00e9 de permettre aux lecteurs de Lille Actu de <b>remporter 20 places (2\u00d710)<\/b> pour l\u2019un d\u2019entre eux.<\/p>\n<p>Comment gagner vos places pour la conf\u00e9rence de votre choix\u2009?<\/p>\n<p class=\" wall-content\">Il vous suffit pour cela de nous faire parvenir vos coordonn\u00e9es (nom, pr\u00e9nom, adresse mail et num\u00e9ro de t\u00e9l\u00e9phone) via le formulaire ci-dessous, en indiquant votre choix parmi les quatre talks suivants avec des intervenants comme Cyrus North, Christian Clot ou Nans Thomassey\u2009:<\/p>\n<ol class=\" wall-content\">\n<li><b>Vendredi 10\u00a0octobre \u00e0 16\u2009h\u2009:<\/b> Comment devenir riche\u2009? Red\u00e9finir notre richesse\u2026<\/li>\n<li><b>Samedi 11\u00a0octobre \u00e0 10\u2009h\u200930\u2009:<\/b> Qui seront les nouveaux ma\u00eetres du monde\u2009? Europe, Chine, \u00c9tats-Unis, GAFAM\u2026\u2009? Pr\u00e9parez-vous pour 2050.<\/li>\n<li><b>Samedi 11\u00a0octobre \u00e0 14\u2009h\u2009:<\/b> Peut-on \u00eatre heureux sans faire le tour du monde\u2009? Moins de carbone, plus de rencontre.<\/li>\n<li><b>Dimanche 12\u00a0octobre \u00e0 11\u2009h\u2009:<\/b> Vivre ou survivre\u2009: explorons tout notre potentiel\u2009! Aventure, adaptation et int\u00e9riorit\u00e9.<\/li>\n<\/ol>\n<p class=\" wall-content\">Un tirage au sort d\u00e9finira les gagnants.<\/p>\n<p class=\" wall-content\">D\u00e9couvrez \u00e9galement plus de 200 rendez-vous gratuits, expos, ateliers, etc. Plus d\u2019infos sur le site <a href=\"https:\/\/www.univ-catholille.fr\/evenements\/festival-ecoposs\/\" target=\"_blank\" rel=\"noopener\">univ-catholille.fr<\/a>.<\/p>\n<p class=\" wall-content\">Personnalisez votre actualit\u00e9 en ajoutant vos villes et m\u00e9dias en favori avec <a href=\"https:\/\/moncompte.actu.fr\" title=\"D\u00e9couvez Mon Actu\" rel=\"nofollow noopener\" data-trk=\"{&quot;cta&quot;:{&quot;action&quot;:&quot;https:\\\/\\\/moncompte.actu.fr&quot;,&quot;category&quot;:&quot;mon compte&quot;,&quot;from&quot;:&quot;article footer&quot;,&quot;name&quot;:&quot;Mon actu&quot;,&quot;type&quot;:&quot;cta&quot;}}\" target=\"_blank\">Mon Actu<\/a>.<\/p>\n","protected":false},"excerpt":{"rendered":"Par Nicolas Demollien Publi\u00e9 le 30 sept. 2025 \u00e0 10h06 L\u2019Universit\u00e9 catholique de Lille (Nord) organise son grand&hellip;\n","protected":false},"author":2,"featured_media":428182,"comment_status":"","ping_status":"","sticky":false,"template":"","format":"standard","meta":{"footnotes":""},"categories":[2815],"tags":[1111,11,1777,674,1011,27,811,1307,1652,12,25,21754],"class_list":{"0":"post-428181","1":"post","2":"type-post","3":"status-publish","4":"format-standard","5":"has-post-thumbnail","7":"category-lille","8":"tag-actu","9":"tag-actualites","10":"tag-eu","11":"tag-europe","12":"tag-fr","13":"tag-france","14":"tag-hauts-de-france","15":"tag-lille","16":"tag-loisirs-culture","17":"tag-news","18":"tag-republique-francaise","19":"tag-universite-catholique-de-lille"},"share_on_mastodon":{"url":"https:\/\/pubeurope.com\/@fr\/115292354997061067","error":""},"_links":{"self":[{"href":"https:\/\/www.europesays.com\/fr\/wp-json\/wp\/v2\/posts\/428181","targetHints":{"allow":["GET"]}}],"collection":[{"href":"https:\/\/www.europesays.com\/fr\/wp-json\/wp\/v2\/posts"}],"about":[{"href":"https:\/\/www.europesays.com\/fr\/wp-json\/wp\/v2\/types\/post"}],"author":[{"embeddable":true,"href":"https:\/\/www.europesays.com\/fr\/wp-json\/wp\/v2\/users\/2"}],"replies":[{"embeddable":true,"href":"https:\/\/www.europesays.com\/fr\/wp-json\/wp\/v2\/comments?post=428181"}],"version-history":[{"count":0,"href":"https:\/\/www.europesays.com\/fr\/wp-json\/wp\/v2\/posts\/428181\/revisions"}],"wp:featuredmedia":[{"embeddable":true,"href":"https:\/\/www.europesays.com\/fr\/wp-json\/wp\/v2\/media\/428182"}],"wp:attachment":[{"href":"https:\/\/www.europesays.com\/fr\/wp-json\/wp\/v2\/media?parent=428181"}],"wp:term":[{"taxonomy":"category","embeddable":true,"href":"https:\/\/www.europesays.com\/fr\/wp-json\/wp\/v2\/categories?post=428181"},{"taxonomy":"post_tag","embeddable":true,"href":"https:\/\/www.europesays.com\/fr\/wp-json\/wp\/v2\/tags?post=428181"}],"curies":[{"name":"wp","href":"https:\/\/api.w.org\/{rel}","templated":true}]}}