{"id":428183,"date":"2025-09-30T08:41:09","date_gmt":"2025-09-30T08:41:09","guid":{"rendered":"https:\/\/www.europesays.com\/fr\/428183\/"},"modified":"2025-09-30T08:41:09","modified_gmt":"2025-09-30T08:41:09","slug":"lemploye-dune-epicerie-de-nuit-tue-par-balle","status":"publish","type":"post","link":"https:\/\/www.europesays.com\/fr\/428183\/","title":{"rendered":"L\u2019employ\u00e9 d\u2019une \u00e9picerie de nuit tu\u00e9 par balle"},"content":{"rendered":"<p>Nouvel acte de violence sur fond de <a href=\"https:\/\/www.20minutes.fr\/dossier\/stupefiant\" class=\"c-link c-link--is-underlined\" target=\"_blank\" rel=\"noopener\">trafic de stup\u00e9fiants<\/a>. Cette fois-ci, c\u2019est dans le Nord que cela se passe, \u00e0 Lille. Un homme, employ\u00e9 d\u2019une \u00e9picerie de nuit situ\u00e9e dans le quartier populaire de <a href=\"https:\/\/www.20minutes.fr\/lille\/\" class=\"c-link c-link--is-underlined\" target=\"_blank\" rel=\"noopener\">Lille Sud<\/a>, a \u00e9t\u00e9 tu\u00e9 par balle dans la nuit de lundi \u00e0 mardi, a appris l\u2019AFP aupr\u00e8s de sources polici\u00e8res.<\/p>\n<p>Selon une source polici\u00e8re, la victime, \u00e2g\u00e9e d\u2019une trentaine d\u2019ann\u00e9es, a appel\u00e9 les secours apr\u00e8s minuit en expliquant qu\u2019on lui avait tir\u00e9 dessus. L\u2019employ\u00e9, touch\u00e9 au thorax, <a href=\"https:\/\/www.20minutes.fr\/faits_divers\/faits-divers-lille\/\" class=\"c-link c-link--is-underlined\" target=\"_blank\" rel=\"noopener\">a succomb\u00e9 \u00e0 ses blessures<\/a> sur place, a ajout\u00e9 cette source polici\u00e8re, pr\u00e9cisant qu\u2019il n\u2019y avait pas de t\u00e9moin de la sc\u00e8ne et qu\u2019aucune arme n\u2019a \u00e9t\u00e9 retrouv\u00e9e \u00e0 proximit\u00e9. Une douille a cependant \u00e9t\u00e9 d\u00e9couverte derri\u00e8re le comptoir de la sup\u00e9rette, mais son calibre n\u2019est pas encore connu, selon une autre source polici\u00e8re.<\/p>\n<p>\u00ab\u00a0Les trafics qui gangr\u00e8nent nos quartiers\u00a0\u00bb<\/p>\n<p>Le maire PS de Lille, Arnaud Deslandes, a \u00e9voqu\u00e9 un \u00ab\u00a0r\u00e8glement de comptes\u00a0\u00bb sur fond de trafic de drogue dans un communiqu\u00e9 de presse. \u00ab\u00a0Avec toute la gravit\u00e9 qu\u2019inspire cet <a href=\"https:\/\/www.20minutes.fr\/dossier\/homicide\" class=\"c-link c-link--is-underlined\" target=\"_blank\" rel=\"noopener\">homicide<\/a>, nous redemandons plus de policiers et les moyens d\u2019enqu\u00eate suffisants pour endiguer les trafics qui gangr\u00e8nent nos quartiers et mettent en danger nos habitants\u00a0\u00bb, a ajout\u00e9 le maire.<\/p>\n","protected":false},"excerpt":{"rendered":"Nouvel acte de violence sur fond de trafic de stup\u00e9fiants. Cette fois-ci, c\u2019est dans le Nord que cela&hellip;\n","protected":false},"author":2,"featured_media":428184,"comment_status":"","ping_status":"","sticky":false,"template":"","format":"standard","meta":{"footnotes":""},"categories":[2815],"tags":[1111,47,11,6376,215,1052,1067,1777,674,118,6711,1011,27,811,2683,1307,5107,12,1308,1309,293,25,4377,887,809],"class_list":{"0":"post-428183","1":"post","2":"type-post","3":"status-publish","4":"format-standard","5":"has-post-thumbnail","7":"category-lille","8":"tag-actu","9":"tag-actualite","10":"tag-actualites","11":"tag-armes","12":"tag-commerce","13":"tag-drogue","14":"tag-enquete","15":"tag-eu","16":"tag-europe","17":"tag-faits-divers","18":"tag-faits-divers-lille","19":"tag-fr","20":"tag-france","21":"tag-hauts-de-france","22":"tag-homicide","23":"tag-lille","24":"tag-maire","25":"tag-news","26":"tag-nord","27":"tag-nord-pas-de-calais","28":"tag-nuit","29":"tag-republique-francaise","30":"tag-stupefiant","31":"tag-trafic-de-drogue","32":"tag-violence"},"share_on_mastodon":{"url":"https:\/\/pubeurope.com\/@fr\/115292358853600693","error":""},"_links":{"self":[{"href":"https:\/\/www.europesays.com\/fr\/wp-json\/wp\/v2\/posts\/428183","targetHints":{"allow":["GET"]}}],"collection":[{"href":"https:\/\/www.europesays.com\/fr\/wp-json\/wp\/v2\/posts"}],"about":[{"href":"https:\/\/www.europesays.com\/fr\/wp-json\/wp\/v2\/types\/post"}],"author":[{"embeddable":true,"href":"https:\/\/www.europesays.com\/fr\/wp-json\/wp\/v2\/users\/2"}],"replies":[{"embeddable":true,"href":"https:\/\/www.europesays.com\/fr\/wp-json\/wp\/v2\/comments?post=428183"}],"version-history":[{"count":0,"href":"https:\/\/www.europesays.com\/fr\/wp-json\/wp\/v2\/posts\/428183\/revisions"}],"wp:featuredmedia":[{"embeddable":true,"href":"https:\/\/www.europesays.com\/fr\/wp-json\/wp\/v2\/media\/428184"}],"wp:attachment":[{"href":"https:\/\/www.europesays.com\/fr\/wp-json\/wp\/v2\/media?parent=428183"}],"wp:term":[{"taxonomy":"category","embeddable":true,"href":"https:\/\/www.europesays.com\/fr\/wp-json\/wp\/v2\/categories?post=428183"},{"taxonomy":"post_tag","embeddable":true,"href":"https:\/\/www.europesays.com\/fr\/wp-json\/wp\/v2\/tags?post=428183"}],"curies":[{"name":"wp","href":"https:\/\/api.w.org\/{rel}","templated":true}]}}