{"id":428189,"date":"2025-09-30T08:44:09","date_gmt":"2025-09-30T08:44:09","guid":{"rendered":"https:\/\/www.europesays.com\/fr\/428189\/"},"modified":"2025-09-30T08:44:09","modified_gmt":"2025-09-30T08:44:09","slug":"ou-trouver-les-produits-derives-de-la-celebre-souris-a-lyon","status":"publish","type":"post","link":"https:\/\/www.europesays.com\/fr\/428189\/","title":{"rendered":"o\u00f9 trouver les produits d\u00e9riv\u00e9s de la c\u00e9l\u00e8bre souris \u00e0 Lyon ?"},"content":{"rendered":"<p itemprop=\"description\"><strong>Les nostalgiques devraient \u00eatre au rendez-vous.<\/strong><\/p>\n<p>Elle \u00e9tait la souris star des cours de r\u00e9cr\u00e9ation dans les ann\u00e9es 2000. La marque Diddl est de retour. Blocs-notes parfum\u00e9s, journaux intimes, carnets, stylos, trousses, sacs \u00e0 dos ou encore peluches seront \u00e0 retrouver d\u00e8s ce mercredi 1er octobre.<\/p>\n<p>La <a href=\"https:\/\/diddlfrance.fr\/points-de-vente\/\" target=\"_blank\" rel=\"noopener\">liste des boutiques<\/a> o\u00f9 trouver cette collection \u00ab\u00a0Diddl is back\u00a0\u00bb a \u00e9t\u00e9 d\u00e9voil\u00e9e par Kontiki, la soci\u00e9t\u00e9 ayant fait connaitre la souris imagin\u00e9e par l\u2019illustrateur allemand Thomas Goletz.\u00a0<\/p>\n<p>A Lyon et dans le Rh\u00f4ne, une trentaine de points de vente vont distribuer les diff\u00e9rents produits de la marque ayant disparu en 2010 avant de faire son grand retour cette ann\u00e9e :<\/p>\n<p>-La Pap\u00e9th\u00e8que \u2013 Lyon Herriot (Lyon 1)<br \/>-Decitre Bellecour (Lyon 2)<br \/>-Joue Club Village (Lyon 2)<br \/>-Gibert Joseph Lyon (Lyon 2)<br \/>-Decitre Confluence (Lyon 2)<br \/>-Rougier&amp;Pl\u00e9 (Lyon 2)<br \/>-Decitre Part-Dieu (Lyon 3)<br \/>-La Grande R\u00e9cr\u00e9 (Lyon 3)<br \/>-King Jouet Boutique (Lyon 4)<br \/>-Temps libre (Lyon 4)<br \/>-La Pap\u00e9th\u00e8que \u2013 Lyon Foch (Lyon 6)<br \/>-Pirouette Cacahouete (Lyon 8)<br \/>-Librairie papeterie Fantasio (Villeurbanne)<br \/>-Bleu Griotte (Sainte-Foy-l\u00e8s-Lyon)<br \/>-Decitre Ecully (Ecully)<br \/>-La Puce \u00e0 l\u2019Oreille (Ecully)<br \/>-King Jouet Boutique (L\u2019Arbresle)<br \/>-Jou\u00e9Club (Belleville)<br \/>-Jou\u00e9Club (Craponne)<br \/>-La Grande R\u00e9cr\u00e9 (Villefranche-sur-Sa\u00f4ne)<br \/>-Jou\u00e9Club (Villefranche-sur-Sa\u00f4ne)<br \/>-Bureau Vall\u00e9e (Villefranche-sur-Sa\u00f4ne)<br \/>-Librairie Murmure des Mots (Brignais)<br \/>-Jou\u00e9Club (Saint-Symphorien-sur-Coise)<br \/>-La Grande R\u00e9cr\u00e9 (Givors)<br \/>-Bureau Vall\u00e9e (Givors)<br \/>-Jou\u00e9Club (Saint-Bonnet-de-Mure)<br \/>-La Grande R\u00e9cr\u00e9 (Limonest)<br \/>-Bureau Vall\u00e9e (Limonest)<br \/>-Espace Culturel Chaponnay (Chaponnay)<\/p>\n<blockquote class=\"instagram-media\" style=\"background: #FFF; border: 0; border-radius: 3px; box-shadow: 0 0 1px 0 rgba(0,0,0,0.5),0 1px 10px 0 rgba(0,0,0,0.15); margin: 1px; max-width: 540px; min-width: 326px; padding: 0; width: calc(100% - 2px);\" data-instgrm-captioned=\"\" data-instgrm-permalink=\"https:\/\/www.instagram.com\/p\/DPHRzeAjYHU\/?utm_source=ig_embed&amp;utm_campaign=loading\" data-instgrm-version=\"14\"><p>&#13;<br \/>\n&#13;\n<\/p><\/blockquote>\n<p>\t\t  <script async src=\"\/\/www.instagram.com\/embed.js\"><\/script><\/p>\n","protected":false},"excerpt":{"rendered":"Les nostalgiques devraient \u00eatre au rendez-vous. Elle \u00e9tait la souris star des cours de r\u00e9cr\u00e9ation dans les ann\u00e9es&hellip;\n","protected":false},"author":2,"featured_media":428190,"comment_status":"","ping_status":"","sticky":false,"template":"","format":"standard","meta":{"footnotes":""},"categories":[1889],"tags":[1111,11,2813,2190,2430,1109,251,1112,2811,1777,674,118,1294,4651,1011,27,1922,1110,1114,2428,4903,4902,12,241,316,25,2812,517,800],"class_list":{"0":"post-428189","1":"post","2":"type-post","3":"status-publish","4":"format-standard","5":"has-post-thumbnail","7":"category-lyon","8":"tag-actu","9":"tag-actualites","10":"tag-article","11":"tag-asvel","12":"tag-auvergne-rhone-alpes","13":"tag-breves","14":"tag-culture","15":"tag-depeches","16":"tag-economique","17":"tag-eu","18":"tag-europe","19":"tag-faits-divers","20":"tag-femme","21":"tag-femmes","22":"tag-fr","23":"tag-france","24":"tag-info","25":"tag-informations","26":"tag-infos","27":"tag-lyon","28":"tag-lyonfemme","29":"tag-lyonfemmes","30":"tag-news","31":"tag-ol","32":"tag-politique","33":"tag-republique-francaise","34":"tag-sociale","35":"tag-sport","36":"tag-transports"},"share_on_mastodon":{"url":"https:\/\/pubeurope.com\/@fr\/115292370699664834","error":""},"_links":{"self":[{"href":"https:\/\/www.europesays.com\/fr\/wp-json\/wp\/v2\/posts\/428189","targetHints":{"allow":["GET"]}}],"collection":[{"href":"https:\/\/www.europesays.com\/fr\/wp-json\/wp\/v2\/posts"}],"about":[{"href":"https:\/\/www.europesays.com\/fr\/wp-json\/wp\/v2\/types\/post"}],"author":[{"embeddable":true,"href":"https:\/\/www.europesays.com\/fr\/wp-json\/wp\/v2\/users\/2"}],"replies":[{"embeddable":true,"href":"https:\/\/www.europesays.com\/fr\/wp-json\/wp\/v2\/comments?post=428189"}],"version-history":[{"count":0,"href":"https:\/\/www.europesays.com\/fr\/wp-json\/wp\/v2\/posts\/428189\/revisions"}],"wp:featuredmedia":[{"embeddable":true,"href":"https:\/\/www.europesays.com\/fr\/wp-json\/wp\/v2\/media\/428190"}],"wp:attachment":[{"href":"https:\/\/www.europesays.com\/fr\/wp-json\/wp\/v2\/media?parent=428189"}],"wp:term":[{"taxonomy":"category","embeddable":true,"href":"https:\/\/www.europesays.com\/fr\/wp-json\/wp\/v2\/categories?post=428189"},{"taxonomy":"post_tag","embeddable":true,"href":"https:\/\/www.europesays.com\/fr\/wp-json\/wp\/v2\/tags?post=428189"}],"curies":[{"name":"wp","href":"https:\/\/api.w.org\/{rel}","templated":true}]}}