{"id":428193,"date":"2025-09-30T08:47:18","date_gmt":"2025-09-30T08:47:18","guid":{"rendered":"https:\/\/www.europesays.com\/fr\/428193\/"},"modified":"2025-09-30T08:47:18","modified_gmt":"2025-09-30T08:47:18","slug":"argenteuil-la-color-run-pour-soutenir-la-lutte-contre-le-cancer-du-sein","status":"publish","type":"post","link":"https:\/\/www.europesays.com\/fr\/428193\/","title":{"rendered":"Argenteuil : la Color Run pour soutenir la lutte contre le cancer du sein"},"content":{"rendered":"<p><img loading=\"lazy\" decoding=\"async\" alt=\"\u00a9Valentin Iannaccone - Ville d'Argenteuil - L'\u00e9dition 2024 de la Color Run \u00e0 Argenteuil.\" data-zoom-src=\"https:\/\/www.europesays.com\/fr\/wp-content\/uploads\/2025\/09\/initial-color-run-25-argeteuil.jpg\" data-zoomable=\"\" height=\"702\" src=\"https:\/\/www.europesays.com\/fr\/wp-content\/uploads\/2025\/09\/initial-color-run-25-argeteuil.jpg\" width=\"1248\"\/>  <\/p>\n<p class=\"article-desc\">\u00a9Valentin Iannaccone &#8211; Ville d&rsquo;Argenteuil &#8211; L&rsquo;\u00e9dition 2024 de la Color Run \u00e0 Argenteuil. <\/p>\n<p>La Ville <strong>d\u2019Argenteuil<\/strong> organise la 5\u1d49 \u00e9dition de la <a href=\"https:\/\/mesinfos.fr\/78700-conflans-sainte-honorine\/conflans-sainte-honorine-le-depart-de-la-5e-color-run-approche-220533.html\" rel=\"noopener nofollow\" target=\"_blank\">Color Run<\/a> le dimanche <strong>5 octobre<\/strong> prochain. Cette boucle courue ou march\u00e9e sous une pluie de poudre color\u00e9e, dans une ambiance festive, est, au-del\u00e0 d\u2019un moment sportif, un <strong>rendez-vous caritatif<\/strong> important, puisqu\u2019il s\u2019inscrit dans le cadre de la <strong>campagne nationale Octobre Rose<\/strong> pour la <strong>recherche contre le cancer du sein.\u00a0<\/strong> <\/p>\n<p>En effet, la Ville d\u2019Argenteuil sensibilise chaque ann\u00e9e ses habitants au <strong>d\u00e9pistage<\/strong> et \u00e0 la lutte contre le <a href=\"https:\/\/mesinfos.fr\/78600-maisons-laffitte\/hope-72h-pour-transformer-les-vies-de-femmes-touchees-par-le-cancer-217020.html\" rel=\"noopener nofollow\" target=\"_blank\">cancer <\/a>du sein. Avec plusieurs dizaines de nouveaux participants inscrits \u00e0 l\u2019\u00e9v\u00e9nement depuis 2019, la Color Run est devenue l\u2019un des rendez-vous caritatifs franciliens incontournables de l\u2019ann\u00e9e. Depuis six ans, l&rsquo;\u00e9v\u00e9nement a permis de collecter pr\u00e8s de 20 000 euros, revers\u00e9s en totalit\u00e9 \u00e0 la <strong>Ligue contre le cancer<\/strong> ainsi qu\u2019aux <strong>CCAS<\/strong>.\u00a0 <\/p>\n<p>Chaque inscription compte dans le soutien \u00e0 la recherche contre le cancer du sein\u00a0 <\/p>\n<p>L\u2019\u00e9v\u00e9nement, <strong>ouvert \u00e0 tous d\u00e8s 6 ans<\/strong>, propose un parcours de <strong>course sur 4 km<\/strong>, dans le parc des Cerisiers. \u00c0 chaque kilom\u00e8tre, une <strong>pluie de couleurs aux pigments naturels<\/strong> &#8211; bleu, jaune, vert et beaucoup de rose &#8211; viendra d\u00e9corer les participants tout au long du parcours.\u00a0 <\/p>\n<p>Cette course, ou cette marche, se fait sans chronom\u00e8tre ni classement, pour permettre \u00e0 chacun de <strong>participer \u00e0 son rythme<\/strong>. Le seul objectif : terminer le parcours le plus color\u00e9 possible.\u00a0 <\/p>\n<p>\u201c<strong>Chaque inscription est un geste solidaire<\/strong> au profit de la Ligue contre le cancer et du CCAS de la Ville\u201d, tiennent \u00e0 rappeler les organisateurs.\u00a0<\/p>\n<p> <img decoding=\"async\" alt=\"color run 2025\" class=\"img-align-center img-size-limited\" data-zoomable=\"\" height=\"930\" loading=\"lazy\" src=\"https:\/\/www.europesays.com\/fr\/wp-content\/uploads\/2025\/09\/affiche-color-run-2025-argenteuil.jpg\" width=\"628\"\/> \u00a9Ville d&rsquo;Argenteuil. <\/p>\n<p>\u00a0<\/p>\n<p>  Mammo Solidaire, Bus Coeur de Femmes, ateliers de sensibilisation\u2026une mobilisation toute l\u2019ann\u00e9e <\/p>\n<p>En Ile-de-France, la commune d\u2019Argenteuil est <strong>particuli\u00e8rement active dans la lutte contre le cancer du sein.<\/strong> Hormis la Color Run, elle organise <strong>plusieurs initiatives<\/strong> dans l\u2019ann\u00e9e, \u00e0 l\u2019instar du <strong>Mammo Solidaire<\/strong>, du <strong>Bus C\u0153ur de Femmes<\/strong>. Lors de la venue de ce dernier en 2024, plusieurs centaines de femmes ont suivi le parcours. <\/p>\n<p>La commune met \u00e9galement en place des <strong>ateliers de sensibilisation<\/strong> :\u00a0 <\/p>\n<ul>\n<li>\n<p>En 2023, lors du forum sant\u00e9 des femmes, plusieurs participantes ont pu r\u00e9aliser une mammographie et \u00eatre sensibilis\u00e9es \u00e0 l\u2019autosurveillance mammaire.\u00a0 <\/p>\n<\/li>\n<li>\n<p>L\u2019an dernier, les maisons de quartier de la ville ont accueilli la Ligue contre le cancer pour quatre ateliers de sensibilisation au d\u00e9pistage du cancer du sein et \u00e0 l\u2019autosurveillance.\u00a0 <\/p>\n<\/li>\n<\/ul>\n<p>Avec la Color Run, les participants peuvent <strong>s\u2019impliquer concr\u00e8tement<\/strong> dans la lutte contre le cancer du sein et <strong>contribuer<\/strong>, \u00e0 leur \u00e9chelle, aux <strong>progr\u00e8s de la recherche<\/strong>\u00a0 <\/p>\n<p><a href=\"https:\/\/forms.registration4all.com\/EventRegistration\/Register_Sport_Event.aspx?EventID=220583&amp;RORG=LSCAL\" rel=\"noopener nofollow\" target=\"_blank\">Les inscriptions sont ouvertes ici.\u00a0<\/a> <\/p>\n<p>Tarifs : adultes : 10\u20ac &#8211; enfants : 5\u20ac &#8211; groupes (d\u00e8s 5 personnes) : 6\u20ac. <\/p>\n<p>\u00a0<\/p>\n","protected":false},"excerpt":{"rendered":"\u00a9Valentin Iannaccone &#8211; Ville d&rsquo;Argenteuil &#8211; L&rsquo;\u00e9dition 2024 de la Color Run \u00e0 Argenteuil. La Ville d\u2019Argenteuil organise&hellip;\n","protected":false},"author":2,"featured_media":428194,"comment_status":"","ping_status":"","sticky":false,"template":"","format":"standard","meta":{"footnotes":""},"categories":[1592],"tags":[1111,11,101,1777,674,1011,27,662,12,626,25],"class_list":{"0":"post-428193","1":"post","2":"type-post","3":"status-publish","4":"format-standard","5":"has-post-thumbnail","7":"category-ile-de-france","8":"tag-actu","9":"tag-actualites","10":"tag-cancer","11":"tag-eu","12":"tag-europe","13":"tag-fr","14":"tag-france","15":"tag-ile-de-france","16":"tag-news","17":"tag-paris","18":"tag-republique-francaise"},"share_on_mastodon":{"url":"https:\/\/pubeurope.com\/@fr\/115292382968024752","error":""},"_links":{"self":[{"href":"https:\/\/www.europesays.com\/fr\/wp-json\/wp\/v2\/posts\/428193","targetHints":{"allow":["GET"]}}],"collection":[{"href":"https:\/\/www.europesays.com\/fr\/wp-json\/wp\/v2\/posts"}],"about":[{"href":"https:\/\/www.europesays.com\/fr\/wp-json\/wp\/v2\/types\/post"}],"author":[{"embeddable":true,"href":"https:\/\/www.europesays.com\/fr\/wp-json\/wp\/v2\/users\/2"}],"replies":[{"embeddable":true,"href":"https:\/\/www.europesays.com\/fr\/wp-json\/wp\/v2\/comments?post=428193"}],"version-history":[{"count":0,"href":"https:\/\/www.europesays.com\/fr\/wp-json\/wp\/v2\/posts\/428193\/revisions"}],"wp:featuredmedia":[{"embeddable":true,"href":"https:\/\/www.europesays.com\/fr\/wp-json\/wp\/v2\/media\/428194"}],"wp:attachment":[{"href":"https:\/\/www.europesays.com\/fr\/wp-json\/wp\/v2\/media?parent=428193"}],"wp:term":[{"taxonomy":"category","embeddable":true,"href":"https:\/\/www.europesays.com\/fr\/wp-json\/wp\/v2\/categories?post=428193"},{"taxonomy":"post_tag","embeddable":true,"href":"https:\/\/www.europesays.com\/fr\/wp-json\/wp\/v2\/tags?post=428193"}],"curies":[{"name":"wp","href":"https:\/\/api.w.org\/{rel}","templated":true}]}}