{"id":428195,"date":"2025-09-30T08:48:14","date_gmt":"2025-09-30T08:48:14","guid":{"rendered":"https:\/\/www.europesays.com\/fr\/428195\/"},"modified":"2025-09-30T08:48:14","modified_gmt":"2025-09-30T08:48:14","slug":"le-rn-ne-censurera-pas-le-gouvernement-de-sebastien-lecornu-si-le-budget-contient-des-baisses-dimpots-et-de-depenses-annonce-jean-philippe-tanguy","status":"publish","type":"post","link":"https:\/\/www.europesays.com\/fr\/428195\/","title":{"rendered":"Le RN ne censurera pas le gouvernement de S\u00e9bastien Lecornu si le budget contient des baisses d&rsquo;imp\u00f4ts et de d\u00e9penses, annonce Jean-Philippe Tanguy"},"content":{"rendered":"\n<p class=\"c-chapo \">\n  Le Premier ministre a affirm\u00e9 que son futur gouvernement ferait des \u00ab\u00a0propositions\u00a0\u00bb de baisse d&rsquo;imp\u00f4ts notamment en faveur du travail et que \u00ab\u00a0tout d\u00e9bat sur la fiscalit\u00e9 doit aller de pair avec la baisse r\u00e9elle des d\u00e9penses publiques\u00a0\u00bb.\n<\/p>\n<p>      lire plus tard<\/p>\n<p id=\"dialog__title\" class=\"dialog__title\">Pour sauvegarder cet article, connectez-vous ou cr\u00e9ez un compte franceinfo<\/p>\n<p class=\"dialog__description\">Sans paiement. Sans abonnement.<\/p>\n<p>        Fermer la fen\u00eatre d\u2019activation des notifications France Info<\/p>\n<p>      cr\u00e9er votre compte<\/p>\n<p>      se connecter<\/p>\n<p>        Fermer la fen\u00eatre de pr\u00e9sentation<\/p>\n<p>    <img loading=\"lazy\" decoding=\"async\" class=\"signature__image lazyload\" width=\"100\" height=\"100\" data- alt=\"\" src=\"https:\/\/www.europesays.com\/fr\/wp-content\/uploads\/2025\/05\/64a68815cd1a7_placeholder-36b69ec8.png\"\/><\/p>\n<p>    Publi\u00e9 le 30\/09\/2025 09:17<\/p>\n<p>        Temps de lecture : 1min<\/p>\n<p>    <img decoding=\"async\"  alt=\"A Paris, le 8 septembre 2025, Jean-Philippe Tanguy, d\u00e9put\u00e9 du groupe Rassemblement national, s'adresse aux journalistes \u00e0 l'Assembl\u00e9e nationale. (TELMO PINTO \/ NURPHOTO)\" width=\"432\" height=\"243\" src=\"https:\/\/www.europesays.com\/fr\/wp-content\/uploads\/2025\/09\/075-pinto-sessiono250908-npsvy-68db8094d2ea0778272329.jpg\" fetchpriority=\"high\"\/><\/p>\n<p>      A Paris, le 8 septembre 2025, Jean-Philippe Tanguy, d\u00e9put\u00e9 du groupe Rassemblement national, s&rsquo;adresse aux journalistes \u00e0 l&rsquo;Assembl\u00e9e nationale. (TELMO PINTO \/ NURPHOTO)<\/p>\n<p>Le Rassemblement national ne censurera pas le <a href=\"https:\/\/www.franceinfo.fr\/politique\/gouvernement-de-sebastien-lecornu\/dernieres-consultations-budget-2026-mobilisation-sociale-la-semaine-tres-chargee-de-sebastien-lecornu_7521124.html\" rel=\"nofollow noopener\" target=\"_blank\">gouvernement de S\u00e9bastien Lecornu<\/a> sur le budget si celui-ci comprend des baisses d&rsquo;imp\u00f4ts et des baisses de d\u00e9penses, a assur\u00e9 mardi 30 septembre le d\u00e9put\u00e9 Jean-Philippe Tanguy qui cependant n&rsquo;y croit pas. \u00ab\u00a0Si on fait ce qu&rsquo;on demande, on ne censure pas pour censurer (&#8230;) Donc s&rsquo;il y a des baisses d&rsquo;imp\u00f4ts sur les classes moyennes et populaires, des baisses d&rsquo;imp\u00f4ts sur ceux qui travaillent et des baisses de d\u00e9penses \u00e0 c\u00f4t\u00e9, ce sera miraculeux\u00a0\u00bb, a d\u00e9clar\u00e9 Jean-Philippe Tanguy sur <a href=\"https:\/\/www.tf1info.fr\/politique\/budget-2026-le-rn-pret-a-ne-pas-censurer-s-il-y-a-des-baisses-d-impots-et-de-depenses-2397631.html\" target=\"_blank\" rel=\"noopener nofollow\">TF1<\/a>.<\/p>\n<p>S\u00e9bastien Lecornu a affirm\u00e9 lors d&rsquo;une r\u00e9union lundi avec ses alli\u00e9s du \u00ab\u00a0socle commun\u00a0\u00bb que son futur gouvernement ferait <a href=\"https:\/\/www.franceinfo.fr\/politique\/gouvernement-de-sebastien-lecornu\/sebastien-lecornu-est-favorable-a-ce-que-certains-impots-diminuent-en-faveur-du-travail_7521604.html\" rel=\"nofollow noopener\" target=\"_blank\">des \u00ab\u00a0propositions\u00a0\u00bb de baisse d&rsquo;imp\u00f4ts<\/a> notamment en faveur du travail et que \u00ab\u00a0tout d\u00e9bat sur la fiscalit\u00e9 doit aller de pair avec la baisse r\u00e9elle des d\u00e9penses publiques\u00a0\u00bb. Mais Jean-Philippe Tanguy s&rsquo;est dit \u00ab\u00a0tr\u00e8s pessimiste sur la capacit\u00e9 des macronistes de les r\u00e9aliser [ces annonces] puisque chaque ann\u00e9e ils nous font les m\u00eames promesses et chaque ann\u00e9e les m\u00eames sales coups, \u00e0 savoir finalement augmenter les imp\u00f4ts pour tout le monde et surtout ne jamais faire d&rsquo;\u00e9conomies\u00a0\u00bb.<\/p>\n<p>Depuis des semaines, le RN plaide inlassablement pour une nouvelle dissolution, ce qui le pousse \u00e0 vouloir censurer le gouvernement Lecornu. Mais en ayant laiss\u00e9 entendre \u00e0 l&rsquo;avance cette censure, cela le met \u00e0 l&rsquo;\u00e9cart des n\u00e9gociations et place<a href=\"https:\/\/www.franceinfo.fr\/politique\/gouvernement-de-sebastien-lecornu\/le-socialiste-olivier-faure-reclame-une-copie-complete-du-budget-a-sebastien-lecornu-lors-de-leur-rencontre-vendredi-a-matignon_7520941.html\" rel=\"nofollow noopener\" target=\"_blank\"> au centre du jeu les socialistes<\/a> dont les voix deviennent du coup indispensables au gouvernement Lecornu pour ne pas chuter. Une non-censure du RN permettrait cependant elle aussi le maintien du gouvernement.<\/p>\n","protected":false},"excerpt":{"rendered":"Le Premier ministre a affirm\u00e9 que son futur gouvernement ferait des \u00ab\u00a0propositions\u00a0\u00bb de baisse d&rsquo;imp\u00f4ts notamment en faveur&hellip;\n","protected":false},"author":2,"featured_media":428196,"comment_status":"","ping_status":"","sticky":false,"template":"","format":"standard","meta":{"footnotes":""},"categories":[1888],"tags":[1111,1928,11,1927,1777,674,1011,27,12,1926,626,1925,25],"class_list":{"0":"post-428195","1":"post","2":"type-post","3":"status-publish","4":"format-standard","5":"has-post-thumbnail","7":"category-paris","8":"tag-actu","9":"tag-actu-paris","10":"tag-actualites","11":"tag-actualites-paris","12":"tag-eu","13":"tag-europe","14":"tag-fr","15":"tag-france","16":"tag-news","17":"tag-news-paris","18":"tag-paris","19":"tag-paris-news","20":"tag-republique-francaise"},"share_on_mastodon":{"url":"https:\/\/pubeurope.com\/@fr\/115292386626436417","error":""},"_links":{"self":[{"href":"https:\/\/www.europesays.com\/fr\/wp-json\/wp\/v2\/posts\/428195","targetHints":{"allow":["GET"]}}],"collection":[{"href":"https:\/\/www.europesays.com\/fr\/wp-json\/wp\/v2\/posts"}],"about":[{"href":"https:\/\/www.europesays.com\/fr\/wp-json\/wp\/v2\/types\/post"}],"author":[{"embeddable":true,"href":"https:\/\/www.europesays.com\/fr\/wp-json\/wp\/v2\/users\/2"}],"replies":[{"embeddable":true,"href":"https:\/\/www.europesays.com\/fr\/wp-json\/wp\/v2\/comments?post=428195"}],"version-history":[{"count":0,"href":"https:\/\/www.europesays.com\/fr\/wp-json\/wp\/v2\/posts\/428195\/revisions"}],"wp:featuredmedia":[{"embeddable":true,"href":"https:\/\/www.europesays.com\/fr\/wp-json\/wp\/v2\/media\/428196"}],"wp:attachment":[{"href":"https:\/\/www.europesays.com\/fr\/wp-json\/wp\/v2\/media?parent=428195"}],"wp:term":[{"taxonomy":"category","embeddable":true,"href":"https:\/\/www.europesays.com\/fr\/wp-json\/wp\/v2\/categories?post=428195"},{"taxonomy":"post_tag","embeddable":true,"href":"https:\/\/www.europesays.com\/fr\/wp-json\/wp\/v2\/tags?post=428195"}],"curies":[{"name":"wp","href":"https:\/\/api.w.org\/{rel}","templated":true}]}}