{"id":428204,"date":"2025-09-30T08:53:14","date_gmt":"2025-09-30T08:53:14","guid":{"rendered":"https:\/\/www.europesays.com\/fr\/428204\/"},"modified":"2025-09-30T08:53:14","modified_gmt":"2025-09-30T08:53:14","slug":"le-recul-de-vladimir-poutine-aux-confins-de-son-empire","status":"publish","type":"post","link":"https:\/\/www.europesays.com\/fr\/428204\/","title":{"rendered":"\u00abLe recul de Vladimir Poutine aux confins de son empire\u00bb"},"content":{"rendered":"<p><strong>CHRONIQUE <\/strong>&#8211; Lorsqu\u2019un pays d\u00e9clenche une guerre et qu\u2019il se montre incapable de la gagner, son influence dans le monde y subit toujours un fort d\u00e9clin.<\/p>\n<p class=\"fig-paragraph\">Il n\u2019est pas du tout s\u00fbr que le vaste\u00a0<a href=\"http:\/\/www.lefigaro.fr\/international\/cinq-morts-en-ukraine-et-deux-en-russie-dans-des-frappes-croisees-20250810\" data-fig-type=\"NewsFlash\" data-gtm-custom-categorie=\"navigation\" data-gtm-custom-action=\"crossclick\" data-gtm-custom-label=\"Contextuel\" data-gtm-event=\"customEventSPE\" data-fig-domain=\"LEFIGARO\" target=\"_blank\" rel=\"noopener\">bombardement de l\u2019Ukraine par la Russie<\/a>, dans la nuit du 27 au 28\u00a0septembre 2025 \u2013 une invasion a\u00e9rienne de quelque 600 drones \u2013 aura avanc\u00e9 un tant soit peu les affaires militaires du Kremlin. C\u2019est un instrument de la guerre d\u2019usure de<a href=\"http:\/\/www.lefigaro.fr\/vox\/monde\/laure-mandeville-l-otan-face-au-poker-menteur-de-vladimir-poutine-20250926\" data-fig-type=\"Article\" data-gtm-custom-categorie=\"navigation\" data-gtm-custom-action=\"crossclick\" data-gtm-custom-label=\"Contextuel\" data-gtm-event=\"customEventSPE\" data-fig-domain=\"LEFIGARO\" target=\"_blank\" rel=\"noopener\">\u00a0Vladimir Poutine\u00a0<\/a>visant \u00e0 faire craquer le moral de la population du pays voisin. Cela ne semble pas marcher. Les Ukrainiens sont une large majorit\u00e9 \u00e0 refuser de c\u00e9der sur leur libert\u00e9 et leur ind\u00e9pendance\u00a0; ils conservent leur confiance au pr\u00e9sident Zelensky. Le blitz de Goering contre Londres, \u00e0 l\u2019automne 1940, avait eu, lui aussi, un effet contre-productif, soudant les Britanniques autour de Churchill.<\/p>\n<p class=\"fig-paragraph\">\u00c0 l\u2019ext\u00e9rieur de leurs fronti\u00e8res, les forces arm\u00e9es russes ne progressent que tr\u00e8s lentement. \u00c0 l\u2019int\u00e9rieur, elles ne sont pas capables d\u2019emp\u00eacher les drones ukrainiens de d\u00e9truire, une par une, les installations \u00e9nerg\u00e9tiques russes \u2013 raffineries mais aussi stations de pompage des pipelines. En mer Noire, les navires\u2026<\/p>\n<p class=\"fig-premium-paywall__infos\">\n        Cet article est r\u00e9serv\u00e9 aux abonn\u00e9s.        Il vous reste 83% \u00e0 d\u00e9couvrir.\n    <\/p>\n<p>                <img  data- alt=\"Le Figaro\" class=\"fig-img--complete fig-img\"\/><\/p>\n<p class=\"fig-premium-paywall__title\">Vous avez envie de lire la suite ?<\/p>\n<p class=\"fig-premium-paywall__subtitle\">D\u00e9bloquez tous les articles imm\u00e9diatement.<\/p>\n<p class=\"fig-premium-paywall__connect\">\n                D\u00e9j\u00e0 abonn\u00e9\u00a0?                <a class=\"fig-premium-paywall__connect-link\" href=\"https:\/\/connect.lefigaro.fr\/login?client=horizon_web&amp;type=main&amp;redirect_uri=https%3A%2F%2Fwww.lefigaro.fr%2Fvox%2Fmonde%2Frenaud-girard-le-recul-de-poutine-aux-confins-de-son-empire-20250930\" data-js-gtm=\"{&quot;customCategorie&quot;: &quot;conversion&quot;, &quot;customAction&quot;: &quot;before_Landing_Connexion_paywall_auto&quot;, &quot;customLabel&quot;: &quot;bGVmaWdhcm8uZnJfXzFmMDlkNTI0LWJlMzAtNjY4ZS04YWM0LTFkYzFjNmI3ZjA4ZF9fQXJ0aWNsZQ==_Renaud Girard\u00a0: \u00abLe recul de Vladimir Poutine aux confins de son empire\u00bb_316&quot;, &quot;customIDSPE&quot;: &quot;bGVmaWdhcm8uZnJfXzFmMDlkNTI0LWJlMzAtNjY4ZS04YWM0LTFkYzFjNmI3ZjA4ZF9fQXJ0aWNsZQ==&quot;, &quot;event&quot;: &quot;customEventSPE&quot;}\" target=\"_blank\" rel=\"noopener\"><br \/>\n                    Connectez-vous<br \/>\n                <\/a>\n            <\/p>\n","protected":false},"excerpt":{"rendered":"CHRONIQUE &#8211; Lorsqu\u2019un pays d\u00e9clenche une guerre et qu\u2019il se montre incapable de la gagner, son influence dans&hellip;\n","protected":false},"author":2,"featured_media":428205,"comment_status":"","ping_status":"","sticky":false,"template":"","format":"standard","meta":{"footnotes":""},"categories":[1590],"tags":[11,1777,674,11095,12,132,220,135],"class_list":{"0":"post-428204","1":"post","2":"type-post","3":"status-publish","4":"format-standard","5":"has-post-thumbnail","7":"category-ukraine","8":"tag-actualites","9":"tag-eu","10":"tag-europe","11":"tag-moldavie","12":"tag-news","13":"tag-russie","14":"tag-ukraine","15":"tag-vladimir-poutine"},"share_on_mastodon":{"url":"https:\/\/pubeurope.com\/@fr\/115292406077881264","error":""},"_links":{"self":[{"href":"https:\/\/www.europesays.com\/fr\/wp-json\/wp\/v2\/posts\/428204","targetHints":{"allow":["GET"]}}],"collection":[{"href":"https:\/\/www.europesays.com\/fr\/wp-json\/wp\/v2\/posts"}],"about":[{"href":"https:\/\/www.europesays.com\/fr\/wp-json\/wp\/v2\/types\/post"}],"author":[{"embeddable":true,"href":"https:\/\/www.europesays.com\/fr\/wp-json\/wp\/v2\/users\/2"}],"replies":[{"embeddable":true,"href":"https:\/\/www.europesays.com\/fr\/wp-json\/wp\/v2\/comments?post=428204"}],"version-history":[{"count":0,"href":"https:\/\/www.europesays.com\/fr\/wp-json\/wp\/v2\/posts\/428204\/revisions"}],"wp:featuredmedia":[{"embeddable":true,"href":"https:\/\/www.europesays.com\/fr\/wp-json\/wp\/v2\/media\/428205"}],"wp:attachment":[{"href":"https:\/\/www.europesays.com\/fr\/wp-json\/wp\/v2\/media?parent=428204"}],"wp:term":[{"taxonomy":"category","embeddable":true,"href":"https:\/\/www.europesays.com\/fr\/wp-json\/wp\/v2\/categories?post=428204"},{"taxonomy":"post_tag","embeddable":true,"href":"https:\/\/www.europesays.com\/fr\/wp-json\/wp\/v2\/tags?post=428204"}],"curies":[{"name":"wp","href":"https:\/\/api.w.org\/{rel}","templated":true}]}}