{"id":428219,"date":"2025-09-30T09:01:11","date_gmt":"2025-09-30T09:01:11","guid":{"rendered":"https:\/\/www.europesays.com\/fr\/428219\/"},"modified":"2025-09-30T09:01:11","modified_gmt":"2025-09-30T09:01:11","slug":"la-france-a-la-recherche-de-la-consommation-perdue","status":"publish","type":"post","link":"https:\/\/www.europesays.com\/fr\/428219\/","title":{"rendered":"la France \u00e0 la recherche de la consommation perdue"},"content":{"rendered":"<p><strong>D\u00c9CRYPTAGE &#8211;<\/strong> Alors que l\u2019inflation a consid\u00e9rablement ralenti et que le pouvoir d\u2019achat augmente, la consommation des m\u00e9nages en biens se maintient \u00e0 un niveau beaucoup plus faible qu\u2019avant la crise sanitaire. La faute \u00e0 l\u2019incertitude politique, mais pas seulement.<\/p>\n<p class=\"fig-paragraph\">Le retour\u00a0<a href=\"http:\/\/www.lefigaro.fr\/conso\/les-francais-n-ont-pas-le-moral-la-possible-chute-du-gouvernement-un-nouveau-coup-dur-pour-la-consommation-20250902\" data-fig-type=\"Article\" data-gtm-custom-categorie=\"navigation\" data-gtm-custom-action=\"crossclick\" data-gtm-custom-label=\"Contextuel\" data-gtm-event=\"customEventSPE\" data-fig-domain=\"LEFIGARO\" rel=\"nofollow noopener\" target=\"_blank\">de la consommation<\/a>\u00a0en France est comme Godot dans la pi\u00e8ce de Samuel Beckett\u00a0: on en parle beaucoup, on l\u2019esp\u00e8re mais jamais on ne le voit. En ao\u00fbt, la consommation des m\u00e9nages en biens a marqu\u00e9 un timide rebond de 0,1 point, \u00e0 46,089 milliards d\u2019euros, selon les donn\u00e9es publi\u00e9es par l\u2019Insee ce mardi. La reprise est surtout marqu\u00e9e dans l\u2019habillement-textile \u00abdu fait d\u2019une hausse des d\u00e9penses d\u2019habillement\u00bb, mais les autres biens, fabriqu\u00e9s ou alimentaires, sont stables. Dans l\u2019ensemble, cependant, la tendance g\u00e9n\u00e9rale reste moins bonne qu\u2019avant la crise sanitaire. Alors qu\u2019elle stagne autour de 46 milliards d\u2019euros chaque mois depuis fin 2022, elle \u00e9voluait aux alentours des 48 milliards entre 2017 et d\u00e9but 2020, avant la chute abyssale li\u00e9e au confinement (32,4 milliards en avril).<\/p>\n<p class=\"fig-paragraph\">Or, cela fait plusieurs ann\u00e9es maintenant que Bercy et les grandes institutions comme l\u2019Insee ou\u00a0<a href=\"http:\/\/www.lefigaro.fr\/conjoncture\/il-n-y-a-pas-d-impot-magique-le-gouverneur-de-la-banque-de-france-critique-la-taxe-zucman-20250916\" data-fig-type=\"NewsFlash\" data-gtm-custom-categorie=\"navigation\" data-gtm-custom-action=\"crossclick\" data-gtm-custom-label=\"Contextuel\" data-gtm-event=\"customEventSPE\" data-fig-domain=\"LEFIGARO\" rel=\"nofollow noopener\" target=\"_blank\">la Banque de France<\/a>, tablent sur une reprise des achats de biens. \u00ab\u00a0On attend un rebond de la consommation en 2025 et 2026\u00a0\u00bb, confiait encore en juin dernier un membre du cabinet d\u2019\u00c9ric Lombard, ministre de l\u2019\u00c9conomie sortant. Un sursaut qui se fait toujours attendre. La croissance du pays en aurait pourtant bien besoin,\u00a0<a href=\"http:\/\/www.lefigaro.fr\/conjoncture\/la-banque-de-france-revoit-a-la-hausse-la-prevision-de-croissance-de-0-1-point-20250915\" data-fig-type=\"NewsFlash\" data-gtm-custom-categorie=\"navigation\" data-gtm-custom-action=\"crossclick\" data-gtm-custom-label=\"Contextuel\" data-gtm-event=\"customEventSPE\" data-fig-domain=\"LEFIGARO\" rel=\"nofollow noopener\" target=\"_blank\">elle qui devrait \u00eatre de 0,7% en 2025 selon la Banque de France<\/a>, et de 0,8% selon l\u2019Insee. Une am\u00e9lioration, certes, par rapport \u00e0 leurs pr\u00e9c\u00e9dentes pr\u00e9visions, toutes deux \u00e0 0,6%, mais un rythme toujours poussif. L\u2019activit\u00e9 \u00e9conomique progresserait ensuite l\u00e9g\u00e8rement, selon la Banque de France, pour\u2026<\/p>\n<p class=\"fig-premium-paywall__infos\">\n        Cet article est r\u00e9serv\u00e9 aux abonn\u00e9s.        Il vous reste 81% \u00e0 d\u00e9couvrir.\n    <\/p>\n<p>                <img  data- alt=\"Le Figaro\" class=\"fig-img--complete fig-img\"\/><\/p>\n<p class=\"fig-premium-paywall__title\">Vous avez envie de lire la suite ?<\/p>\n<p class=\"fig-premium-paywall__subtitle\">D\u00e9bloquez tous les articles imm\u00e9diatement.<\/p>\n<p class=\"fig-premium-paywall__connect\">\n                D\u00e9j\u00e0 abonn\u00e9\u00a0?                <a class=\"fig-premium-paywall__connect-link\" href=\"https:\/\/connect.lefigaro.fr\/login?client=horizon_web&amp;type=main&amp;redirect_uri=https%3A%2F%2Fwww.lefigaro.fr%2Fconjoncture%2Fles-gens-evitent-les-hausses-de-prix-la-france-a-la-recherche-de-la-consommation-perdue-20250930\" data-js-gtm=\"{&quot;customCategorie&quot;: &quot;conversion&quot;, &quot;customAction&quot;: &quot;before_Landing_Connexion_paywall_manuel&quot;, &quot;customLabel&quot;: &quot;bGVmaWdhcm8uZnJfXzFmMDlkNGRmLTQ1ZDktNmRjNC1hNDg1LWY5MzIxMjRkNzIyZl9fTmV3c0ZsYXNo_\u00abLes gens \u00e9vitent les hausses de prix\u00bb\u00a0: la France \u00e0 la recherche de la consommation perdue_722&quot;, &quot;customIDSPE&quot;: &quot;bGVmaWdhcm8uZnJfXzFmMDlkNGRmLTQ1ZDktNmRjNC1hNDg1LWY5MzIxMjRkNzIyZl9fTmV3c0ZsYXNo&quot;, &quot;event&quot;: &quot;customEventSPE&quot;}\" rel=\"nofollow noopener\" target=\"_blank\"><br \/>\n                    Connectez-vous<br \/>\n                <\/a>\n            <\/p>\n","protected":false},"excerpt":{"rendered":"D\u00c9CRYPTAGE &#8211; Alors que l\u2019inflation a consid\u00e9rablement ralenti et que le pouvoir d\u2019achat augmente, la consommation des m\u00e9nages&hellip;\n","protected":false},"author":2,"featured_media":428220,"comment_status":"","ping_status":"","sticky":false,"template":"","format":"standard","meta":{"footnotes":""},"categories":[4],"tags":[11,130,1011,27,12,25],"class_list":{"0":"post-428219","1":"post","2":"type-post","3":"status-publish","4":"format-standard","5":"has-post-thumbnail","7":"category-france","8":"tag-actualites","9":"tag-consommation","10":"tag-fr","11":"tag-france","12":"tag-news","13":"tag-republique-francaise"},"share_on_mastodon":{"url":"https:\/\/pubeurope.com\/@fr\/115292437555880995","error":""},"_links":{"self":[{"href":"https:\/\/www.europesays.com\/fr\/wp-json\/wp\/v2\/posts\/428219","targetHints":{"allow":["GET"]}}],"collection":[{"href":"https:\/\/www.europesays.com\/fr\/wp-json\/wp\/v2\/posts"}],"about":[{"href":"https:\/\/www.europesays.com\/fr\/wp-json\/wp\/v2\/types\/post"}],"author":[{"embeddable":true,"href":"https:\/\/www.europesays.com\/fr\/wp-json\/wp\/v2\/users\/2"}],"replies":[{"embeddable":true,"href":"https:\/\/www.europesays.com\/fr\/wp-json\/wp\/v2\/comments?post=428219"}],"version-history":[{"count":0,"href":"https:\/\/www.europesays.com\/fr\/wp-json\/wp\/v2\/posts\/428219\/revisions"}],"wp:featuredmedia":[{"embeddable":true,"href":"https:\/\/www.europesays.com\/fr\/wp-json\/wp\/v2\/media\/428220"}],"wp:attachment":[{"href":"https:\/\/www.europesays.com\/fr\/wp-json\/wp\/v2\/media?parent=428219"}],"wp:term":[{"taxonomy":"category","embeddable":true,"href":"https:\/\/www.europesays.com\/fr\/wp-json\/wp\/v2\/categories?post=428219"},{"taxonomy":"post_tag","embeddable":true,"href":"https:\/\/www.europesays.com\/fr\/wp-json\/wp\/v2\/tags?post=428219"}],"curies":[{"name":"wp","href":"https:\/\/api.w.org\/{rel}","templated":true}]}}